{"id":161877,"date":"2022-10-28T19:45:48","date_gmt":"2022-10-28T16:45:48","guid":{"rendered":"https:\/\/www.enerjigazetesi.ist\/?p=161877"},"modified":"2022-10-28T19:48:51","modified_gmt":"2022-10-28T16:48:51","slug":"turkiye-kalkinma-bankasi-dusuk-karbonlu-ekonomiye-gecisi-destekliyor","status":"publish","type":"post","link":"https:\/\/www.enerjigazetesi.ist\/en\/turkiye-kalkinma-bankasi-dusuk-karbonlu-ekonomiye-gecisi-destekliyor\/","title":{"rendered":"(Turkish) &#8217;T\u00fcrkiye Kalk\u0131nma Bankas\u0131&#8217; D\u00fc\u015f\u00fck Karbonlu Ekonomiye Ge\u00e7i\u015fi Destekliyor"},"content":{"rendered":"<p class=\"qtranxs-available-languages-message qtranxs-available-languages-message-en\">Sorry, this entry is only available in <a href=\"https:\/\/www.enerjigazetesi.ist\/tr\/wp-json\/wp\/v2\/posts\/161877\" class=\"qtranxs-available-language-link qtranxs-available-language-link-tr\" title=\"Turkish\">Turkish<\/a>. For the sake of viewer convenience, the content is shown below in the alternative language. You may click the link to switch the active language.<\/p><p><\/p>\n<h2><strong>Y\u0131l\u0131n 3&#8217;\u00fcnc\u00fc \u00e7eyre\u011finde s\u00fcrd\u00fcr\u00fclebilir b\u00fcy\u00fcmesini s\u00fcrd\u00fcren Banka, <\/strong><strong>1,2 milyar TL<\/strong><strong> net kar elde etti\u011fini a\u00e7\u0131klad\u0131.<\/strong><\/h2>\n<p><strong>T\u00fcrkiye Kalk\u0131nma ve Yat\u0131r\u0131m Bankas\u0131<\/strong>, 2022 y\u0131l\u0131<strong> 3&#8217;\u00fcnc\u00fc \u00e7eyrek finansal sonu\u00e7lar\u0131n\u0131<\/strong> a\u00e7\u0131klad\u0131. Banka bu y\u0131l\u0131n<strong> Ocak &#8211; Eyl\u00fcl d\u00f6neminde<\/strong> aktiflerini bir \u00f6nceki y\u0131l\u0131n ayn\u0131 d\u00f6nemine g\u00f6re<strong> % 131<\/strong>, 2<strong>021 y\u0131l sonuna<\/strong> g\u00f6re <strong>% 63<\/strong> art\u0131rarak<strong> 79 milyar TL<\/strong>\u2019ye y\u00fckseltti. Bankan\u0131n kredilerinin tutar\u0131, 2021 y\u0131l\u0131 sonuna g\u00f6re <strong>% 47<\/strong>, bir \u00f6nceki y\u0131l\u0131n ayn\u0131 d\u00f6nemine g\u00f6re <strong>% 119<\/strong>\u2019luk art\u0131\u015f g\u00f6stererek<strong> 55<\/strong> <strong>milyar TL<\/strong>&#8216;ye <img loading=\"lazy\" class=\"alignright wp-image-161883\" src=\"https:\/\/www.enerjigazetesi.ist\/wp-content\/uploads\/2022\/10\/01-1.jpg\" alt=\"\" width=\"270\" height=\"325\" srcset=\"https:\/\/www.enerjigazetesi.ist\/wp-content\/uploads\/2022\/10\/01-1.jpg 484w, https:\/\/www.enerjigazetesi.ist\/wp-content\/uploads\/2022\/10\/01-1-249x300.jpg 249w, https:\/\/www.enerjigazetesi.ist\/wp-content\/uploads\/2022\/10\/01-1-333x400.jpg 333w, https:\/\/www.enerjigazetesi.ist\/wp-content\/uploads\/2022\/10\/01-1-42x50.jpg 42w\" sizes=\"(max-width: 270px) 100vw, 270px\" \/>ula\u015ft\u0131. Banka, kar\u0131n\u0131 2021&#8217;in ayn\u0131 d\u00f6nemine g\u00f6re <strong>% 78<\/strong> oran\u0131nda art\u0131rarak <strong>1,2 milyar TL<\/strong> net k\u00e2r ger\u00e7ekle\u015ftirdi. Br\u00fct takipteki kredilerin toplam kredilere oran\u0131<strong> % 1,86<\/strong>, sermaye yeterlilik oran\u0131 ise <strong>% 16,09<\/strong> olarak ger\u00e7ekle\u015fti.<\/p>\n<h3><strong>\u0130lk s\u00fcrd\u00fcr\u00fclebilir Eurobond ihrac\u0131m\u0131z\u0131 ger\u00e7ekle\u015ftirdik<\/strong><\/h3>\n<p><strong>\u00a0<\/strong>S\u00fcrd\u00fcr\u00fclebilirli\u011fi t\u00fcm \u00e7al\u0131\u015fmalar\u0131n\u0131n oda\u011f\u0131na ald\u0131klar\u0131na de\u011finen <em>T\u00fcrkiye Kalk\u0131nma ve Yat\u0131r\u0131m Bankas\u0131 Genel M\u00fcd\u00fcr\u00fc<\/em><strong> \u0130brahim \u00d6ztop<\/strong>, <em>\u201c\u00dclkemizin <strong>s\u00fcrd\u00fcr\u00fclebilir kalk\u0131nmas\u0131na<\/strong> ve <strong>d\u00fc\u015f\u00fck karbonlu ekonomiye ge\u00e7i\u015fine destek<\/strong> veren Bankam\u0131z\u0131n, ilk <strong>s\u00fcrd\u00fcr\u00fclebilir Eurobond ihrac\u0131n\u0131<\/strong> ger\u00e7ekle\u015ftirdik. <strong>Frans\u0131z Kalk\u0131nma Ajans\u0131 (AFD)<\/strong>, Bankam\u0131z taraf\u0131ndan ihra\u00e7 edilen ilk <strong>s\u00fcrd\u00fcr\u00fclebilir Eurobond\u2019a<\/strong> 100 milyon Avro yat\u0131r\u0131m yapt\u0131.<strong> 11 y\u0131l vadeli<\/strong> Eurobond ihrac\u0131ndan elde edilecek fonun en az<strong> y\u00fczde 75<\/strong>\u2019i T\u00fcrkiye&#8217;de <strong>iklim de\u011fi\u015fikli\u011fi ile m\u00fccadeleye<\/strong> katk\u0131da bulunan ye\u015fil projelerin finansman\u0131 i\u00e7in ayr\u0131l\u0131rken, kalan k\u0131sm\u0131 <strong>sosyal projelere<\/strong> y\u00f6nlendirilecek. Bankam\u0131z ihra\u00e7 kapsam\u0131nda, ekonomide <strong>kad\u0131n i\u015f g\u00fcc\u00fcn\u00fcn art\u0131r\u0131lmas\u0131na y\u00f6nelik<\/strong> \u00e7al\u0131\u015fmalar i\u00e7in AFD\u2019nin teknik destek program\u0131ndan da yararlanacak.\u201d \u015feklinde konu\u015ftu. \u00d6ztop ayr\u0131ca, \u201cT\u00fcrkiye\u2019nin <strong>Etki Prensipleri<\/strong> ile<strong> uyumlu ilk Etki Raporumuzu<\/strong> Eyl\u00fcl ay\u0131nda yay\u0131mlad\u0131k. <strong>G\u00fc\u00e7l\u00fc \u00e7evresel, sosyal risk de\u011ferlendirme uygulamalar\u0131m\u0131z\u0131n<\/strong> bir sonucu olarak, uluslararas\u0131 alanda tan\u0131nan derecelendirme kurulu\u015fu Sustainalytics\u2019in <strong>\u00c7evresel, Sosyal ve Kurumsal Y\u00f6neti\u015fim (ESG)<\/strong> ba\u015fl\u0131klar\u0131n\u0131n de\u011ferlendirildi\u011fi risk derecelendirmesinde <strong>T\u00fcrkiye, Orta Do\u011fu<\/strong> ve <strong>Afrika<\/strong>\u2019daki t\u00fcm kurumlar aras\u0131nda birinci; Avrupa\u2019da <strong>AYB, KfW <\/strong>ve<strong> EBRD\u2019<\/strong>den sonra 4&#8217;\u00fcnc\u00fc banka olma ba\u015far\u0131s\u0131n\u0131 elde ettik\u201d<\/em> dedi.<\/p>\n<h3><strong>Yurt d\u0131\u015f\u0131ndan sa\u011flad\u0131\u011f\u0131m\u0131z kaynaklar 5 milyar ABD dolar\u0131n\u0131 a\u015ft\u0131<\/strong><\/h3>\n<p>Bankan\u0131n ana misyonunun \u00fclkemizin kalk\u0131nma hedeflerine uygun yat\u0131r\u0131mlar\u0131 desteklemek oldu\u011funu s\u00f6yleyen <em>T\u00fcrkiye Kalk\u0131nma ve Yat\u0131r\u0131m Bankas\u0131 Genel M\u00fcd\u00fcr\u00fc<\/em> <strong>\u0130brahim \u00d6ztop<\/strong>, <em>\u201cUluslararas\u0131 finans kurulu\u015flar\u0131ndan kaynaklar sa\u011flayarak <strong>yenilenebilir enerji<\/strong> ile <strong>enerji verimlili\u011fi projeleri<\/strong>ni destekliyor, <strong>KOB\u0130\u2019lerimizin<\/strong> yan\u0131nda yer al\u0131yoruz. Pandeminin etkilerinin azalt\u0131lmas\u0131, altyap\u0131 yat\u0131r\u0131mlar\u0131n\u0131n ve <strong>imalat sekt\u00f6rlerinin desteklenmesi, istihdam\u0131n art\u0131r\u0131lmas\u0131<\/strong> gibi temalara y\u00f6nelik olarak yurt d\u0131\u015f\u0131ndan sa\u011flad\u0131\u011f\u0131m\u0131z kaynaklar <strong>5 milyar ABD dolar\u0131n\u0131<\/strong> a\u015ft\u0131. Bu finansman imkanlar\u0131n\u0131n yakla\u015f\u0131k <strong>y\u00fczde 40<\/strong>\u2019\u0131 son <strong>4 y\u0131lda<\/strong> Bankam\u0131z\u0131n yeniden yap\u0131lanma s\u00fcrecinde sa\u011fland\u0131.<strong>\u00a0\u0130stikrarl\u0131 b\u00fcy\u00fcme<\/strong> i\u00e7in <strong>g\u00fcven duyulan bir kurum<\/strong> olman\u0131n sorumlulu\u011fuyla kaynaklar\u0131m\u0131z\u0131 art\u0131rmaya devam edece\u011fiz\u201d<\/em> dedi.<\/p>\n<h3><strong>Yat\u0131r\u0131m bankac\u0131l\u0131\u011f\u0131 ve dan\u0131\u015fmanl\u0131k faaliyetlerimiz h\u0131z kesmeden devam ediyor<\/strong><\/h3>\n<p><strong>\u00a0Yat\u0131r\u0131m bankac\u0131l\u0131\u011f\u0131 ve dan\u0131\u015fmanl\u0131k hizmetlerinde<\/strong> sergiledikleri y\u00fcksek performans\u0131 vurgulayan \u00d6ztop, <em>\u201c\u00dclkemizin kalk\u0131nmas\u0131na, dan\u0131\u015fmanl\u0131k ve yat\u0131r\u0131m bankac\u0131l\u0131\u011f\u0131 hizmetlerimizle katk\u0131 sa\u011flamaya devam ediyoruz. <strong>Tar\u0131m ekosistemini teknolojiyle<\/strong> bulu\u015fturan<strong> dijital tar\u0131m platformu Tarfin<\/strong>&#8216;in fon kullan\u0131c\u0131s\u0131, <strong>Kalk\u0131nma Yat\u0131r\u0131m Varl\u0131k Kiralama \u015eirketi\u2019<\/strong>nin ihra\u00e7\u00e7\u0131 oldu\u011fu <strong>sukuk (kira sertifikas\u0131) ihrac\u0131na arac\u0131l\u0131k<\/strong> ettik. Bu i\u015flem, ayn\u0131 zamanda Tarfin i\u00e7in de ilk sukuk ihrac\u0131 oldu. Yaz\u0131l\u0131m ve teknoloji geli\u015ftirme \u015firketi <strong>OBASE Bilgisayar<\/strong>\u2019\u0131n da y\u00fcksek ba\u015far\u0131yla sonu\u00e7lanan halka arz\u0131na arac\u0131l\u0131k etmekten, <strong>sermaye piyasalar\u0131m\u0131z\u0131n geli\u015fmesine<\/strong> katk\u0131da bulunmaktan dolay\u0131 ayr\u0131ca mutluyuz\u201d<\/em> dedi.<\/p>\n<h3><strong>T\u00fcrkiye Kalk\u0131nma Fonu\u2019nun (TKF) toplam fon b\u00fcy\u00fckl\u00fc\u011f\u00fc, 1,5 milyar TL\u2019yi a\u015ft\u0131<\/strong><\/h3>\n<p>Kamu kaynaklar\u0131n\u0131n <strong>\u00fclke kalk\u0131nmas\u0131na odakl\u0131 sermaye yat\u0131r\u0131mlar\u0131na<\/strong> d\u00f6n\u00fc\u015ft\u00fcr\u00fclmesi amac\u0131yla Bankam\u0131z taraf\u0131ndan kurulmu\u015f olan T\u00fcrkiye Kalk\u0131nma Fonu ile <strong>b\u00f6lgesel kalk\u0131nmaya, inovasyona<\/strong> ve <strong>giri\u015fimcilik ekosistemine<\/strong> stratejik destek verilmesinin ama\u00e7land\u0131\u011f\u0131n\u0131 belirten \u00d6ztop, <em>\u201cT\u00fcrkiye Kalk\u0131nma Fonu\u2019nun alt fonlar\u0131ndan <strong>B\u00f6lgesel Kalk\u0131nma Fonu<\/strong> ve <strong>Teknoloji ve \u0130novasyon Fonu<\/strong>\u2019na KOSGEB\u2019in de yat\u0131r\u0131mc\u0131 olarak kat\u0131lmas\u0131yla, <strong>5 alt fon arac\u0131l\u0131\u011f\u0131yla<\/strong> y\u00f6netti\u011fimiz fon b\u00fcy\u00fckl\u00fc\u011f\u00fc 1,5 milyar TL\u2019ye ula\u015ft\u0131. <strong>212, ScaleX, 500, Revo ve DCP<\/strong> gibi T\u00fcrkiye\u2019nin \u00f6nde gelen giri\u015fim sermayesi fonlar\u0131na taahh\u00fct edilen toplam <strong>10 milyon Avro<\/strong>\u2019yu a\u015fan yat\u0131r\u0131m tutar\u0131 \u00e7er\u00e7evesinde, T\u00fcrkiye giri\u015fimcilik ekosistemini desteklemeye devam ettik. T\u00fcrkiye\u2019nin ilk ve tek yerli end\u00fcstriyel enzim \u00fcreticisi <strong>Livzym<\/strong> firmas\u0131na A\u011fustos 2022\u2019de <strong>3 milyon ABD dolar\u0131<\/strong> yat\u0131r\u0131m yapt\u0131k.\u201d<\/em> \u015feklinde konu\u015ftu.<\/p>","protected":false},"excerpt":{"rendered":"<p>Sorry, this entry is only available in Turkish. For the sake of viewer convenience, the content is shown below in the alternative language. You may click the link to switch the active language. Y\u0131l\u0131n 3&#8217;\u00fcnc\u00fc \u00e7eyre\u011finde s\u00fcrd\u00fcr\u00fclebilir b\u00fcy\u00fcmesini s\u00fcrd\u00fcren Banka, 1,2 milyar TL net kar elde etti\u011fini a\u00e7\u0131klad\u0131. T\u00fcrkiye Kalk\u0131nma ve Yat\u0131r\u0131m Bankas\u0131, 2022 y\u0131l\u0131 [&hellip;]<\/p>\n","protected":false},"author":1,"featured_media":161884,"comment_status":"open","ping_status":"open","sticky":false,"template":"","format":"standard","meta":[],"categories":[53,52],"tags":[105785,105786,80382],"views":85,"_links":{"self":[{"href":"https:\/\/www.enerjigazetesi.ist\/en\/wp-json\/wp\/v2\/posts\/161877"}],"collection":[{"href":"https:\/\/www.enerjigazetesi.ist\/en\/wp-json\/wp\/v2\/posts"}],"about":[{"href":"https:\/\/www.enerjigazetesi.ist\/en\/wp-json\/wp\/v2\/types\/post"}],"author":[{"embeddable":true,"href":"https:\/\/www.enerjigazetesi.ist\/en\/wp-json\/wp\/v2\/users\/1"}],"replies":[{"embeddable":true,"href":"https:\/\/www.enerjigazetesi.ist\/en\/wp-json\/wp\/v2\/comments?post=161877"}],"version-history":[{"count":0,"href":"https:\/\/www.enerjigazetesi.ist\/en\/wp-json\/wp\/v2\/posts\/161877\/revisions"}],"wp:featuredmedia":[{"embeddable":true,"href":"https:\/\/www.enerjigazetesi.ist\/en\/wp-json\/wp\/v2\/media\/161884"}],"wp:attachment":[{"href":"https:\/\/www.enerjigazetesi.ist\/en\/wp-json\/wp\/v2\/media?parent=161877"}],"wp:term":[{"taxonomy":"category","embeddable":true,"href":"https:\/\/www.enerjigazetesi.ist\/en\/wp-json\/wp\/v2\/categories?post=161877"},{"taxonomy":"post_tag","embeddable":true,"href":"https:\/\/www.enerjigazetesi.ist\/en\/wp-json\/wp\/v2\/tags?post=161877"}],"curies":[{"name":"wp","href":"https:\/\/api.w.org\/{rel}","templated":true}]}}