{"id":161811,"date":"2022-10-27T20:32:47","date_gmt":"2022-10-27T17:32:47","guid":{"rendered":"https:\/\/www.enerjigazetesi.ist\/?p=161811"},"modified":"2022-10-27T20:34:19","modified_gmt":"2022-10-27T17:34:19","slug":"alarko-carrierin-hedefi-notr-karbon","status":"publish","type":"post","link":"https:\/\/www.enerjigazetesi.ist\/en\/alarko-carrierin-hedefi-notr-karbon\/","title":{"rendered":"(Turkish) Alarko Carrier\u2019\u0131n Hedefi: N\u00f6tr Karbon"},"content":{"rendered":"<p class=\"qtranxs-available-languages-message qtranxs-available-languages-message-en\">Sorry, this entry is only available in <a href=\"https:\/\/www.enerjigazetesi.ist\/tr\/wp-json\/wp\/v2\/posts\/161811\" class=\"qtranxs-available-language-link qtranxs-available-language-link-tr\" title=\"Turkish\">Turkish<\/a>. For the sake of viewer convenience, the content is shown below in the alternative language. You may click the link to switch the active language.<\/p><p><\/p>\n<h2><strong>Rotas\u0131n\u0131 ihracata \u00e7eviren Alarko Carrier taraf\u0131ndan yeni \u00fcr\u00fcnlerinden \u0131s\u0131 pompas\u0131yla 5 sene i\u00e7erisinde cirosundaki ihracat pay\u0131n\u0131n % 30\u2019a \u00e7\u0131kar\u0131lmas\u0131 hedefleniyor.<\/strong><\/h2>\n<p><strong>\u0130klimlendirme sekt\u00f6r\u00fc<\/strong>n\u00fcn \u00f6nc\u00fcs\u00fc\u00a0<strong>Alarko Carrier<\/strong>, son y\u0131llarda rotas\u0131n\u0131 ihracata \u00e7evirdi. Klima santrallerinin <strong>% 95<\/strong>\u2019ini ihra\u00e7 eden marka, \u00fcretimine ba\u015flayaca\u011f\u0131 \u0131s\u0131 pompas\u0131 Avrupa\u2019ya olan ihracat\u0131n\u0131 art\u0131rmay\u0131 hedefliyor. \u00a0Marka y\u0131l sonuna kadar <strong>G\u00fcney Amerika, Orta Do\u011fu ve Avrupa <img loading=\"lazy\" class=\"alignright wp-image-161817\" src=\"https:\/\/www.enerjigazetesi.ist\/wp-content\/uploads\/2022\/10\/1666854915_CEM_AKAN.jpg\" alt=\"\" width=\"320\" height=\"214\" srcset=\"https:\/\/www.enerjigazetesi.ist\/wp-content\/uploads\/2022\/10\/1666854915_CEM_AKAN.jpg 550w, https:\/\/www.enerjigazetesi.ist\/wp-content\/uploads\/2022\/10\/1666854915_CEM_AKAN-300x200.jpg 300w, https:\/\/www.enerjigazetesi.ist\/wp-content\/uploads\/2022\/10\/1666854915_CEM_AKAN-500x334.jpg 500w, https:\/\/www.enerjigazetesi.ist\/wp-content\/uploads\/2022\/10\/1666854915_CEM_AKAN-75x50.jpg 75w, https:\/\/www.enerjigazetesi.ist\/wp-content\/uploads\/2022\/10\/1666854915_CEM_AKAN-450x300.jpg 450w\" sizes=\"(max-width: 320px) 100vw, 320px\" \/>pazarlar\u0131<\/strong>nda yerini alaca\u011f\u0131n\u0131 a\u00e7\u0131klad\u0131.<\/p>\n<h3>\u201c<strong>Bu y\u0131l Ar-Ge y\u0131l\u0131 oldu\u201d<\/strong><\/h3>\n<p>Alarko Carrier i\u00e7in 2022\u2019nin <strong>Ar-Ge <\/strong>ve<strong>\u00a0inovasyon<\/strong>\u00a0y\u0131l\u0131 oldu\u011funu belirten Genel M\u00fcd\u00fcr <strong>Cem Akan<\/strong>,\u00a0<em>\u201c\u00dcr\u00fcnlerimizi s\u00fcrekli geli\u015ftirmek i\u00e7in\u00a0<strong>Ar-Ge tesislerinde<\/strong> <strong>T\u00dcB\u0130TAK<\/strong> ve<strong> \u00fcniversiteler ile<\/strong> ortak \u00e7al\u0131\u015fmalar ve testler yap\u0131yoruz. Ayr\u0131ca Carrier\u2019dan yap\u0131lan teknoloji transferleri ile \u00fcr\u00fcnlerimizi geli\u015ftiriyoruz. T\u00fcrkiye ve d\u00fcnya pazar\u0131n\u0131n ihtiya\u00e7lar\u0131na uygun, y\u00fcksek teknoloji \u00fcr\u00fcnler geli\u015ftirmek i\u00e7in bu sene ciromuzun yakla\u015f\u0131k <strong>% 2<\/strong>\u2019sini<strong> Ar-Ge yat\u0131r\u0131mlar\u0131na<\/strong> ay\u0131rd\u0131k. Toplam<strong> 55 k<\/strong>i\u015filik <strong>Ar-Ge ekibimizle<\/strong> <strong>hidrojenli kombi, \u0131s\u0131 pompas\u0131, sirk\u00fclasyon pompas\u0131 yeni kapasiteler<\/strong> ve<strong> otomasyona ba\u011flanma, EC fanl\u0131 fancoil<\/strong> ve <strong>R454B rooftop<\/strong> \u00fczerinde \u00e7al\u0131\u015f\u0131yoruz.\u201d<\/em> dedi.<\/p>\n<p><strong>Rusya <\/strong>ve<strong> Ukrayna sava\u015f\u0131n\u0131n<\/strong> yol a\u00e7t\u0131\u011f\u0131 enerji krizinin <strong>Avrupa\u2019y\u0131 zorunlu tasarrufa y\u00f6neltti\u011finden<\/strong> ve bu do\u011frultuda markalar\u0131n da <strong>ye\u015fil enerjilere yat\u0131r\u0131mlar\u0131<\/strong>n\u0131n artt\u0131\u011f\u0131n\u0131 vurgulayan <strong>Akan<\/strong>, s\u00f6zlerine \u015f\u00f6yle devam etti: <em>&#8220;Avrupa pazar\u0131n\u0131n ciddi bir ihtiyac\u0131 olan<strong> \u0131s\u0131 pompalar\u0131na yat\u0131r\u0131m<\/strong> yaparak kritik bir <strong>\u00fcr\u00fcn portf\u00f6y\u00fc<\/strong> haz\u0131rl\u0131yoruz. <strong>Hava, su, toprak<\/strong> gibi do\u011fal kaynaklardan al\u0131nan <strong>d\u00fc\u015f\u00fck s\u0131cakl\u0131ktaki \u0131s\u0131y\u0131, ortamlar\u0131 \u0131s\u0131tmak<\/strong> i\u00e7in <strong>y\u00fcksek s\u0131cakl\u0131\u011fa d\u00f6n\u00fc\u015ft\u00fcren \u0131s\u0131 pompalar\u0131m\u0131z<\/strong> sayesinde Avrupa\u2019ya olan<strong> ihracat\u0131m\u0131z\u0131 art\u0131rmay\u0131<\/strong> hedefliyoruz. Y\u0131l sonuna kadar <strong>G\u00fcney Amerika, Orta Do\u011fu ve Avrupa pazarlar\u0131nda<\/strong> yerini alacak \u00fcr\u00fcnlerimizle, be\u015f y\u0131l i\u00e7inde ciromuzdaki <strong>% 12<\/strong>\u2019lik ihracat pay\u0131n\u0131, <strong>5 y\u0131l<\/strong> i\u00e7erisinde <strong>% 30<\/strong>\u2019a \u00e7\u0131karmay\u0131 hedefliyor.&#8221;<\/em><\/p>\n<h3><strong>Alarko Carrier\u2019\u0131n hedefi: n\u00f6tr karbon<\/strong><\/h3>\n<p>Alarko Carrier\u2019\u0131n<strong> n\u00f6tr karbon hedefine<\/strong> ula\u015fmak i\u00e7in anahtar teknolojilerden biri olan <strong>hidrojen konusunu da<\/strong> takip etti\u011fini ifade eden Cem Akan, &#8220;hidrojenli kombilerin <strong>Ar- Ge \u00e7al\u0131\u015fmalar\u0131<\/strong>na ba\u015flad\u0131klar\u0131n\u0131, T\u00fcrkiye&#8217;de ilk yerli <strong>hidrojenli kombi \u00fcreticisi<\/strong> olmay\u0131 hedeflediklerini ve \u00fcr\u00fcn\u00fc 2024 y\u0131l\u0131nda pazara sunmay\u0131 planlad\u0131klar\u0131n\u0131&#8221; da dile getirdi.<\/p>","protected":false},"excerpt":{"rendered":"<p>Sorry, this entry is only available in Turkish. For the sake of viewer convenience, the content is shown below in the alternative language. You may click the link to switch the active language. Rotas\u0131n\u0131 ihracata \u00e7eviren Alarko Carrier taraf\u0131ndan yeni \u00fcr\u00fcnlerinden \u0131s\u0131 pompas\u0131yla 5 sene i\u00e7erisinde cirosundaki ihracat pay\u0131n\u0131n % 30\u2019a \u00e7\u0131kar\u0131lmas\u0131 hedefleniyor. \u0130klimlendirme sekt\u00f6r\u00fcn\u00fcn [&hellip;]<\/p>\n","protected":false},"author":1,"featured_media":161814,"comment_status":"open","ping_status":"open","sticky":false,"template":"","format":"standard","meta":[],"categories":[46,51,53,52],"tags":[15737,11683,105769,105767,105766,105765,105768],"views":110,"_links":{"self":[{"href":"https:\/\/www.enerjigazetesi.ist\/en\/wp-json\/wp\/v2\/posts\/161811"}],"collection":[{"href":"https:\/\/www.enerjigazetesi.ist\/en\/wp-json\/wp\/v2\/posts"}],"about":[{"href":"https:\/\/www.enerjigazetesi.ist\/en\/wp-json\/wp\/v2\/types\/post"}],"author":[{"embeddable":true,"href":"https:\/\/www.enerjigazetesi.ist\/en\/wp-json\/wp\/v2\/users\/1"}],"replies":[{"embeddable":true,"href":"https:\/\/www.enerjigazetesi.ist\/en\/wp-json\/wp\/v2\/comments?post=161811"}],"version-history":[{"count":0,"href":"https:\/\/www.enerjigazetesi.ist\/en\/wp-json\/wp\/v2\/posts\/161811\/revisions"}],"wp:featuredmedia":[{"embeddable":true,"href":"https:\/\/www.enerjigazetesi.ist\/en\/wp-json\/wp\/v2\/media\/161814"}],"wp:attachment":[{"href":"https:\/\/www.enerjigazetesi.ist\/en\/wp-json\/wp\/v2\/media?parent=161811"}],"wp:term":[{"taxonomy":"category","embeddable":true,"href":"https:\/\/www.enerjigazetesi.ist\/en\/wp-json\/wp\/v2\/categories?post=161811"},{"taxonomy":"post_tag","embeddable":true,"href":"https:\/\/www.enerjigazetesi.ist\/en\/wp-json\/wp\/v2\/tags?post=161811"}],"curies":[{"name":"wp","href":"https:\/\/api.w.org\/{rel}","templated":true}]}}