{"id":161783,"date":"2022-10-27T14:57:22","date_gmt":"2022-10-27T11:57:22","guid":{"rendered":"https:\/\/www.enerjigazetesi.ist\/?p=161783"},"modified":"2022-10-27T14:58:12","modified_gmt":"2022-10-27T11:58:12","slug":"oyak-enerji-ihtiyacini-lisanssiz-gunes-enerjisi-santrallerinden-karsilayacak","status":"publish","type":"post","link":"https:\/\/www.enerjigazetesi.ist\/en\/oyak-enerji-ihtiyacini-lisanssiz-gunes-enerjisi-santrallerinden-karsilayacak\/","title":{"rendered":"(Turkish) &#8217;OYAK&#8217; Enerji \u0130htiyac\u0131n\u0131 Lisanss\u0131z G\u00fcne\u015f Enerjisi Santrallerinden Kar\u015f\u0131layacak"},"content":{"rendered":"<p class=\"qtranxs-available-languages-message qtranxs-available-languages-message-en\">Sorry, this entry is only available in <a href=\"https:\/\/www.enerjigazetesi.ist\/tr\/wp-json\/wp\/v2\/posts\/161783\" class=\"qtranxs-available-language-link qtranxs-available-language-link-tr\" title=\"Turkish\">Turkish<\/a>. For the sake of viewer convenience, the content is shown below in the alternative language. You may click the link to switch the active language.<\/p><p><\/p>\n<h2><strong>OYAK, Grup \u015eirketlerinin enerji ihtiyac\u0131n\u0131 kar\u015f\u0131lamak amac\u0131yla OYAK \u00c7imento Fabrikalar\u0131 A.\u015e.\u2019ye ait tesis, arazi \u00fczerine kurulu T\u00fcrkiye\u2019nin en b\u00fcy\u00fck lisanss\u0131z g\u00fcne\u015f enerjisi santrali (GES) olacak.<\/strong><\/h2>\n<p><strong>Maden metal\u00fcrji, \u00e7imento beton k\u00e2\u011f\u0131t, otomotiv lojistik, finans, kimya, g\u0131da, tar\u0131m, hayvanc\u0131l\u0131k<\/strong> ve <strong>enerji sekt\u00f6rlerinde<\/strong> faaliyet g\u00f6steren OYAK, \u015firketlerinin t\u00fcketimlerinin <img loading=\"lazy\" class=\"alignright wp-image-161786\" src=\"https:\/\/www.enerjigazetesi.ist\/wp-content\/uploads\/2022\/10\/Suleyman_Savas_Erdem.jpg\" alt=\"\" width=\"270\" height=\"351\" srcset=\"https:\/\/www.enerjigazetesi.ist\/wp-content\/uploads\/2022\/10\/Suleyman_Savas_Erdem.jpg 550w, https:\/\/www.enerjigazetesi.ist\/wp-content\/uploads\/2022\/10\/Suleyman_Savas_Erdem-231x300.jpg 231w, https:\/\/www.enerjigazetesi.ist\/wp-content\/uploads\/2022\/10\/Suleyman_Savas_Erdem-308x400.jpg 308w, https:\/\/www.enerjigazetesi.ist\/wp-content\/uploads\/2022\/10\/Suleyman_Savas_Erdem-38x50.jpg 38w, https:\/\/www.enerjigazetesi.ist\/wp-content\/uploads\/2022\/10\/Suleyman_Savas_Erdem-500x650.jpg 500w\" sizes=\"(max-width: 270px) 100vw, 270px\" \/>kar\u015f\u0131lanmas\u0131 amac\u0131yla lisanss\u0131z yenilenebilir enerji santrali projeleri geli\u015ftirecek.<\/p>\n<h3><strong>\u00c7imento sekt\u00f6r\u00fcyle ba\u015flayacak di\u011fer sekt\u00f6rlere yay\u0131lacak<\/strong><\/h3>\n<p><strong>OYAK Genel M\u00fcd\u00fcr\u00fc S\u00fcleyman Sava\u015f Erdem<\/strong>, enerji g\u00fcndeminin k\u00fcresel ekonomiye y\u00f6n verdi\u011fi bir d\u00f6nemde yenilenebilir kaynaklara yat\u0131r\u0131m\u0131n \u00f6nemine dikkat \u00e7ekti. Erdem, <strong>d\u00fcnya bir enerji ge\u00e7i\u015fi ya\u015farken<\/strong> \u015firketlerin de sorumluluk alarak <strong>s\u00fcrd\u00fcr\u00fclebilir bir ya\u015fam<\/strong> i\u00e7in de\u011fer yaratacak inisiyatifler belirlemesi gerekti\u011fini vurgulad\u0131. Erdem, <span style=\"text-decoration: underline;\">s\u00f6zlerini \u015f\u00f6yle s\u00fcrd\u00fcrd\u00fc:<\/span><\/p>\n<p>\u201c\u00c7evre dostu teknolojilere yat\u0131r\u0131m yaparak ve temiz enerji kaynaklar\u0131n\u0131 kullanarak bizden sonraki nesillere daha iyi bir gelecek b\u0131rakmak i\u00e7in somut ad\u0131mlar at\u0131yoruz. \u0130\u015f modelimizi s\u00fcrd\u00fcr\u00fclebilirlik perspektifinde g\u00fc\u00e7lendirmek i\u00e7in son <strong>6 y\u0131ld\u0131r<\/strong> \u00e7al\u0131\u015fmalar\u0131m\u0131za h\u0131z kazand\u0131rd\u0131k. Arazi \u00fczerine kurulacak T\u00fcrkiye\u2019nin en b\u00fcy\u00fck <strong>lisanss\u0131z g\u00fcne\u015f enerjisi santrali<\/strong> i\u00e7in \u00e7al\u0131\u015fmalara ba\u015flad\u0131k. <strong>Avrupa Ye\u015fil Mutabakat<\/strong>\u0131\u2019na uyumla geli\u015ftirdi\u011fimiz bu projeyle; \u00fcretim i\u00e7in ihtiyac\u0131m\u0131z olan <strong>enerjiyi alternatif kaynaklarla desteklemeyi<\/strong> ve<strong> karbon yo\u011fun s<\/strong>ekt\u00f6rlerimizde karbon emisyonunu d\u00fc\u015f\u00fcrmeyi hedefliyoruz. Toplam elektrik t\u00fcketiminin <strong>% 30,1<\/strong>\u2019ini yenilenebilir enerji kaynaklar\u0131ndan kar\u015f\u0131lamay\u0131 hedefledi\u011fimiz <strong>OYAK \u00c7imento Beton Ka\u011f\u0131t Sekt\u00f6r\u00fc<\/strong> \u015eirketlerimizden <strong>OYAK \u00c7imento<\/strong> <strong>Fabrikalar\u0131<\/strong> A.\u015e.\u2019nin i\u00e7 t\u00fcketiminin bir k\u0131sm\u0131n\u0131 kar\u015f\u0131lamak amac\u0131 ile yakla\u015f\u0131k <strong>100 MW<\/strong> kurulu g\u00fcc\u00fcnde <strong>lisanss\u0131z<\/strong> <strong>g\u00fcne\u015f enerjisi santrali<\/strong> kuruyoruz. Santral, Enerji Piyasas\u0131 D\u00fczenleme Kurumu\u2019nun (EPDK) konuya ili\u015fkin y\u00f6netmeli\u011fine uygun \u015fekilde <strong>Ankara\u2019da<\/strong> ba\u015flang\u0131\u00e7 olarak yakla\u015f\u0131k <strong>1500 d\u00f6n\u00fcml\u00fck<\/strong> bir alana in\u015fa edilecek.\u201d<\/p>\n<p>OYAK; <strong>\u00e7imento, beton, k\u00e2\u011f\u0131t<\/strong> sekt\u00f6rlerindeki \u015firketleriyle ba\u015flayaca\u011f\u0131 bu d\u00f6n\u00fc\u015f\u00fcm\u00fc, di\u011fer sekt\u00f6rlerdeki \u015firketleriyle de geni\u015fleterek, <strong>yenilenebilir enerji kullan\u0131m\u0131<\/strong> ad\u0131na \u00f6nemli bir geli\u015fme sa\u011flayacak. <strong>OYAK, Grup \u015eirketlerinin<\/strong> t\u00fcketimine kar\u015f\u0131l\u0131k <strong>1.000 MW<\/strong>\u2019dan fazla <strong>enerji \u00fcretebilece\u011fi<\/strong> projeler ger\u00e7ekle\u015ftirecek.<\/p>","protected":false},"excerpt":{"rendered":"<p>Sorry, this entry is only available in Turkish. For the sake of viewer convenience, the content is shown below in the alternative language. You may click the link to switch the active language. OYAK, Grup \u015eirketlerinin enerji ihtiyac\u0131n\u0131 kar\u015f\u0131lamak amac\u0131yla OYAK \u00c7imento Fabrikalar\u0131 A.\u015e.\u2019ye ait tesis, arazi \u00fczerine kurulu T\u00fcrkiye\u2019nin en b\u00fcy\u00fck lisanss\u0131z g\u00fcne\u015f enerjisi [&hellip;]<\/p>\n","protected":false},"author":1,"featured_media":161788,"comment_status":"open","ping_status":"open","sticky":false,"template":"","format":"standard","meta":[],"categories":[51,53,49],"tags":[35038,23416,33326,67694,105759,89288,34977,26829],"views":69,"_links":{"self":[{"href":"https:\/\/www.enerjigazetesi.ist\/en\/wp-json\/wp\/v2\/posts\/161783"}],"collection":[{"href":"https:\/\/www.enerjigazetesi.ist\/en\/wp-json\/wp\/v2\/posts"}],"about":[{"href":"https:\/\/www.enerjigazetesi.ist\/en\/wp-json\/wp\/v2\/types\/post"}],"author":[{"embeddable":true,"href":"https:\/\/www.enerjigazetesi.ist\/en\/wp-json\/wp\/v2\/users\/1"}],"replies":[{"embeddable":true,"href":"https:\/\/www.enerjigazetesi.ist\/en\/wp-json\/wp\/v2\/comments?post=161783"}],"version-history":[{"count":0,"href":"https:\/\/www.enerjigazetesi.ist\/en\/wp-json\/wp\/v2\/posts\/161783\/revisions"}],"wp:featuredmedia":[{"embeddable":true,"href":"https:\/\/www.enerjigazetesi.ist\/en\/wp-json\/wp\/v2\/media\/161788"}],"wp:attachment":[{"href":"https:\/\/www.enerjigazetesi.ist\/en\/wp-json\/wp\/v2\/media?parent=161783"}],"wp:term":[{"taxonomy":"category","embeddable":true,"href":"https:\/\/www.enerjigazetesi.ist\/en\/wp-json\/wp\/v2\/categories?post=161783"},{"taxonomy":"post_tag","embeddable":true,"href":"https:\/\/www.enerjigazetesi.ist\/en\/wp-json\/wp\/v2\/tags?post=161783"}],"curies":[{"name":"wp","href":"https:\/\/api.w.org\/{rel}","templated":true}]}}