{"id":161698,"date":"2022-10-26T13:21:25","date_gmt":"2022-10-26T10:21:25","guid":{"rendered":"https:\/\/www.enerjigazetesi.ist\/?p=161698"},"modified":"2022-10-26T13:44:17","modified_gmt":"2022-10-26T10:44:17","slug":"bim-in-7inci-gunes-santrali-ges-erzurum-deposunda-hayata-gecirildi","status":"publish","type":"post","link":"https:\/\/www.enerjigazetesi.ist\/en\/bim-in-7inci-gunes-santrali-ges-erzurum-deposunda-hayata-gecirildi\/","title":{"rendered":"(Turkish) &#8217;B\u0130M&#8217;in 7&#8217;inci G\u00fcne\u015f Santrali (GES) Erzurum Deposunda Hayata Ge\u00e7irildi"},"content":{"rendered":"<p class=\"qtranxs-available-languages-message qtranxs-available-languages-message-en\">Sorry, this entry is only available in <a href=\"https:\/\/www.enerjigazetesi.ist\/tr\/wp-json\/wp\/v2\/posts\/161698\" class=\"qtranxs-available-language-link qtranxs-available-language-link-tr\" title=\"Turkish\">Turkish<\/a>. For the sake of viewer convenience, the content is shown below in the alternative language. You may click the link to switch the active language.<\/p><p><\/p>\n<h2>Fosil yak\u0131t kullan\u0131m\u0131n\u0131n \u00f6n\u00fcne ge\u00e7erek sera gaz\u0131 sal\u0131mlar\u0131n\u0131 azaltmaya y\u00f6nelik 2020&#8217;den g\u00fcn\u00fcm\u00fcze yenilenebilir enerji kaynaklar\u0131na yat\u0131r\u0131m yapan B\u0130M, 7&#8217;inci G\u00fcne\u015f Enerjisi Santrali\u2019nin (GES) kurulumunu Erzurum deposunda tamamlad\u0131.<\/h2>\n<p>B\u0130M ilk \u00f6nce <strong>Batman,<\/strong> 2021\u2019de <strong>\u0130stanbul Arnavutk\u00f6y, I\u011fd\u0131r<\/strong>, bu y\u0131l da <strong>Denizli, Konya<\/strong> ve yine <img loading=\"lazy\" class=\"alignright wp-image-161704\" src=\"https:\/\/www.enerjigazetesi.ist\/wp-content\/uploads\/2022\/10\/BIM_Erzurum_GES-1.jpg\" alt=\"\" width=\"320\" height=\"214\" srcset=\"https:\/\/www.enerjigazetesi.ist\/wp-content\/uploads\/2022\/10\/BIM_Erzurum_GES-1.jpg 550w, https:\/\/www.enerjigazetesi.ist\/wp-content\/uploads\/2022\/10\/BIM_Erzurum_GES-1-300x200.jpg 300w, https:\/\/www.enerjigazetesi.ist\/wp-content\/uploads\/2022\/10\/BIM_Erzurum_GES-1-500x334.jpg 500w, https:\/\/www.enerjigazetesi.ist\/wp-content\/uploads\/2022\/10\/BIM_Erzurum_GES-1-75x50.jpg 75w, https:\/\/www.enerjigazetesi.ist\/wp-content\/uploads\/2022\/10\/BIM_Erzurum_GES-1-450x300.jpg 450w\" sizes=\"(max-width: 320px) 100vw, 320px\" \/><strong>\u0130stanbul Samand\u0131ra\u2019da<\/strong> bulunan depolar\u0131na g\u00fcne\u015f enerjisi sistemi kurmu\u015f olup \u00dclkemiz genelinde bir\u00e7ok farkl\u0131 b\u00f6lgedeki depo \u00e7at\u0131lar\u0131na <strong>GES kurma \u00e7al\u0131\u015fmalar\u0131<\/strong>n\u0131 da s\u00fcrd\u00fcr\u00fcyor.<\/p>\n<p><strong>554 kWp<\/strong> kurulu g\u00fcce sahip<strong> GES<\/strong> ile<strong> Erzurum deponun<\/strong> enerji t\u00fcketiminin <strong>%100\u2019\u00fc<\/strong> g\u00fcne\u015ften kar\u015f\u0131lanacak.<strong> 295 hane<\/strong>nin\u00a0<strong>y\u0131ll\u0131k enerji t\u00fcketimine<\/strong> denk \u00fcretim yapacak Erzurum GES ile karbon sal\u0131m\u0131nda\u00a0<strong>541,87 ton<\/strong> azalma sa\u011flanacak. Bunun <strong>11.460<\/strong> a\u011fa\u00e7 kazan\u0131m\u0131na denk oldu\u011fu belirtildi.<\/p>\n<p>\u0130lk a\u015famada <strong>2026 y\u0131l\u0131na<\/strong> kadar <strong>sera gaz\u0131 yo\u011funlu\u011funu<\/strong> 2019 y\u0131l\u0131na k\u0131yasla<strong> %20<\/strong> azaltmay\u0131 hedefleyen B\u0130M\u2019in <strong>7 GES projesi<\/strong>nin toplam g\u00fcc\u00fc <strong>10 MW<\/strong>\u2019 a ula\u015ft\u0131. 5.000&#8217;den fazla hanenin y\u0131ll\u0131k <strong>enerji t\u00fcketimine<\/strong> denk \u00fcretim yapan g\u00fcne\u015f enerji sistemiyle karbon sal\u0131m\u0131nda y\u0131ll\u0131k<strong> 8.500 ton azalma<\/strong> olurken, <strong>130 binin \u00fczerinde a\u011fa\u00e7<\/strong> kazan\u0131m\u0131 sa\u011flanm\u0131\u015f oluyor.<\/p>","protected":false},"excerpt":{"rendered":"<p>Sorry, this entry is only available in Turkish. For the sake of viewer convenience, the content is shown below in the alternative language. You may click the link to switch the active language. Fosil yak\u0131t kullan\u0131m\u0131n\u0131n \u00f6n\u00fcne ge\u00e7erek sera gaz\u0131 sal\u0131mlar\u0131n\u0131 azaltmaya y\u00f6nelik 2020&#8217;den g\u00fcn\u00fcm\u00fcze yenilenebilir enerji kaynaklar\u0131na yat\u0131r\u0131m yapan B\u0130M, 7&#8217;inci G\u00fcne\u015f Enerjisi Santrali\u2019nin [&hellip;]<\/p>\n","protected":false},"author":1,"featured_media":161705,"comment_status":"open","ping_status":"open","sticky":false,"template":"","format":"standard","meta":[],"categories":[51,53,49],"tags":[105740,46776,24218,105739,23416,2569],"views":108,"_links":{"self":[{"href":"https:\/\/www.enerjigazetesi.ist\/en\/wp-json\/wp\/v2\/posts\/161698"}],"collection":[{"href":"https:\/\/www.enerjigazetesi.ist\/en\/wp-json\/wp\/v2\/posts"}],"about":[{"href":"https:\/\/www.enerjigazetesi.ist\/en\/wp-json\/wp\/v2\/types\/post"}],"author":[{"embeddable":true,"href":"https:\/\/www.enerjigazetesi.ist\/en\/wp-json\/wp\/v2\/users\/1"}],"replies":[{"embeddable":true,"href":"https:\/\/www.enerjigazetesi.ist\/en\/wp-json\/wp\/v2\/comments?post=161698"}],"version-history":[{"count":0,"href":"https:\/\/www.enerjigazetesi.ist\/en\/wp-json\/wp\/v2\/posts\/161698\/revisions"}],"wp:featuredmedia":[{"embeddable":true,"href":"https:\/\/www.enerjigazetesi.ist\/en\/wp-json\/wp\/v2\/media\/161705"}],"wp:attachment":[{"href":"https:\/\/www.enerjigazetesi.ist\/en\/wp-json\/wp\/v2\/media?parent=161698"}],"wp:term":[{"taxonomy":"category","embeddable":true,"href":"https:\/\/www.enerjigazetesi.ist\/en\/wp-json\/wp\/v2\/categories?post=161698"},{"taxonomy":"post_tag","embeddable":true,"href":"https:\/\/www.enerjigazetesi.ist\/en\/wp-json\/wp\/v2\/tags?post=161698"}],"curies":[{"name":"wp","href":"https:\/\/api.w.org\/{rel}","templated":true}]}}