{"id":161673,"date":"2022-10-26T10:28:11","date_gmt":"2022-10-26T07:28:11","guid":{"rendered":"https:\/\/www.enerjigazetesi.ist\/?p=161673"},"modified":"2022-10-26T11:13:27","modified_gmt":"2022-10-26T08:13:27","slug":"kuresel-olarak-500-000-den-fcimiz-varazla-ruzgar-turbini-teknisyenine-ihtiya","status":"publish","type":"post","link":"https:\/\/www.enerjigazetesi.ist\/en\/kuresel-olarak-500-000-den-fcimiz-varazla-ruzgar-turbini-teknisyenine-ihtiya\/","title":{"rendered":"(Turkish) D\u00fcnya&#8217;da 500.000&#8217;den Fazla R\u00fczgar T\u00fcrbini Teknisyenine \u0130htiya\u00e7 Var"},"content":{"rendered":"<p class=\"qtranxs-available-languages-message qtranxs-available-languages-message-en\">Sorry, this entry is only available in <a href=\"https:\/\/www.enerjigazetesi.ist\/tr\/wp-json\/wp\/v2\/posts\/161673\" class=\"qtranxs-available-language-link qtranxs-available-language-link-tr\" title=\"Turkish\">Turkish<\/a>. For the sake of viewer convenience, the content is shown below in the alternative language. You may click the link to switch the active language.<\/p><p><\/p>\n<h2><strong>\u00dclkeler, karbon s\u0131f\u0131r hedeflerine ula\u015fmak ad\u0131na b\u00fcy\u00fck bir \u00e7aba g\u00f6sterirken bu hedef do\u011frultusunda gereken r\u00fczgar enerjisi kapasitesini sa\u011flamak i\u00e7in ise donan\u0131ml\u0131 r\u00fczgar t\u00fcrbini teknisyenlerine duyulan ihtiya\u00e7 g\u00fcn ge\u00e7tik\u00e7e art\u0131yor.<\/strong><\/h2>\n<p>Kara ve deniz r\u00fczgar kapasitesindeki h\u0131zl\u0131 b\u00fcy\u00fcme, nitelikli i\u015f g\u00fcc\u00fc i\u00e7in b\u00fcy\u00fck bir ihtiyac\u0131 da beraberinde <img loading=\"lazy\" class=\"alignright wp-image-161678\" src=\"https:\/\/www.enerjigazetesi.ist\/wp-content\/uploads\/2022\/10\/kuresel-olarak-500-000-den-fcimiz-varazla-ruzgar-turbini-teknisyenine-ihtiya-1.jpg\" alt=\"\" width=\"320\" height=\"207\" srcset=\"https:\/\/www.enerjigazetesi.ist\/wp-content\/uploads\/2022\/10\/kuresel-olarak-500-000-den-fcimiz-varazla-ruzgar-turbini-teknisyenine-ihtiya-1.jpg 550w, https:\/\/www.enerjigazetesi.ist\/wp-content\/uploads\/2022\/10\/kuresel-olarak-500-000-den-fcimiz-varazla-ruzgar-turbini-teknisyenine-ihtiya-1-300x194.jpg 300w, https:\/\/www.enerjigazetesi.ist\/wp-content\/uploads\/2022\/10\/kuresel-olarak-500-000-den-fcimiz-varazla-ruzgar-turbini-teknisyenine-ihtiya-1-500x323.jpg 500w, https:\/\/www.enerjigazetesi.ist\/wp-content\/uploads\/2022\/10\/kuresel-olarak-500-000-den-fcimiz-varazla-ruzgar-turbini-teknisyenine-ihtiya-1-77x50.jpg 77w\" sizes=\"(max-width: 320px) 100vw, 320px\" \/>getiriyor. <strong>K\u00fcresel R\u00fczgar \u00d6rg\u00fct\u00fc (GWO)<\/strong> ve <strong>K\u00fcresel R\u00fczgar Enerjisi Konseyi\u2019nin (GWEC)<\/strong> payla\u015ft\u0131\u011f\u0131 veriler, 2026 y\u0131l\u0131na kadar %67 oran\u0131nda b\u00fcy\u00fcyecek olan kurulu r\u00fczgar kapasitesinin in\u015fas\u0131 ve i\u015fletilmesinde<strong> 569.000 t\u00fcrbin teknisyeni<\/strong>ne ihtiya\u00e7 duyulaca\u011f\u0131n\u0131 g\u00f6zler \u00f6n\u00fcne seriyor. D\u00fcnyan\u0131n 2050 y\u0131l\u0131na kadar <strong>karbon s\u0131f\u0131r hedeflerine ula\u015fma<\/strong> plan\u0131nda yer alan r\u00fczgar enerjisi kapasitesinin h\u0131zl\u0131 b\u00fcy\u00fcmesiyle yenilenebilir enerji kaynaklar\u0131na y\u00f6nelik d\u00f6n\u00fc\u015f\u00fcm\u00fcn gelecek d\u00f6nemlerde \u00fclkeler i\u00e7in ola\u011fan\u00fcst\u00fc f\u0131rsatlar getirece\u011finin alt\u0131n\u0131 \u00e7izen <em>\u00dclke Enerji Genel M\u00fcd\u00fcr\u00fc<\/em> <strong>Ali Ayd\u0131n<\/strong>, teknisyen arz\u0131ndaki bo\u015fluklar\u0131n kar\u015f\u0131lanmas\u0131 i\u00e7in <strong>end\u00fcstri standard\u0131 g\u00fcvenlik<\/strong> ve <strong>teknik e\u011fitim kapasitesinde<\/strong> daha h\u0131zl\u0131 b\u00fcy\u00fcmeye y\u00f6nelik acil bir ihtiya\u00e7 ortaya \u00e7\u0131kaca\u011f\u0131n\u0131 ifade ediyor.<\/p>\n<h3><strong>Gelece\u011fin Enerjisi R\u00fczgar Teknisyenlerine Emanet!<\/strong><\/h3>\n<p>\u00c7al\u0131\u015fma ortam\u0131 metrelerce y\u00fckseklikte olan <strong>r\u00fczgar t\u00fcrbini teknisyenli\u011fi<\/strong>nin gelecek y\u0131llarda en ihtiya\u00e7 duyulan ve en \u00e7ok tercih edilen meslek dallar\u0131n\u0131n ba\u015f\u0131nda yer alaca\u011f\u0131 pek \u00e7ok veriyle destekleniyor. R\u00fczgar t\u00fcrbinlerini <strong>kuran, denetleyen, bak\u0131m\u0131n\u0131 yapan, onaran<\/strong> ve <strong>\u00e7al\u0131\u015ft\u0131ran<\/strong> r\u00fczgar t\u00fcrbini teknisyenlerinin yapt\u0131\u011f\u0131 i\u015f g\u00f6z \u00f6n\u00fcnde bulunduruldu\u011funda, teknisyenlerin <strong>gerekli e\u011fitim<\/strong> ve <strong>donan\u0131ma<\/strong> sahip olmas\u0131 gerekti\u011fi belirtilirken fosil yak\u0131t ba\u011f\u0131ml\u0131l\u0131\u011f\u0131ndan kurtulma yolunda ba\u015fta r\u00fczgar enerjisine ve nitelikli teknisyen ihtiyac\u0131na y\u00f6nelik yat\u0131r\u0131mlar\u0131n b\u00fcy\u00fck \u00f6nem ta\u015f\u0131d\u0131\u011f\u0131 ve gelece\u011fin enerjisinin r\u00fczgar t\u00fcrbini teknisyenlerine emanet edildi\u011finin de alt\u0131 \u00e7iziliyor.<\/p>\n<h3><strong>R\u00fczgar T\u00fcrbini Teknisyenleri Avrupa Standartlar\u0131nda E\u011fitim Al\u0131yor!<\/strong><\/h3>\n<p>Zorlu \u00e7al\u0131\u015fma ortamlar\u0131 g\u00f6z \u00f6n\u00fcnde bulunduruldu\u011funda <strong>r\u00fczgar t\u00fcrbini teknisyenleri<\/strong> i\u00e7in dikkat edilmesi gereken bir di\u011fer nokta ise <strong>mesleki e\u011fitim yeterlili\u011fi<\/strong> oluyor. Yurti\u00e7i ve yurtd\u0131\u015f\u0131ndaki r\u00fczgar enerjisi santrallerine \u00e7e\u015fitli servis hizmetleri sunan <strong>\u00dclke Enerji<\/strong> teknik ekibinin Avrupa standartlar\u0131nda e\u011fitim ald\u0131klar\u0131n\u0131 dile getiren Ali Ayd\u0131n, <em>&#8220;Teknisyenlerimiz <strong>Avrupa\u2019daki uygulama sahalar\u0131<\/strong>nda tamamlad\u0131klar\u0131 e\u011fitimlerin ard\u0131ndan <strong>sertifika hakk\u0131<\/strong> kazan\u0131yor ve \u00fclkemizdeki r\u00fczgar santrallerinde g\u00f6revlerine ba\u015fl\u0131yor. \u00dclke Enerji olarak <strong>operasyonel verimlilik<\/strong> ile \u00e7al\u0131\u015fanlar\u0131m\u0131z\u0131n g\u00fcvenli\u011fini bir b\u00fct\u00fcn olarak de\u011ferlendirdi\u011fimizde, teknolojinin getirdikleri bize b\u00fcy\u00fck bir alan kazand\u0131r\u0131yor. \u00d6yle ki <strong>t\u00fcrbin kanat<\/strong> ve<strong> kule operasyonlar\u0131n\u0131<\/strong> daha h\u0131zl\u0131 ve daha kolay yapabilmek ad\u0131na <strong>dronelar<\/strong> ya da <strong>y\u00fcksekte \u00e7al\u0131\u015fma platformlar\u0131n\u0131<\/strong> kullan\u0131yoruz. Bu teknolojiler bize <strong>i\u015f sa\u011fl\u0131\u011f\u0131 ve g\u00fcvenli\u011fi<\/strong> a\u00e7\u0131s\u0131ndan b\u00fcy\u00fck avantaj sa\u011flad\u0131\u011f\u0131 gibi \u00e7al\u0131\u015fanlar\u0131m\u0131za da yeni ve benzersiz yetkinlikler elde etmesine de olanak tan\u0131yor. <strong>2026 y\u0131l\u0131na kadar<\/strong> d\u00fcnyan\u0131n ihtiyac\u0131 olan <strong>yeni r\u00fczgar t\u00fcrbini teknisyenleri<\/strong> i\u00e7in \u00fclkemizde ve faaliyet g\u00f6sterdi\u011fimiz \u00e7evre co\u011frafyalarda bu ihtiyac\u0131 kar\u015f\u0131lanmas\u0131na katk\u0131da bulunmay\u0131 hedefliyoruz.\u201d<\/em> ifadelerini kulland\u0131.<\/p>","protected":false},"excerpt":{"rendered":"<p>Sorry, this entry is only available in Turkish. For the sake of viewer convenience, the content is shown below in the alternative language. You may click the link to switch the active language. \u00dclkeler, karbon s\u0131f\u0131r hedeflerine ula\u015fmak ad\u0131na b\u00fcy\u00fck bir \u00e7aba g\u00f6sterirken bu hedef do\u011frultusunda gereken r\u00fczgar enerjisi kapasitesini sa\u011flamak i\u00e7in ise donan\u0131ml\u0131 r\u00fczgar [&hellip;]<\/p>\n","protected":false},"author":1,"featured_media":161679,"comment_status":"open","ping_status":"open","sticky":false,"template":"","format":"standard","meta":[],"categories":[51,53,50],"tags":[32265,105735,474,231,4784,324,74710,58200,45445],"views":65,"_links":{"self":[{"href":"https:\/\/www.enerjigazetesi.ist\/en\/wp-json\/wp\/v2\/posts\/161673"}],"collection":[{"href":"https:\/\/www.enerjigazetesi.ist\/en\/wp-json\/wp\/v2\/posts"}],"about":[{"href":"https:\/\/www.enerjigazetesi.ist\/en\/wp-json\/wp\/v2\/types\/post"}],"author":[{"embeddable":true,"href":"https:\/\/www.enerjigazetesi.ist\/en\/wp-json\/wp\/v2\/users\/1"}],"replies":[{"embeddable":true,"href":"https:\/\/www.enerjigazetesi.ist\/en\/wp-json\/wp\/v2\/comments?post=161673"}],"version-history":[{"count":0,"href":"https:\/\/www.enerjigazetesi.ist\/en\/wp-json\/wp\/v2\/posts\/161673\/revisions"}],"wp:featuredmedia":[{"embeddable":true,"href":"https:\/\/www.enerjigazetesi.ist\/en\/wp-json\/wp\/v2\/media\/161679"}],"wp:attachment":[{"href":"https:\/\/www.enerjigazetesi.ist\/en\/wp-json\/wp\/v2\/media?parent=161673"}],"wp:term":[{"taxonomy":"category","embeddable":true,"href":"https:\/\/www.enerjigazetesi.ist\/en\/wp-json\/wp\/v2\/categories?post=161673"},{"taxonomy":"post_tag","embeddable":true,"href":"https:\/\/www.enerjigazetesi.ist\/en\/wp-json\/wp\/v2\/tags?post=161673"}],"curies":[{"name":"wp","href":"https:\/\/api.w.org\/{rel}","templated":true}]}}