{"id":161594,"date":"2022-10-24T21:07:51","date_gmt":"2022-10-24T18:07:51","guid":{"rendered":"https:\/\/www.enerjigazetesi.ist\/?p=161594"},"modified":"2022-10-24T21:09:38","modified_gmt":"2022-10-24T18:09:38","slug":"yesil-binalar-ve-sehirler-zirvesi-07-kasimda-istanbulda-duzenleniyor","status":"publish","type":"post","link":"https:\/\/www.enerjigazetesi.ist\/en\/yesil-binalar-ve-sehirler-zirvesi-07-kasimda-istanbulda-duzenleniyor\/","title":{"rendered":"(Turkish) &#8217;Ye\u015fil Binalar ve \u015eehirler Zirvesi&#8217; 07 Kas\u0131m&#8217;da \u0130stanbul&#8217;da D\u00fczenleniyor"},"content":{"rendered":"<p class=\"qtranxs-available-languages-message qtranxs-available-languages-message-en\">Sorry, this entry is only available in <a href=\"https:\/\/www.enerjigazetesi.ist\/tr\/wp-json\/wp\/v2\/posts\/161594\" class=\"qtranxs-available-language-link qtranxs-available-language-link-tr\" title=\"Turkish\">Turkish<\/a>. For the sake of viewer convenience, the content is shown below in the alternative language. You may click the link to switch the active language.<\/p><p><\/p>\n<h2>Gayrimenkul sekt\u00f6r\u00fcnde s\u00fcrd\u00fcr\u00fclebilirli\u011fin \u00f6nemi ve aciliyeti \u00c7evre Dostu Ye\u015fil Binalar Derne\u011fi ev sahipli\u011finde ve T.C. \u00c7evre, \u015eehircilik ve \u0130klim De\u011fi\u015fikli\u011fi Bakanl\u0131\u011f\u0131 deste\u011fiyle 07 Kas\u0131m 2022&#8217;de \u0130stanbul\u2019da d\u00fczenlenecek Ye\u015fil Binalar ve \u015eehirler Zirvesi\u2019nde tart\u0131\u015f\u0131lacak.<\/h2>\n<p>S\u00fcrd\u00fcr\u00fclebilirlik alan\u0131nda \u00e7\u0131kan f\u0131rsatlar\u0131 daha g\u00fc\u00e7l\u00fc bir \u015fekilde vurgulamak hedefiyle harekete ge\u00e7en yap\u0131 sekt\u00f6r\u00fc, <strong>\u00c7EDB\u0130K \u00c7evre Dostu Ye\u015fil Binalar Derne\u011fi (\u00c7EDB\u0130K)<\/strong>\u00a0ev sahipli\u011finde,\u00a0<strong>T.C.<img loading=\"lazy\" class=\"alignright wp-image-161599\" src=\"https:\/\/www.enerjigazetesi.ist\/wp-content\/uploads\/2022\/10\/yesil-binalar-ve-sehirler-zirvesi-07-kasimda-istanbulda-duzenleniyor.jpg\" alt=\"\" width=\"320\" height=\"320\" srcset=\"https:\/\/www.enerjigazetesi.ist\/wp-content\/uploads\/2022\/10\/yesil-binalar-ve-sehirler-zirvesi-07-kasimda-istanbulda-duzenleniyor.jpg 550w, https:\/\/www.enerjigazetesi.ist\/wp-content\/uploads\/2022\/10\/yesil-binalar-ve-sehirler-zirvesi-07-kasimda-istanbulda-duzenleniyor-300x300.jpg 300w, https:\/\/www.enerjigazetesi.ist\/wp-content\/uploads\/2022\/10\/yesil-binalar-ve-sehirler-zirvesi-07-kasimda-istanbulda-duzenleniyor-150x150.jpg 150w, https:\/\/www.enerjigazetesi.ist\/wp-content\/uploads\/2022\/10\/yesil-binalar-ve-sehirler-zirvesi-07-kasimda-istanbulda-duzenleniyor-400x400.jpg 400w, https:\/\/www.enerjigazetesi.ist\/wp-content\/uploads\/2022\/10\/yesil-binalar-ve-sehirler-zirvesi-07-kasimda-istanbulda-duzenleniyor-50x50.jpg 50w, https:\/\/www.enerjigazetesi.ist\/wp-content\/uploads\/2022\/10\/yesil-binalar-ve-sehirler-zirvesi-07-kasimda-istanbulda-duzenleniyor-100x100.jpg 100w, https:\/\/www.enerjigazetesi.ist\/wp-content\/uploads\/2022\/10\/yesil-binalar-ve-sehirler-zirvesi-07-kasimda-istanbulda-duzenleniyor-500x500.jpg 500w\" sizes=\"(max-width: 320px) 100vw, 320px\" \/> \u00c7evre, \u015eehircilik ve \u0130klim De\u011fi\u015fikli\u011fi Bakanl\u0131\u011f\u0131<\/strong> deste\u011fiyle <strong>\u201cYe\u015fil Binalar ve \u015eehirler Zirvesi\u201922&#8243;<\/strong> etkinli\u011finde bir araya geliyor.<\/p>\n<p><strong>07 Kas\u0131m 2022<\/strong> tarihinde Swiss\u00f4tel The Bosphorus, \u0130stanbul&#8217;da ger\u00e7ekle\u015ftirecek <strong>Ye\u015fil Binalar ve \u015eehirler Zirvesi\u201922<\/strong>, bu y\u0131l &#8220;<strong>S\u0131f\u0131r\u0131n \u0130n\u015fas\u0131<\/strong>&#8221; ana temas\u0131n\u0131 i\u015fleyecek ve gayrimenkul sekt\u00f6r\u00fcnde <strong>s\u00fcrd\u00fcr\u00fclebilirli\u011fin \u00f6nemi<\/strong> ve<strong> aciliyeti<\/strong> daha y\u00fcksek bir sesle duyurulacak.<\/p>\n<p><strong>40&#8217;a<\/strong> yak\u0131n konu\u015fmac\u0131 ve<strong> 100&#8217;e<\/strong> yak\u0131n kurum ve kurulu\u015fun yer alaca\u011f\u0131 <strong>Ye\u015fil Binalar ve \u015eehirler Zirvesi&#8217;22<\/strong>&#8216;de s\u00fcrd\u00fcr\u00fclebilirlik temal\u0131 <strong>5 kritik konu<\/strong> ele al\u0131nacak.<\/p>\n<p>Zirve&#8217;nin a\u00e7\u0131l\u0131\u015f panelinde ise <em>\u00c7EDB\u0130K Y\u00f6netim Kurulu Ba\u015fkan\u0131<\/em>\u00a0<strong>Mehmet Sami KILI\u00c7<\/strong>, <em>Kalyon \u0130n\u015faat Y\u00f6netim Kurulu Ba\u015fkan\u0131\u00a0<\/em><strong>Mehmet Kalyoncu<\/strong>, <em>Alarko Holding Y\u00f6netim Kurulu Ba\u015fkan\u0131<\/em>\u00a0<strong>Niv Garih<\/strong>\u00a0ve <em>Alka\u015f Dan\u0131\u015fmanl\u0131k Ba\u015fkan\u0131<\/em>\u00a0<strong>Avi Alka\u015f<\/strong>\u00a0yer al\u0131yor.<\/p>\n<p><strong>Program Hakk\u0131nda Detayl\u0131 Bilgi \u0130\u00e7in:<\/strong> <a href=\"https:\/\/www.yesilbinazirvesi.com\/\" target=\"_blank\" rel=\"noopener\">https:\/\/www.yesilbinazirvesi.com\/<\/a> adresini ziyaret edebilirsiniz.<\/p>","protected":false},"excerpt":{"rendered":"<p>Sorry, this entry is only available in Turkish. For the sake of viewer convenience, the content is shown below in the alternative language. You may click the link to switch the active language. Gayrimenkul sekt\u00f6r\u00fcnde s\u00fcrd\u00fcr\u00fclebilirli\u011fin \u00f6nemi ve aciliyeti \u00c7evre Dostu Ye\u015fil Binalar Derne\u011fi ev sahipli\u011finde ve T.C. \u00c7evre, \u015eehircilik ve \u0130klim De\u011fi\u015fikli\u011fi Bakanl\u0131\u011f\u0131 deste\u011fiyle [&hellip;]<\/p>\n","protected":false},"author":1,"featured_media":161599,"comment_status":"open","ping_status":"open","sticky":false,"template":"","format":"standard","meta":[],"categories":[53,52],"tags":[4240,97534,104163,101999,55,105725,21363],"views":74,"_links":{"self":[{"href":"https:\/\/www.enerjigazetesi.ist\/en\/wp-json\/wp\/v2\/posts\/161594"}],"collection":[{"href":"https:\/\/www.enerjigazetesi.ist\/en\/wp-json\/wp\/v2\/posts"}],"about":[{"href":"https:\/\/www.enerjigazetesi.ist\/en\/wp-json\/wp\/v2\/types\/post"}],"author":[{"embeddable":true,"href":"https:\/\/www.enerjigazetesi.ist\/en\/wp-json\/wp\/v2\/users\/1"}],"replies":[{"embeddable":true,"href":"https:\/\/www.enerjigazetesi.ist\/en\/wp-json\/wp\/v2\/comments?post=161594"}],"version-history":[{"count":0,"href":"https:\/\/www.enerjigazetesi.ist\/en\/wp-json\/wp\/v2\/posts\/161594\/revisions"}],"wp:featuredmedia":[{"embeddable":true,"href":"https:\/\/www.enerjigazetesi.ist\/en\/wp-json\/wp\/v2\/media\/161599"}],"wp:attachment":[{"href":"https:\/\/www.enerjigazetesi.ist\/en\/wp-json\/wp\/v2\/media?parent=161594"}],"wp:term":[{"taxonomy":"category","embeddable":true,"href":"https:\/\/www.enerjigazetesi.ist\/en\/wp-json\/wp\/v2\/categories?post=161594"},{"taxonomy":"post_tag","embeddable":true,"href":"https:\/\/www.enerjigazetesi.ist\/en\/wp-json\/wp\/v2\/tags?post=161594"}],"curies":[{"name":"wp","href":"https:\/\/api.w.org\/{rel}","templated":true}]}}