{"id":161584,"date":"2022-10-24T20:21:04","date_gmt":"2022-10-24T17:21:04","guid":{"rendered":"https:\/\/www.enerjigazetesi.ist\/?p=161584"},"modified":"2022-10-24T20:32:40","modified_gmt":"2022-10-24T17:32:40","slug":"gaziantep-sanayi-odasi-yesil-donusumde-model-olma-yolunda-ilerliyor","status":"publish","type":"post","link":"https:\/\/www.enerjigazetesi.ist\/en\/gaziantep-sanayi-odasi-yesil-donusumde-model-olma-yolunda-ilerliyor\/","title":{"rendered":"(Turkish) Gaziantep Sanayi Odas\u0131 Ye\u015fil D\u00f6n\u00fc\u015f\u00fcmde Model Olma Yolunda \u0130lerliyor"},"content":{"rendered":"<p class=\"qtranxs-available-languages-message qtranxs-available-languages-message-en\">Sorry, this entry is only available in <a href=\"https:\/\/www.enerjigazetesi.ist\/tr\/wp-json\/wp\/v2\/posts\/161584\" class=\"qtranxs-available-language-link qtranxs-available-language-link-tr\" title=\"Turkish\">Turkish<\/a>. For the sake of viewer convenience, the content is shown below in the alternative language. You may click the link to switch the active language.<\/p><p><\/p>\n<h2>Gaziantep\u00a0Sanayi Odas\u0131 Y\u00f6netim Kurulu Ba\u015fkan\u0131 (GSO) Adnan \u00dcnverdi, t\u00fcm d\u00fcnyan\u0131n odakland\u0131\u011f\u0131 ye\u015fil d\u00f6n\u00fc\u015f\u00fcm konusunda \u00e7ok \u00f6nemli ad\u0131mlar att\u0131klar\u0131n\u0131 belirterek, oda olarak y\u00fcr\u00fctt\u00fckleri altyap\u0131 ve proje \u00e7al\u0131\u015fmalar\u0131yla b\u00f6lgeyle birlikte t\u00fcm\u00a0T\u00fcrkiye\u2019ye model olma yolunda ilerlediklerini kaydetti.<\/h2>\n<p style=\"font-weight: 400;\">AB Ye\u015fil Mutabakat\u0131&#8217;n\u0131n g\u00fcndeme gelmesi ile ilk harekete ge\u00e7en kurumlar aras\u0131nda yer ald\u0131klar\u0131n\u0131 dile getiren \u00dcnverdi, bu do\u011frultuda <strong>ye\u015fil d\u00f6n\u00fc\u015f\u00fcm<\/strong> konusunun<strong> altyap\u0131 \u00e7al\u0131\u015fmalar\u0131, s\u00fcre\u00e7 y\u00f6netimi, projelendirilmesi<\/strong> ve<strong> uygulama<\/strong> konusunda<strong> sonu\u00e7 odakl\u0131 \u00e7al\u0131\u015fmalar<\/strong> y\u00fcr\u00fctt\u00fcklerini s\u00f6yledi.<\/p>\n<p><strong>\u201cYE\u015e\u0130L MUTABAKAT \u00c7ALI\u015eMA GRUBU\u2019NU KURDUK\u201d<img loading=\"lazy\" class=\"alignright wp-image-161588\" src=\"https:\/\/www.enerjigazetesi.ist\/wp-content\/uploads\/2022\/10\/gaziantep-sanayi-odasi-yesil-donusumde-model-olma-yolunda-ilerliyor.jpg\" alt=\"\" width=\"320\" height=\"240\" srcset=\"https:\/\/www.enerjigazetesi.ist\/wp-content\/uploads\/2022\/10\/gaziantep-sanayi-odasi-yesil-donusumde-model-olma-yolunda-ilerliyor.jpg 600w, https:\/\/www.enerjigazetesi.ist\/wp-content\/uploads\/2022\/10\/gaziantep-sanayi-odasi-yesil-donusumde-model-olma-yolunda-ilerliyor-300x225.jpg 300w, https:\/\/www.enerjigazetesi.ist\/wp-content\/uploads\/2022\/10\/gaziantep-sanayi-odasi-yesil-donusumde-model-olma-yolunda-ilerliyor-500x375.jpg 500w, https:\/\/www.enerjigazetesi.ist\/wp-content\/uploads\/2022\/10\/gaziantep-sanayi-odasi-yesil-donusumde-model-olma-yolunda-ilerliyor-67x50.jpg 67w\" sizes=\"(max-width: 320px) 100vw, 320px\" \/><\/strong><\/p>\n<p style=\"font-weight: 400;\">\u0130lk olarak <strong>AB Ye\u015fil Mutabakat Grubu<\/strong>&#8216;nu kurmayla i\u015fe ba\u015flad\u0131klar\u0131n\u0131 ve gelinen noktada firmalar\u0131n <strong>karbon ayak izini \u00f6l\u00e7er hale geldiklerini<\/strong> belirten Adnan \u00dcnverdi, <span style=\"text-decoration: underline;\">\u015funlar\u0131 ifade etti:<\/span><\/p>\n<p><em>\u201cGaziantep Sanayi Odas\u0131 olarak bu y\u0131lki temam\u0131z\u0131 <strong>\u201cVerimlilik ve Ye\u015fil Gelecek\u201d<\/strong> olarak belirlemi\u015ftik. \u00c7ok yeni bir<strong> konu<\/strong> ve<strong> mevzuat\u0131n<\/strong> bile d\u00fcnyada t\u00fcm y\u00f6nleriyle ortaya konulamamas\u0131na ra\u011fmen yola erken \u00e7\u0131kman\u0131n kar\u015f\u0131l\u0131\u011f\u0131n\u0131 al\u0131yoruz. Bu kapsamda ivedilikle Odam\u0131z \u00f6nc\u00fcl\u00fc\u011f\u00fcnde, <strong>Gaziantep \u00dcniversitesi, Hasan Kalyoncu \u00dcniversitesi, Gaziantep Organize Sanayi B\u00f6lgesi M\u00fcd\u00fcrl\u00fc\u011f\u00fc, Elektrik M\u00fchendisleri Odas\u0131 ve \u0130n\u015faat M\u00fchendisleri Odas\u0131<\/strong>&#8216;ndan olu\u015fan <strong>bir \u00e7al\u0131\u015fma grubu<\/strong> kurduk. Alan\u0131nda uzmanlar\u0131n yer ald\u0131\u011f\u0131 grubumuz, <strong>Gaziantepli sanayicilerim<\/strong>izin <strong>AB Ye\u015fil Mutabakat\u0131na<\/strong> uyum s\u00fcrecine adapte olmalar\u0131 i\u00e7in<strong> fark\u0131ndal\u0131k programlar\u0131<\/strong> ve <strong>\u00e7al\u0131\u015fmalar<\/strong> yap\u0131yor\u201d<\/em> diye konu\u015ftu.<\/p>\n<h3 style=\"font-weight: 400;\"><strong>\u201cGSO, YE\u015e\u0130L ENERJ\u0130 SERT\u0130F\u0130KASI ALAN \u0130LK SANAY\u0130 ODASI\u201d<\/strong><\/h3>\n<p style=\"font-weight: 400;\">\u00dcnverdi,<strong> temiz enerji<\/strong> konusunda \u00e7al\u0131\u015fmalara Oda olarak kendilerinden ba\u015flad\u0131klar\u0131n\u0131 dile getirerek, \u201cAlm\u0131\u015f oldu\u011fumuz sertifika ile yakla\u015f\u0131k <strong>16.500<\/strong> a\u011fac\u0131n azaltabilece\u011fi sera gaz\u0131 miktar\u0131na denk gelen <strong>180 ton karbondioksit<\/strong> e\u015fde\u011feri karbon miktar\u0131n\u0131n do\u011faya sal\u0131nmas\u0131n\u0131 engellemi\u015f oluyoruz. Bununla birlikte <strong>Model Fabrikam\u0131z\u0131n<\/strong> \u00fczerine de <strong>G\u00fcne\u015f Enerji Sistemi<\/strong> kuruyoruz.<\/p>\n<p>Kaynak: <a href=\"https:\/\/www.gaziantepinhabercisi.com\/haber\/12425288\/gso-yesil-donusumde-model-olma-yolunda-ilerliyor\" target=\"_blank\" rel=\"noopener\">GaziantepinHabercisi<\/a><\/p>","protected":false},"excerpt":{"rendered":"<p>Sorry, this entry is only available in Turkish. For the sake of viewer convenience, the content is shown below in the alternative language. You may click the link to switch the active language. Gaziantep\u00a0Sanayi Odas\u0131 Y\u00f6netim Kurulu Ba\u015fkan\u0131 (GSO) Adnan \u00dcnverdi, t\u00fcm d\u00fcnyan\u0131n odakland\u0131\u011f\u0131 ye\u015fil d\u00f6n\u00fc\u015f\u00fcm konusunda \u00e7ok \u00f6nemli ad\u0131mlar att\u0131klar\u0131n\u0131 belirterek, oda olarak y\u00fcr\u00fctt\u00fckleri [&hellip;]<\/p>\n","protected":false},"author":1,"featured_media":161589,"comment_status":"open","ping_status":"open","sticky":false,"template":"","format":"standard","meta":[],"categories":[51,53,52],"tags":[105724,86756,12,18093,18094,842,793,97,2482,18965],"views":108,"_links":{"self":[{"href":"https:\/\/www.enerjigazetesi.ist\/en\/wp-json\/wp\/v2\/posts\/161584"}],"collection":[{"href":"https:\/\/www.enerjigazetesi.ist\/en\/wp-json\/wp\/v2\/posts"}],"about":[{"href":"https:\/\/www.enerjigazetesi.ist\/en\/wp-json\/wp\/v2\/types\/post"}],"author":[{"embeddable":true,"href":"https:\/\/www.enerjigazetesi.ist\/en\/wp-json\/wp\/v2\/users\/1"}],"replies":[{"embeddable":true,"href":"https:\/\/www.enerjigazetesi.ist\/en\/wp-json\/wp\/v2\/comments?post=161584"}],"version-history":[{"count":1,"href":"https:\/\/www.enerjigazetesi.ist\/en\/wp-json\/wp\/v2\/posts\/161584\/revisions"}],"predecessor-version":[{"id":161585,"href":"https:\/\/www.enerjigazetesi.ist\/en\/wp-json\/wp\/v2\/posts\/161584\/revisions\/161585"}],"wp:featuredmedia":[{"embeddable":true,"href":"https:\/\/www.enerjigazetesi.ist\/en\/wp-json\/wp\/v2\/media\/161589"}],"wp:attachment":[{"href":"https:\/\/www.enerjigazetesi.ist\/en\/wp-json\/wp\/v2\/media?parent=161584"}],"wp:term":[{"taxonomy":"category","embeddable":true,"href":"https:\/\/www.enerjigazetesi.ist\/en\/wp-json\/wp\/v2\/categories?post=161584"},{"taxonomy":"post_tag","embeddable":true,"href":"https:\/\/www.enerjigazetesi.ist\/en\/wp-json\/wp\/v2\/tags?post=161584"}],"curies":[{"name":"wp","href":"https:\/\/api.w.org\/{rel}","templated":true}]}}