{"id":16155,"date":"2013-10-04T17:53:29","date_gmt":"2013-10-04T14:53:29","guid":{"rendered":"https:\/\/www.enerjigazetesi.ist\/?p=16155"},"modified":"2013-10-04T17:53:29","modified_gmt":"2013-10-04T14:53:29","slug":"enerji-hanimin-faturasi-yuzde-33-geriledi","status":"publish","type":"post","link":"https:\/\/www.enerjigazetesi.ist\/en\/enerji-hanimin-faturasi-yuzde-33-geriledi\/","title":{"rendered":"(Turkish) Enerji Han\u0131m`\u0131n Faturas\u0131 Y\u00fczde 33 Geriledi!"},"content":{"rendered":"<p class=\"qtranxs-available-languages-message qtranxs-available-languages-message-en\">Sorry, this entry is only available in <a href=\"https:\/\/www.enerjigazetesi.ist\/tr\/wp-json\/wp\/v2\/posts\/16155\" class=\"qtranxs-available-language-link qtranxs-available-language-link-tr\" title=\"Turkish\">Turkish<\/a>. For the sake of viewer convenience, the content is shown below in the alternative language. You may click the link to switch the active language.<\/p><p><strong>T\u00fcrkiye\u2019yi il il dola\u015farak kad\u0131nlara evlerde enerjiyi verimli kullanma y\u00f6ntemlerini anlatan Enerji Han\u0131m, kendisin de uygulad\u0131\u011f\u0131 y\u00f6ntemlerle evindeki elektrik faturas\u0131n\u0131 \u00fc\u00e7 ayda y\u00fczde 33 oran\u0131nda d\u00fc\u015f\u00fcrd\u00fc. Enerji ve Tabii Kaynaklar Bakanl\u0131\u011f\u0131 ile Aile ve Sosyal Politikalar Bakanl\u0131\u011f\u0131n\u0131n ortak projesi olan Enerji Han\u0131m\u2019\u0131n 18`inci dura\u011f\u0131, konutlarda en \u00e7ok enerji t\u00fcketen \u00fc\u00e7\u00fcnc\u00fc il konumundaki ba\u015fkent Ankara oldu.<\/strong><\/p>\n<p>Enerji Verimlili\u011fi Derne\u011fi\u2019nin Alt\u0131nda\u011f Yunus Emre K\u00fclt\u00fcr Merkezi\u2019nde d\u00fczenledi\u011fi toplant\u0131da konu\u015fan Enerji Han\u0131m, anlatt\u0131\u011f\u0131 y\u00f6ntemin faydalar\u0131n\u0131 belgeleriyle kan\u0131tlad\u0131. T\u00fcrkiye\u2019yi il il dola\u015farak kad\u0131nlara evde basit y\u00f6ntemlerle enerjiyi verimli kullanma ve tasarrufu anlatan Enerji Han\u0131m karakterini canland\u0131ran sanat\u00e7\u0131 S\u00fceda \u00c7il, kendi faturalar\u0131n\u0131 g\u00f6stererek, kampanyan\u0131n nas\u0131l sonu\u00e7 verdi\u011fini anlatt\u0131.<\/p>\n<p><strong>ELEKTR\u0130K FATURASI 71 L\u0130RADAN 48 TL`YE \u0130ND\u0130<\/strong><br \/>\nKampanya ba\u015flamadan \u00f6nce bir ayda 71 lira e<a href=\"https:\/\/www.enerjigazetesi.ist\/wp-content\/uploads\/2013\/05\/enerji-hanim-projesi-trabzon.jpg\"><img loading=\"lazy\" class=\"alignleft size-medium wp-image-10731\" title=\"enerji-hanim-projesi-enerji-verimliligi-ve-tasarrufu\" src=\"https:\/\/www.enerjigazetesi.ist\/wp-content\/uploads\/2013\/05\/enerji-hanim-projesi-trabzon-300x203.jpg\" alt=\"\" width=\"300\" height=\"203\" srcset=\"https:\/\/www.enerjigazetesi.ist\/wp-content\/uploads\/2013\/05\/enerji-hanim-projesi-trabzon-300x203.jpg 300w, https:\/\/www.enerjigazetesi.ist\/wp-content\/uploads\/2013\/05\/enerji-hanim-projesi-trabzon-73x50.jpg 73w, https:\/\/www.enerjigazetesi.ist\/wp-content\/uploads\/2013\/05\/enerji-hanim-projesi-trabzon.jpg 480w\" sizes=\"(max-width: 300px) 100vw, 300px\" \/><\/a>lektrik paras\u0131 \u00f6deyen Enerji Han\u0131m, uygulad\u0131\u011f\u0131 \u00f6nlemlerle faturas\u0131n\u0131 May\u0131s ay\u0131nda 55.30 liraya, Haziran\u2019da da 47,80 liraya indirdi\u011fini bildirdi. &#8220;Aile b\u00fct\u00e7esine y\u0131lda bir \u00e7eyrek alt\u0131n, T\u00fcrkiye ekonomisine ise 4 miyar TL katk\u0131&#8221; parolas\u0131 ile yola \u00e7\u0131kt\u0131klar\u0131n\u0131 anlatan Enerji Han\u0131m, kampanyan\u0131n ba\u015far\u0131ya ula\u015fmas\u0131na kesin g\u00f6zle bakt\u0131klar\u0131n\u0131 s\u00f6yledi.<\/p>\n<p>Turizm eski Bakan\u0131 ve AK Parti Kad\u0131n Kollar\u0131 Ba\u015fkan\u0131 G\u00fcldal Ak\u015fit ile bir\u00e7ok ildeki etkinliklerde bulunarak kampanyaya destek veren Enerji ve Tabii Kaynaklar Bakan\u0131 Taner Y\u0131ld\u0131z\u2019\u0131n e\u015fi Selma Y\u0131ld\u0131z\u2019\u0131n da kat\u0131ld\u0131\u011f\u0131 toplant\u0131ya, Ankara\u2019n\u0131n \u00e7e\u015fitli il\u00e7elerinden bini a\u015fk\u0131n kad\u0131n kat\u0131ld\u0131.<\/p>\n<p><strong>ENERJ\u0130 TALEB\u0130 EN HIZLI ARTAN \u00dcLKE T\u00dcRK\u0130YE<\/strong><br \/>\nToplant\u0131n\u0131n a\u00e7\u0131\u015f konu\u015fmas\u0131n\u0131 yapan Enerji Bakanl\u0131\u011f\u0131 Daire Ba\u015fkan\u0131 ve Enerji Verimlili\u011fi Derne\u011fi Y\u00f6netim Kurulu \u00dcyesi Dr. Neslihan Y\u00fcksel, enerji kaynaklar\u0131n\u0131 \u00fcretimden t\u00fcketime kadar olan b\u00fct\u00fcn a\u015famalarda en y\u00fcksek etkinlikte kullanmak olan enerji verimlili\u011finin 7\u2019den 70\u2019 e t\u00fcm \u00fclke fertleri taraf\u0131ndan benimsenmesi gerekti\u011fini s\u00f6yledi.<\/p>\n<p><strong>KONFORDAN \u00d6D\u00dcN VERMEDEN TASARRUF<\/strong><br \/>\n&#8220;Ya\u015fam kalitenizden ve konforunuzdan \u00f6d\u00fcn vermeden enerjiyi verimli kullanman\u0131n, israf etmemenin ve tasarrufta bulunman\u0131n&#8221; \u00f6nemini anlatan Dr. Neslihan Y\u00fcksel \u015f\u00f6yle konu\u015ftu:<\/p>\n<p>&#8220;Uluslararas\u0131 Enerji Ajans\u0131\u2019n\u0131n tahminlerine g\u00f6re 12,7 milyar TEP olan d\u00fcnya birincil enerji talebinin mevcut enerji politikalar\u0131 ile devam edilmesi durumunda 2035 y\u0131l\u0131nda y\u00fczde 50 oran\u0131nda artarak 18,7 milyar TEP\u2019e ula\u015fmas\u0131 bekleniyor. \u00dclkemizde son 10 y\u0131lda birincil enerji t\u00fcketimi y\u00fczde 50 artt\u0131. Elektrik enerjisi t\u00fcketimimiz 2 kat ve do\u011falgaz t\u00fcketimimiz 3 kat art\u0131\u015f g\u00f6sterdi. T\u00fcrkiye, OECD \u00fclkeleri i\u00e7erisinde, ge\u00e7ti\u011fimiz 10 y\u0131ll\u0131k d\u00f6nemde enerji talep art\u0131\u015f\u0131n\u0131n en h\u0131zl\u0131 ger\u00e7ekle\u015fti\u011fi \u00fclke durumundad\u0131r. D\u00fcnyada 2002 y\u0131l\u0131ndan buyana elektrik ve do\u011falgazda \u00c7in\u2019den sonra en fazla talep art\u0131\u015f h\u0131z\u0131na sahip \u00fclke konumunday\u0131z. Yap\u0131lan projeksiyonlar, bu e\u011filimin orta ve uzun vadede devam edece\u011fini g\u00f6steriyor.&#8221;<\/p>\n<p><strong>2035`E KADAR ENERJ\u0130YE 120 M\u0130LYAR $<\/strong><br \/>\nKonu\u015fmas\u0131nda artan talebi kar\u015f\u0131lamak i\u00e7in enerji yat\u0131r\u0131mlar\u0131n\u0131n da her y\u0131l artt\u0131\u011f\u0131na dikkat \u00e7eken Neslihan Y\u00fcksel \u015f\u00f6yle devam etti:<br \/>\n&#8220;Enerji sekt\u00f6r\u00fcne 2012 ile 2035 y\u0131llar\u0131 aras\u0131nda k\u00fcresel \u00f6l\u00e7ekte \u00fc\u00e7te ikisi OECD d\u0131\u015f\u0131 \u00fclkelerden kaynaklanmak \u00fczere 37,4 trilyon dolar yat\u0131r\u0131m yap\u0131laca\u011f\u0131 \u00f6ng\u00f6r\u00fcl\u00fcyor. \u00dclkemizde enerji arz g\u00fcvenli\u011fi konusunda herhangi bir problem bulunmamakla birlikte, mevcut kapasiteyi yenilemek ve artan ihtiyac\u0131 kar\u015f\u0131lamak i\u00e7in enerji sekt\u00f6r\u00fcne 2023 y\u0131l\u0131na kadar 120 milyar dolar yat\u0131r\u0131m yap\u0131lmas\u0131 planlan\u0131yor. T\u00fcm bu yat\u0131r\u0131mlar\u0131, enerjiyi daha verimli kullanarak azaltabilir ve bu kaynaklar\u0131 farkl\u0131 ihtiya\u00e7lar\u0131m\u0131z i\u00e7in de\u011ferlendirebiliriz. Enerji Kaynaklar\u0131 sonsuz ve s\u0131n\u0131rs\u0131z olan bir d\u00fcnyada ya\u015fam\u0131yoruz. D\u00fcnyadaki her kayna\u011f\u0131n bir s\u0131n\u0131r\u0131 ve sonu var. Bu nedenle, enerji kaynaklar\u0131n\u0131 kullan\u0131rken bu bilin\u00e7le hareket etmeliyiz.&#8221;<\/p>\n<p><strong>ENERJ\u0130 HANIM, HAFTAYA \u0130STANBUL`DA<\/strong><br \/>\nEnerji Han\u0131m\u2019\u0131n 19. dura\u011f\u0131 \u0130stanbul olacak. 9 Ekim 2013 \u00c7ar\u015famba g\u00fcn\u00fc Hali\u00e7 Kongre ve K\u00fclt\u00fcr Merkezi\u2019nde ger\u00e7ekle\u015ftirilecek etkinli\u011fe, projeye ba\u015f\u0131ndan itibaren destek veren Ba\u015fbakan Recep Tayyip Erdo\u011fan\u2019\u0131n e\u015fi Emine Erdo\u011fan da kat\u0131lacak.<\/p>\n<p>Yay\u0131nc\u0131: <a href=\"https:\/\/www.enerjigazetesi.ist\" target=\"_blank\">Enerji Gazetesi<\/a><\/p>","protected":false},"excerpt":{"rendered":"<p>Sorry, this entry is only available in Turkish. For the sake of viewer convenience, the content is shown below in the alternative language. You may click the link to switch the active language.T\u00fcrkiye\u2019yi il il dola\u015farak kad\u0131nlara evlerde enerjiyi verimli kullanma y\u00f6ntemlerini anlatan Enerji Han\u0131m, kendisin de uygulad\u0131\u011f\u0131 y\u00f6ntemlerle evindeki elektrik faturas\u0131n\u0131 \u00fc\u00e7 ayda y\u00fczde [&hellip;]<\/p>\n","protected":false},"author":1,"featured_media":10731,"comment_status":"open","ping_status":"open","sticky":false,"template":"","format":"standard","meta":[],"categories":[53,52],"tags":[2674,1229,63,67,1009,1530,165,988,103,12,3695,3830,846,133],"views":785,"_links":{"self":[{"href":"https:\/\/www.enerjigazetesi.ist\/en\/wp-json\/wp\/v2\/posts\/16155"}],"collection":[{"href":"https:\/\/www.enerjigazetesi.ist\/en\/wp-json\/wp\/v2\/posts"}],"about":[{"href":"https:\/\/www.enerjigazetesi.ist\/en\/wp-json\/wp\/v2\/types\/post"}],"author":[{"embeddable":true,"href":"https:\/\/www.enerjigazetesi.ist\/en\/wp-json\/wp\/v2\/users\/1"}],"replies":[{"embeddable":true,"href":"https:\/\/www.enerjigazetesi.ist\/en\/wp-json\/wp\/v2\/comments?post=16155"}],"version-history":[{"count":1,"href":"https:\/\/www.enerjigazetesi.ist\/en\/wp-json\/wp\/v2\/posts\/16155\/revisions"}],"predecessor-version":[{"id":16156,"href":"https:\/\/www.enerjigazetesi.ist\/en\/wp-json\/wp\/v2\/posts\/16155\/revisions\/16156"}],"wp:featuredmedia":[{"embeddable":true,"href":"https:\/\/www.enerjigazetesi.ist\/en\/wp-json\/wp\/v2\/media\/10731"}],"wp:attachment":[{"href":"https:\/\/www.enerjigazetesi.ist\/en\/wp-json\/wp\/v2\/media?parent=16155"}],"wp:term":[{"taxonomy":"category","embeddable":true,"href":"https:\/\/www.enerjigazetesi.ist\/en\/wp-json\/wp\/v2\/categories?post=16155"},{"taxonomy":"post_tag","embeddable":true,"href":"https:\/\/www.enerjigazetesi.ist\/en\/wp-json\/wp\/v2\/tags?post=16155"}],"curies":[{"name":"wp","href":"https:\/\/api.w.org\/{rel}","templated":true}]}}