{"id":161396,"date":"2022-10-19T14:48:50","date_gmt":"2022-10-19T11:48:50","guid":{"rendered":"https:\/\/www.enerjigazetesi.ist\/?p=161396"},"modified":"2022-10-19T14:53:17","modified_gmt":"2022-10-19T11:53:17","slug":"surdurulebilir-is-odullerinin-kazananlari-odul-toreni-ile-aciklandi","status":"publish","type":"post","link":"https:\/\/www.enerjigazetesi.ist\/en\/surdurulebilir-is-odullerinin-kazananlari-odul-toreni-ile-aciklandi\/","title":{"rendered":"(Turkish) S\u00fcrd\u00fcr\u00fclebilir \u0130\u015f \u00d6d\u00fclleri&#8217;nin Kazananlar\u0131 \u00d6d\u00fcl T\u00f6reni ile A\u00e7\u0131kland\u0131"},"content":{"rendered":"<p class=\"qtranxs-available-languages-message qtranxs-available-languages-message-en\">Sorry, this entry is only available in <a href=\"https:\/\/www.enerjigazetesi.ist\/tr\/wp-json\/wp\/v2\/posts\/161396\" class=\"qtranxs-available-language-link qtranxs-available-language-link-tr\" title=\"Turkish\">Turkish<\/a>. For the sake of viewer convenience, the content is shown below in the alternative language. You may click the link to switch the active language.<\/p><p><\/p>\n<h2><strong>S\u00fcrd\u00fcr\u00fclebilirlik Akademisi\u2019nin \u00f6nemli \u00e7al\u0131\u015fmas\u0131 olan; sosyal, ekonomik ve \u00e7evresel konularda \u00f6nemli etkiler yaratan ve ortak gelece\u011fimize sahip \u00e7\u0131kan i\u015f modellerini, projeleri vurgulayarak, i\u015f d\u00fcnyas\u0131 i\u00e7in rol modelleri payla\u015fmak amac\u0131yla, bu y\u0131l 9&#8217;uncu kez d\u00fczenlenirken kazananlar ise g\u00f6rkemli \u00f6d\u00fcl t\u00f6reninde a\u00e7\u0131kland\u0131.<\/strong><\/h2>\n<p><strong>Sosyal, ekonomik <\/strong>ve<strong> \u00e7evresel<\/strong> konularda \u00f6nemli etkiler yaratan ba\u015far\u0131l\u0131 modelleri ve projeleri \u00f6d\u00fcllendiren platformda, geride kalan<strong> 9<\/strong> y\u0131lda <strong>145<\/strong>\u2019in \u00fczerinde proje \u00f6d\u00fcllendirilmi\u015fti.\u00a0B\u00fcy\u00fck \u00d6l\u00e7ekli firmalar\u0131n yan\u0131 s\u0131ra<strong> KOB\u0130, Startup, Belediye<\/strong> ve bu y\u0131l dahil olan<strong> sivil toplum kurulu\u015flar\u0131n\u0131n da<\/strong> kat\u0131labildi\u011fi \u00f6d\u00fcller i\u00e7in\u00a0finale kalan projeler, 15 kategoride 51 ki\u015filik j\u00fcri kurulu taraf\u0131ndan zorlu bir de\u011ferlendirme s\u00fcreci sonucu belirlendi ve <strong>35 proje<\/strong> \u00f6d\u00fcle lay\u0131k g\u00f6r\u00fcld\u00fc.<\/p>\n<p style=\"text-align: center\"><img loading=\"lazy\" class=\"aligncenter wp-image-161399\" src=\"https:\/\/www.enerjigazetesi.ist\/wp-content\/uploads\/2022\/10\/surdurulebilir-is-odulleri.jpg\" alt=\"\" width=\"550\" height=\"296\" srcset=\"https:\/\/www.enerjigazetesi.ist\/wp-content\/uploads\/2022\/10\/surdurulebilir-is-odulleri.jpg 984w, https:\/\/www.enerjigazetesi.ist\/wp-content\/uploads\/2022\/10\/surdurulebilir-is-odulleri-300x162.jpg 300w, https:\/\/www.enerjigazetesi.ist\/wp-content\/uploads\/2022\/10\/surdurulebilir-is-odulleri-768x414.jpg 768w, https:\/\/www.enerjigazetesi.ist\/wp-content\/uploads\/2022\/10\/surdurulebilir-is-odulleri-500x269.jpg 500w, https:\/\/www.enerjigazetesi.ist\/wp-content\/uploads\/2022\/10\/surdurulebilir-is-odulleri-80x43.jpg 80w\" sizes=\"(max-width: 550px) 100vw, 550px\" \/><\/p>\n<p>S\u00fcrd\u00fcr\u00fclebilir \u0130\u015f \u00d6d\u00fclleri, gelecek y\u0131llarda da daha iyi gelecek i\u00e7in bir\u00e7ok yenilik\u00e7i projenin ortaya \u00e7\u0131kmas\u0131na ilham ve y\u00f6n vermeye devam edecek.<\/p>\n<h2><strong>T\u00fcrkiye\u2019de s\u00fcrd\u00fcr\u00fclebilir gelecek hedefi ile yeni ekonominin \u00f6rnek lider kurumlar\u0131 aras\u0131nda yer alarak di\u011fer kurulu\u015flara model te\u015fkil edecek \u00e7al\u0131\u015fmalar ile \u00f6d\u00fcl alan kurum ve projeleri ise;<\/strong><\/h2>\n<h3><strong><u>SU Y\u00d6NET\u0130M\u0130<\/u><\/strong><\/h3>\n<p><strong>KORDSA\u00a0<\/strong>\u2013 Kordsa \u0130zmit tesisi Su Tasarrufu Projeleri<\/p>\n<p><strong>\u00a0<\/strong><\/p>\n<h3><strong><u>KARBON Y\u00d6NET\u0130M\u0130<\/u><\/strong><\/h3>\n<p><strong>\u00c7\u0130MSA<\/strong>\u00a0\u2013 From Grey to Green<\/p>\n<p><strong>\u00a0<\/strong><\/p>\n<h3><strong><u>S\u00dcRD\u00dcR\u00dcLEB\u0130L\u0130R \u0130NOVASYON<\/u><\/strong><\/h3>\n<p><strong>TUSA\u015e T\u00dcRK HAVACILIK VE UZAY SANAY\u0130\u0130<\/strong>\u00a0\u2013 Termoplastik Malzeme ile Proses ve \u00dcr\u00fcn Geli\u015ftirme\u00a0(PROSES)<\/p>\n<p><strong>VESTEL BEYAZ E\u015eYA<\/strong>\u00a0\u2013 Mikrofiber Filtreli \u00c7ama\u015f\u0131r Makinesi\u00a0(\u00dcR\u00dcN)<\/p>\n<p><strong>\u00a0<\/strong><\/p>\n<h3><strong><u>ATIK Y\u00d6NET\u0130M\u0130<\/u><\/strong><\/h3>\n<p><strong>ROTEKS TEKST\u0130L<\/strong>\u00a0\u2013 S\u0131f\u0131r Kimyasal Kullanarak Kuma\u015f At\u0131klar\u0131ndan Geri D\u00f6n\u00fc\u015ft\u00fcr\u00fclm\u00fc\u015f Ceplik Geli\u015ftirilmesi<\/p>\n<p><strong>KAZLI\u00c7E\u015eME DER\u0130 \u00dcR\u00dcNLER\u0130\u00a0<\/strong>\u2013 Deri \u00dcretimi \u0130leri D\u00f6n\u00fc\u015f\u00fcm Projesi\u00a0(KOB\u0130)<\/p>\n<p><strong>FAT\u0130H BELED\u0130YES\u0130<\/strong>\u00a0\u2013<strong>\u00a0<\/strong>S\u0131f\u0131r At\u0131k E\u011fitim Merkezi ve Geri D\u00f6n\u00fc\u015f\u00fcm At\u00f6lyesi\u00a0(BELED\u0130YE)<\/p>\n<p><strong>\u00a0<\/strong><\/p>\n<h3><strong><u>ENERJ\u0130 Y\u00d6NET\u0130M\u0130<\/u><\/strong><\/h3>\n<p><strong>G\u00d6KNUR GIDA\u00a0<\/strong>\u2013 Meyve ve Sebze Proses At\u0131klar\u0131ndan Enerjiye Yolculuk<\/p>\n<p><strong>\u00a0<\/strong><\/p>\n<h3><strong><u>D\u00d6NG\u00dcSEL PLAST\u0130K Y\u00d6NET\u0130M\u0130<\/u><\/strong><\/h3>\n<p><strong>AR\u00c7EL\u0130K-LG KL\u0130MA\u00a0<\/strong>\u2013 RePPet Hammaddesinin Geli\u015ftirilmesi ve Kullan\u0131m\u0131 ile Klima \u00dcr\u00fcn\u00fcn\u00fcn S\u00fcrd\u00fcr\u00fclebilirlik Yolculu\u011funda Fark Yarat\u0131lmas\u0131<\/p>\n<p><strong>\u00a0<\/strong><\/p>\n<h3><strong><u>TEDAR\u0130K Z\u0130NC\u0130R\u0130 Y\u00d6NET\u0130M\u0130<\/u><\/strong><\/h3>\n<p><strong>BSH EV ALETLER\u0130<\/strong>\u00a0\u2013 Green Logistic<\/p>\n<p>&nbsp;<\/p>\n<h3><strong><u>\u0130\u015eB\u0130RL\u0130\u011e\u0130<\/u><\/strong><\/h3>\n<p><strong>T\u00dcRK\u0130YE \u0130\u015e BANKASI<\/strong>\u00a0\u2013 Vodafone Business Dijital Tar\u0131m \u00c7\u00f6z\u00fcm\u00fc\u00a0(KURUMLAR ARASI)<\/p>\n<p><strong>\u00dcLKER B\u0130SK\u00dcV\u0130<\/strong>\u00a0\u2013 Beyond Cocoa\u00a0(KURUM &amp; STK)<\/p>\n<p><strong>FAZLA GIDA<\/strong>\u00a0\u2013 Fazla G\u0131da &amp; G\u0131da Kurtarma Derne\u011fi\u00a0(KURUM &amp; STK \u2013 KOB\u0130)<\/p>\n<p><strong>TEPEBA\u015eI BELED\u0130YES\u0130\u00a0<\/strong>\u2013 GES\u0130KOOP\u00a0(BELED\u0130YE)<\/p>\n<p><strong>T\u00dcRK\u0130YE E\u011e\u0130T\u0130M G\u00d6N\u00dcLL\u00dcLER\u0130 VAKFI &amp; T\u00dcB\u0130SAD\u00a0<\/strong>\u2013 Atma Ba\u011f\u0131\u015fla!\u00a0(STK &amp; STK)<\/p>\n<p><strong>TEKFEN VAKFI\u00a0<\/strong>\u2013 Kad\u0131n \u00c7ift\u00e7i Giri\u015fim Kredisi\u00a0(STK &amp; KURUM)<\/p>\n<p><strong>\u00a0<\/strong><\/p>\n<h3><strong><u>SOSYAL ETK\u0130<\/u><\/strong><\/h3>\n<p><strong>VODAFONE T\u00dcRK\u0130YE<\/strong>\u00a0\u2013 Ye\u015fil Gezegen\u00a0(\u00c7EVRE ODAKLI)<\/p>\n<p><strong>ALTIPARMAK\u00a0<\/strong>\u2013 Balparmak Ar\u0131c\u0131l\u0131k Akademisi\u00a0(\u0130NSAN ODAKLI)<\/p>\n<p><strong>N\u0130L\u00dcFER BELED\u0130YES\u0130<\/strong>\u00a0\u2013 Sosyal Belediyecilikte Yeni Nesil \u00dcretim Hareketi: At\u00f6lye Nil\u00fcfer\u00a0(\u0130NSAN ODAKLI \u2013 BELED\u0130YE)<\/p>\n<p><strong>\u00a0<\/strong><\/p>\n<h3><strong><u>S\u00dcRD\u00dcR\u00dcLEB\u0130L\u0130R \u0130\u015e RAPORLAMASI<\/u><\/strong><\/h3>\n<p><strong>AR\u00c7EL\u0130K<\/strong>\u00a0\u2013 2021 S\u00fcrd\u00fcr\u00fclebilirlik Raporu<\/p>\n<p><strong>GARANT\u0130 BBVA<\/strong>\u00a0\u2013 2021 Entegre Faaliyet Raporu<\/p>\n<p><strong>OTOMOT\u0130V SANAY\u0130\u0130 DERNE\u011e\u0130\u00a0<\/strong>\u2013 Otomotiv Sanayi S\u00fcrd\u00fcr\u00fclebilirlik Raporu\u00a0(STK)<\/p>\n<p><strong>\u00a0<\/strong><\/p>\n<h3><strong><u>\u00c7ALI\u015eAN KATILIMI<\/u><\/strong><\/h3>\n<p><strong>ZORLU HOLD\u0130NG\u00a0<\/strong>\u2013 K\u0131v\u0131lc\u0131mlar Hareketi<\/p>\n<p><strong>\u00a0<\/strong><\/p>\n<h3><strong><u>KADININ G\u00dc\u00c7LEND\u0130R\u0130LMES\u0130<\/u><\/strong><\/h3>\n<p><strong>OF\u0130 TARIM<\/strong>\u00a0\u2013 F\u0131nd\u0131\u011f\u0131n Yolcusu Kad\u0131nlar Projesi<\/p>\n<p><strong>\u0130\u015e PORTF\u00d6Y Y\u00d6NET\u0130M\u0130<\/strong>\u00a0\u2013 \u0130\u015f\u2019te Kad\u0131n Hisse Senedi Fonu\u00a0(KOB\u0130)<\/p>\n<p><strong>\u00a0<\/strong><\/p>\n<h3><strong><u>\u00c7E\u015e\u0130TL\u0130L\u0130K VE KAPSAYICILIK<\/u><\/strong><\/h3>\n<p><strong>BOYNER GRUP<\/strong>\u00a0\u2013 G\u00f6n\u00fclden \u0130\u015faret<\/p>\n<p><strong>AGESA<\/strong>\u00a0\u2013 Her Ya\u015fta<\/p>\n<p><strong>MALATYA B\u00dcY\u00dcK\u015eEH\u0130R BELED\u0130YES\u0130<\/strong>\u00a0\u2013 Engelli Ara\u00e7lar\u0131 Tamir Ve Bak\u0131m \u0130stasyonu\u00a0(B\u00dcY\u00dcK\u015eEH\u0130R BELED\u0130YES\u0130)<\/p>\n<p><strong>\u00a0<\/strong><\/p>\n<h3><strong><u>S\u00dcRD\u00dcR\u00dcLEB\u0130L\u0130RL\u0130K \u0130LET\u0130\u015e\u0130M\u0130<\/u><\/strong><\/h3>\n<p><strong>AR\u00c7EL\u0130K<\/strong>\u00a0\u2013 \u0130Y\u0130-GE \u2013 \u0130klim Dostu Hareket<\/p>\n<p><strong>DOGO<\/strong>\u00a0\u2013 DOGO X Creativity Explored\u00a0(KOB\u0130)<\/p>\n<p><strong>\u0130STANBUL SANAY\u0130 ODASI<\/strong>\u00a0\u2013 Sekt\u00f6rel S\u00fcrd\u00fcr\u00fclebilirlik Yol Haritalar\u0131\u00a0(ODA)<\/p>\n<p><strong>SABR\u0130 \u00dcLKER VAKFI<\/strong>\u00a0\u2013 Yemekte Denge E\u011fitim Projesi\u00a0(STK)<\/p>\n<p><strong>ELYAF TEKST\u0130L<\/strong>\u00a0\u2013 Elyaf Medya A\u011f\u0131\u00a0(\u0130\u00c7 \u0130LET\u0130\u015e\u0130M)<\/p>\n<p><strong>SABANCIDX<\/strong>\u00a0\u2013 Gelece\u011fin Y\u00fczleri\u00a0(KADININ G\u00dc\u00c7LEND\u0130R\u0130LMES\u0130)<\/p>\n<p><strong><u>YILIN STARTUP\u2019I<\/u><\/strong><\/p>\n<p><strong>NIVOGO<\/strong><\/p>","protected":false},"excerpt":{"rendered":"<p>Sorry, this entry is only available in Turkish. For the sake of viewer convenience, the content is shown below in the alternative language. You may click the link to switch the active language. S\u00fcrd\u00fcr\u00fclebilirlik Akademisi\u2019nin \u00f6nemli \u00e7al\u0131\u015fmas\u0131 olan; sosyal, ekonomik ve \u00e7evresel konularda \u00f6nemli etkiler yaratan ve ortak gelece\u011fimize sahip \u00e7\u0131kan i\u015f modellerini, projeleri vurgulayarak, [&hellip;]<\/p>\n","protected":false},"author":6,"featured_media":161401,"comment_status":"open","ping_status":"open","sticky":false,"template":"","format":"standard","meta":[],"categories":[53,52],"tags":[3119,154,5371,2979,7246,17363,1423],"views":120,"_links":{"self":[{"href":"https:\/\/www.enerjigazetesi.ist\/en\/wp-json\/wp\/v2\/posts\/161396"}],"collection":[{"href":"https:\/\/www.enerjigazetesi.ist\/en\/wp-json\/wp\/v2\/posts"}],"about":[{"href":"https:\/\/www.enerjigazetesi.ist\/en\/wp-json\/wp\/v2\/types\/post"}],"author":[{"embeddable":true,"href":"https:\/\/www.enerjigazetesi.ist\/en\/wp-json\/wp\/v2\/users\/6"}],"replies":[{"embeddable":true,"href":"https:\/\/www.enerjigazetesi.ist\/en\/wp-json\/wp\/v2\/comments?post=161396"}],"version-history":[{"count":0,"href":"https:\/\/www.enerjigazetesi.ist\/en\/wp-json\/wp\/v2\/posts\/161396\/revisions"}],"wp:featuredmedia":[{"embeddable":true,"href":"https:\/\/www.enerjigazetesi.ist\/en\/wp-json\/wp\/v2\/media\/161401"}],"wp:attachment":[{"href":"https:\/\/www.enerjigazetesi.ist\/en\/wp-json\/wp\/v2\/media?parent=161396"}],"wp:term":[{"taxonomy":"category","embeddable":true,"href":"https:\/\/www.enerjigazetesi.ist\/en\/wp-json\/wp\/v2\/categories?post=161396"},{"taxonomy":"post_tag","embeddable":true,"href":"https:\/\/www.enerjigazetesi.ist\/en\/wp-json\/wp\/v2\/tags?post=161396"}],"curies":[{"name":"wp","href":"https:\/\/api.w.org\/{rel}","templated":true}]}}