{"id":161334,"date":"2022-10-18T13:52:45","date_gmt":"2022-10-18T10:52:45","guid":{"rendered":"https:\/\/www.enerjigazetesi.ist\/?p=161334"},"modified":"2022-10-18T14:20:21","modified_gmt":"2022-10-18T11:20:21","slug":"akkuyu-nukleer-ulusal-cocuk-resim-yarismasi-duzenliyor","status":"publish","type":"post","link":"https:\/\/www.enerjigazetesi.ist\/en\/akkuyu-nukleer-ulusal-cocuk-resim-yarismasi-duzenliyor\/","title":{"rendered":"(Turkish) &#8217;Akkuyu N\u00fckleer&#8217; Ulusal \u00c7ocuk Resim Yar\u0131\u015fmas\u0131 D\u00fczenliyor"},"content":{"rendered":"<p class=\"qtranxs-available-languages-message qtranxs-available-languages-message-en\">Sorry, this entry is only available in <a href=\"https:\/\/www.enerjigazetesi.ist\/tr\/wp-json\/wp\/v2\/posts\/161334\" class=\"qtranxs-available-language-link qtranxs-available-language-link-tr\" title=\"Turkish\">Turkish<\/a>. For the sake of viewer convenience, the content is shown below in the alternative language. You may click the link to switch the active language.<\/p><p><\/p>\n<h2>AKKUYU N\u00dcKLEER taraf\u0131ndan T\u00fcrkiye&#8217;nin d\u00f6rt bir yan\u0131ndan 04 &#8211; 16 ya\u015f aras\u0131 \u00e7ocuklar, geleneksel hale gelen ulusal resim yar\u0131\u015fmas\u0131na kat\u0131lmaya davet edildi.<\/h2>\n<p>Ge\u00e7en y\u0131l d\u00fczenlenen yar\u0131\u015fmaya <strong>\u0130stanbul, Ankara, \u0130zmir, Antalya, Mersin, Bursa<\/strong> ve di\u011fer illerden <strong>150<\/strong>&#8216;nin \u00fczerinde <strong>\u00e7ocuk<\/strong> ba\u015fvuruda bulunmu\u015ftu. Kat\u0131l\u0131mc\u0131lar, T\u00fcrkiye i\u00e7in <strong>temiz<\/strong> ve <strong>s\u00fcrd\u00fcr\u00fclebilir bir gelecek<\/strong> sa\u011flayacak <strong>n\u00fckleer enerji<\/strong> ve di\u011fer<strong> ye\u015fil enerji kaynaklar\u0131n\u0131n <img loading=\"lazy\" class=\"alignright wp-image-161340\" src=\"https:\/\/www.enerjigazetesi.ist\/wp-content\/uploads\/2022\/10\/akkuyu-nukleer-ulusal-cocuk-resim-yarismasi-duzenliyor-2.jpg\" alt=\"\" width=\"320\" height=\"182\" srcset=\"https:\/\/www.enerjigazetesi.ist\/wp-content\/uploads\/2022\/10\/akkuyu-nukleer-ulusal-cocuk-resim-yarismasi-duzenliyor-2.jpg 740w, https:\/\/www.enerjigazetesi.ist\/wp-content\/uploads\/2022\/10\/akkuyu-nukleer-ulusal-cocuk-resim-yarismasi-duzenliyor-2-300x170.jpg 300w, https:\/\/www.enerjigazetesi.ist\/wp-content\/uploads\/2022\/10\/akkuyu-nukleer-ulusal-cocuk-resim-yarismasi-duzenliyor-2-500x284.jpg 500w, https:\/\/www.enerjigazetesi.ist\/wp-content\/uploads\/2022\/10\/akkuyu-nukleer-ulusal-cocuk-resim-yarismasi-duzenliyor-2-80x45.jpg 80w\" sizes=\"(max-width: 320px) 100vw, 320px\" \/><\/strong>resimlerini yapm\u0131\u015flard\u0131.<\/p>\n<p>Bu y\u0131l d\u00fczenlenen yar\u0131\u015fman\u0131n konusu, <strong>\u201cYe\u015fil Bir D\u00fcnya Benimle Ba\u015flar\u201d<\/strong> oldu. Yar\u0131\u015fmac\u0131lar yapt\u0131klar\u0131 resimlerle insanlar\u0131n gelecek nesiller i\u00e7in do\u011fay\u0131 korumaya nas\u0131l yard\u0131mc\u0131 olabilece\u011fini g\u00f6stermeye \u00e7al\u0131\u015facak. Yar\u0131\u015fman\u0131n kat\u0131l\u0131mc\u0131lar\u0131, yapt\u0131klar\u0131 resimlerle<em> \u201cT\u00fcm insanlara <strong>uygun fiyatl\u0131<\/strong> ve<strong> istikrarl\u0131 elektrik<\/strong> sa\u011flanmas\u0131na nas\u0131l yard\u0131mc\u0131 olunur?\u201d, \u201c<strong>N\u00fckleer enerji<\/strong> di\u011fer temiz enerji kaynaklar\u0131yla birlikte \u00e7evrenin korunmas\u0131na nas\u0131l katk\u0131da bulunur?\u201d<\/em> gibi sorulara da cevap vermi\u015f olacak.<\/p>\n<p>Yar\u0131\u015fma, <strong>4 &#8211; 6 ya\u015f, 7 &#8211; 9 ya\u015f, 10- 12 ya\u015f, 13 &#8211; 16 ya\u015f grubu<\/strong> ve en \u00f6zg\u00fcn resim olmak \u00fczere<strong> 5<\/strong> <strong>kategoride<\/strong> ve <strong>\u00e7evrimi\u00e7i formatta<\/strong> ger\u00e7ekle\u015ftirilecek.<\/p>\n<p>Be\u015f kategorinin her birinden <strong>3 kat\u0131l\u0131mc\u0131<\/strong> \u00e7e\u015fitli hediyelerle \u00f6d\u00fcllendirilecek. Kat\u0131l\u0131mc\u0131lar\u0131n resimleri, profesyonel bir<strong> j\u00fcri<\/strong> taraf\u0131ndan<strong> teknik performans, sanatsal ifade<\/strong> ve <strong>yar\u0131\u015fma temas\u0131na<\/strong> uygunluk a\u00e7\u0131s\u0131ndan de\u011ferlendirilecek.<\/p>\n<p>Kat\u0131l\u0131mc\u0131lar, resimlerin <strong>taranm\u0131\u015f halini, ba\u015fvuru formunu, ayd\u0131nlatma metnini<\/strong> ve <strong>ulusal resim yar\u0131\u015fmas\u0131n\u0131n kurallar\u0131<\/strong>n\u0131 a\u00e7\u0131klayan metni doldurup\u00a0<a href=\"mailto:communications@akkuyu.com\" target=\"_blank\" rel=\"noopener\">communications@akkuyu.com<\/a>\u00a0adresine <strong>&#8220;AKKUYU N\u00dcKLEER Resim Yar\u0131\u015fmas\u0131&#8221;<\/strong> konu ba\u015fl\u0131\u011f\u0131yla g\u00f6ndererek yar\u0131\u015fmaya ba\u015fvurabilecek. Yar\u0131\u015fmaya ba\u015fvuru <strong>17 &#8211; 23 Ekim 2022<\/strong> tarihleri aras\u0131nda yap\u0131labilecek. Kat\u0131l\u0131mc\u0131lar\u0131n kay\u0131t yapt\u0131rmak i\u00e7in ba\u015fvuru formunun<strong> t\u00fcm alanlar\u0131n\u0131 doldurup, muvafakat beyan\u0131n\u0131, ayd\u0131nlatma metnini<\/strong> ve <strong>ulusal resim yar\u0131\u015fmas\u0131 kurallar\u0131n\u0131n<\/strong> a\u00e7\u0131klay\u0131c\u0131 metnini imzalamas\u0131 gerekiyor.<\/p>\n<p>Yar\u0131\u015fman\u0131n kazananlar\u0131 <strong>26 Ekim 2022<\/strong> tarihinde<strong> AKKUYU N\u00dcKLEER A.\u015e.<\/strong>\u2019nin <strong>resmi internet sitesi<\/strong> ve <strong>sosyal medya hesaplar\u0131nda<\/strong> duyurulacak.<\/p>\n<p><strong>c<\/strong> hakk\u0131ndaki t\u00fcm bilgilere\u00a0<a href=\"http:\/\/www.akkuyu.com\/\" target=\"_blank\" rel=\"noopener\" data-saferedirecturl=\"https:\/\/www.google.com\/url?q=http:\/\/www.akkuyu.com&amp;source=gmail&amp;ust=1666175527826000&amp;usg=AOvVaw0tSBtT15H401UvvDW-rZT4\">www.akkuyu.com<\/a>\u00a0adresinden ula\u015f\u0131labilecek.<\/p>","protected":false},"excerpt":{"rendered":"<p>Sorry, this entry is only available in Turkish. For the sake of viewer convenience, the content is shown below in the alternative language. You may click the link to switch the active language. AKKUYU N\u00dcKLEER taraf\u0131ndan T\u00fcrkiye&#8217;nin d\u00f6rt bir yan\u0131ndan 04 &#8211; 16 ya\u015f aras\u0131 \u00e7ocuklar, geleneksel hale gelen ulusal resim yar\u0131\u015fmas\u0131na kat\u0131lmaya davet edildi. [&hellip;]<\/p>\n","protected":false},"author":6,"featured_media":161341,"comment_status":"open","ping_status":"open","sticky":false,"template":"","format":"standard","meta":[],"categories":[51,53,43],"tags":[42302,105664,19356,105665],"views":54,"_links":{"self":[{"href":"https:\/\/www.enerjigazetesi.ist\/en\/wp-json\/wp\/v2\/posts\/161334"}],"collection":[{"href":"https:\/\/www.enerjigazetesi.ist\/en\/wp-json\/wp\/v2\/posts"}],"about":[{"href":"https:\/\/www.enerjigazetesi.ist\/en\/wp-json\/wp\/v2\/types\/post"}],"author":[{"embeddable":true,"href":"https:\/\/www.enerjigazetesi.ist\/en\/wp-json\/wp\/v2\/users\/6"}],"replies":[{"embeddable":true,"href":"https:\/\/www.enerjigazetesi.ist\/en\/wp-json\/wp\/v2\/comments?post=161334"}],"version-history":[{"count":0,"href":"https:\/\/www.enerjigazetesi.ist\/en\/wp-json\/wp\/v2\/posts\/161334\/revisions"}],"wp:featuredmedia":[{"embeddable":true,"href":"https:\/\/www.enerjigazetesi.ist\/en\/wp-json\/wp\/v2\/media\/161341"}],"wp:attachment":[{"href":"https:\/\/www.enerjigazetesi.ist\/en\/wp-json\/wp\/v2\/media?parent=161334"}],"wp:term":[{"taxonomy":"category","embeddable":true,"href":"https:\/\/www.enerjigazetesi.ist\/en\/wp-json\/wp\/v2\/categories?post=161334"},{"taxonomy":"post_tag","embeddable":true,"href":"https:\/\/www.enerjigazetesi.ist\/en\/wp-json\/wp\/v2\/tags?post=161334"}],"curies":[{"name":"wp","href":"https:\/\/api.w.org\/{rel}","templated":true}]}}