{"id":161312,"date":"2022-08-31T14:42:26","date_gmt":"2022-08-31T11:42:26","guid":{"rendered":"https:\/\/www.enerjigazetesi.ist\/?p=161312"},"modified":"2022-08-31T14:44:22","modified_gmt":"2022-08-31T11:44:22","slug":"ayvalik-uluslararasi-film-festivalinin-16-21-eylul-programi-belli-oldu","status":"publish","type":"post","link":"https:\/\/www.enerjigazetesi.ist\/en\/ayvalik-uluslararasi-film-festivalinin-16-21-eylul-programi-belli-oldu\/","title":{"rendered":"(Turkish) &#8217;Ayval\u0131k Uluslararas\u0131 Film Festivali&#8217;nin 16-21 Eyl\u00fcl Program\u0131 Belli Oldu"},"content":{"rendered":"<p class=\"qtranxs-available-languages-message qtranxs-available-languages-message-en\">Sorry, this entry is only available in <a href=\"https:\/\/www.enerjigazetesi.ist\/tr\/wp-json\/wp\/v2\/posts\/161312\" class=\"qtranxs-available-language-link qtranxs-available-language-link-tr\" title=\"Turkish\">Turkish<\/a>. For the sake of viewer convenience, the content is shown below in the alternative language. You may click the link to switch the active language.<\/p><p><\/p>\n<h2>Ayval\u0131k\u2019ta bu y\u0131l kurulan <strong>Seyir Derne\u011fi<\/strong>\u2019nin <strong>16-21 Eyl\u00fcl 2022<\/strong> tarihleri aras\u0131nda ger\u00e7ekle\u015ftirece\u011fi <strong>Ayval\u0131k Uluslararas\u0131 Film Festivali<\/strong>\u2019nin nitelikli i\u00e7eri\u011fiyle dikkat \u00e7eken program\u0131 a\u00e7\u0131kland\u0131.<\/h2>\n<h2><strong>FEST\u0130VALDE CANNES R\u00dcZGARI: <\/strong><strong>A\u00c7ILI\u015e F\u0130LM\u0130 <em>AYRILMA KARARI (DECISION TO LEAVE)<\/em><\/strong><\/h2>\n<p><strong>Ayval\u0131k<\/strong> <strong>Uluslararas\u0131 Film Festivali<\/strong>, yak\u0131n d\u00f6nem G\u00fcney Kore sinemas\u0131n\u0131n usta y\u00f6netmeni <strong>Park Chan-wook<\/strong>\u2019un merakla beklenen son filmi <strong><em>Ayr\u0131lma Karar\u0131 <\/em><\/strong>ile a\u00e7\u0131lacak. 2022 Cannes Film Festivali\u2019nde En \u0130yi Y\u00f6netmen \u00f6d\u00fcl\u00fcne lay\u0131k g\u00f6r\u00fclen ve ele\u015ftirmenlerden tam not alan film, ara\u015ft\u0131rd\u0131\u011f\u0131 cinayetin \u015f\u00fcphelisi kad\u0131na \u00e2\u015f\u0131k olan ve soru\u015fturma ile duygular\u0131 aras\u0131nda s\u0131k\u0131\u015f\u0131p kalan bir dedektifin hik\u00e2yesini konu al\u0131yor.<strong><em> Ayr\u0131lma Karar\u0131<\/em><\/strong>, <strong>16 Eyl\u00fcl Cuma <\/strong>ak\u015fam\u0131<strong> Ayval\u0131k<\/strong> <strong>Belediyesi B\u00fcy\u00fck Park<\/strong> <img loading=\"lazy\" class=\"alignright wp-image-161315\" src=\"https:\/\/www.enerjigazetesi.ist\/wp-content\/uploads\/2022\/08\/01.jpg\" alt=\"\" width=\"320\" height=\"193\" \/><strong>Amfitiyatro<\/strong>\u2019da a\u00e7\u0131l\u0131\u015f t\u00f6reninin ard\u0131ndan g\u00f6sterilecek.<\/p>\n<h2><strong>YILIN EN \u00c7OK KONU\u015eULAN F\u0130LMLER\u0130 AYVALIK\u2019TA<\/strong><\/h2>\n<p>Festivalin <strong>Uluslararas\u0131<\/strong> b\u00f6l\u00fcm\u00fcnde, ba\u015fta <strong>Cannes Film Festivali<\/strong>\u2019nde izleyiciyle ilk kez bulu\u015fan filmler olmak \u00fczere y\u0131l\u0131n di\u011fer iddial\u0131 yap\u0131mlar\u0131 yer al\u0131yor.<\/p>\n<p>Cannes Film Festivali\u2019nde pr\u00f6miyerini yapan <strong>David Cronenberg<\/strong> imzal\u0131 <strong><em>M\u00fcstakbel Su\u00e7lar (Crimes Of The Future)<\/em><\/strong> k\u0131\u015fk\u0131rt\u0131c\u0131 bir bedensel d\u00f6n\u00fc\u015f\u00fcm \u00f6yk\u00fcs\u00fc. <strong>Viggo Mortensen, L\u00e9a Seydoux<\/strong> ve <strong>Kristen Stewart<\/strong>\u2019\u0131n ba\u015frollerini payla\u015ft\u0131\u011f\u0131 film, bedeninde al\u0131\u015f\u0131lmad\u0131k yeni organlar belirmeye ba\u015flayan ve h\u0131zland\u0131r\u0131lm\u0131\u015f<strong> evrim sendromu<\/strong> olarak adland\u0131r\u0131lan hastal\u0131\u011fa sahip bir adam\u0131n, yeni organlar\u0131n\u0131 ortadan kald\u0131rmay\u0131 canl\u0131 bir g\u00f6steriye d\u00f6n\u00fc\u015ft\u00fcrmesini anlat\u0131yor.<\/p>\n<p><em>Cannes Film Festivali J\u00fcri \u00d6zel \u00d6d\u00fcl\u00fc<\/em> kazanan,<strong> 84 ya\u015f\u0131ndaki<\/strong> y\u00f6netmen <strong>Jerzy Skolimowski<\/strong> imzal\u0131 <strong><em>A\u0130 (EO)<\/em><\/strong>, Baltazar adl\u0131 bir e\u015fe\u011fin bir Polonya sirkinde ba\u015flayan ve bir \u0130talyan mezbahas\u0131nda biten hik\u00e2yesini; festivalde J\u00fcri B\u00fcy\u00fck \u00d6d\u00fcl\u00fc kazanan <strong>Claire Denis<\/strong>\u2019nin, Denis Johnson\u2019\u0131n ayn\u0131 adl\u0131 roman\u0131ndan uyarlad\u0131\u011f\u0131 <strong><em>\u00d6\u011fle G\u00fcne\u015finde Y\u0131ld\u0131zlar (The Stars at Noon)<\/em><\/strong> ise, 1984 y\u0131l\u0131nda Nikaragua\u2019da gizemli bir i\u015f insan\u0131 ve inat\u00e7\u0131 bir gazeteci aras\u0131nda tansiyonu y\u00fcksek bir ortamda geli\u015fen romantik ili\u015fkiyi konu al\u0131yor.<\/p>\n<p>Cannes Film Festivali\u2019nde Y\u00f6netmenlerin <strong>15 G\u00fcn\u00fc<\/strong> b\u00f6l\u00fcm\u00fcnde yar\u0131\u015fan ve ge\u00e7en y\u0131l <em>Bergman Adas\u0131<\/em> filmiyle izleyiciyle bulu\u015fan <strong>Mia Hansen-L\u00f8ve<\/strong>\u2019un, <strong><em>G\u00fczel Bir Sabah (One Fine Morning)<\/em><\/strong> adl\u0131 filmi, k\u00fc\u00e7\u00fck k\u0131z\u0131yla ya\u015fayan ve hasta babas\u0131 i\u00e7in uygun bir bak\u0131mevi arayan gen\u00e7 bir kad\u0131n\u0131 oda\u011f\u0131na al\u0131yor.<\/p>\n<p>Frans\u0131z sinemas\u0131n\u0131n gen\u00e7 ustalar\u0131ndan <strong>Fran\u00e7ois Ozon<\/strong>, bu y\u0131l Berlin Uluslararas\u0131 Film Festivali\u2019nin a\u00e7\u0131l\u0131\u015f\u0131nda g\u00f6sterilen <strong><em>Peter von Kant<\/em><\/strong> ile, Rainer Werner Fassbinder&#8217;in \u00fcnl\u00fc filmi <em>Petra von Kant\u2019\u0131n Ac\u0131 G\u00f6zya\u015flar\u0131<\/em>\u2019n\u0131n modern bir yorumunu, \u00fcnl\u00fcl\u00fc\u011f\u00fcn ac\u0131mas\u0131z bir hicvini sunuyor.<\/p>\n<p>Ozon\u2019un bamba\u015fka yorumuyla izleyece\u011fimiz 1972 yap\u0131m\u0131 <strong>Rainer Werner Fassbinder<\/strong> imzal\u0131 <strong><em>Petra Von Kant\u2019\u0131n Ac\u0131 G\u00f6zya\u015flar\u0131 (The Bitter Tears of Petra von Kant)<\/em><\/strong> da festivalde izleyiciyle bulu\u015facak. Ayn\u0131 adl\u0131 tiyatro oyunundan uyarlanan klasikle\u015fmi\u015f yap\u0131m, insan ili\u015fkilerindeki iktidar sava\u015f\u0131n\u0131 \u00fc\u00e7 kad\u0131n \u00fczerinden anlat\u0131yor ve soruyor; <em>\u201cKi\u015fisel ili\u015fkilerimizde kar\u015f\u0131m\u0131zdaki ki\u015fi \u00fczerinde iktidar kurmadan ya da ele\u015ftirdi\u011fimiz g\u00fc\u00e7 zehirlenmesine kap\u0131lmadan davranabiliyor muyuz?\u201d<\/em><\/p>\n<p>Heykelt\u0131ra\u015f, \u015fair ve romanc\u0131 Brian Catling\u2019in kitab\u0131ndan uyarlanan <strong><em>Earwig<\/em><\/strong>, <strong>Lucile Had<\/strong><strong>\u017e<\/strong><strong>ihalilovi<\/strong><strong>\u0107<\/strong>\u2019in gizemli ve d\u00fc\u015fsel d\u00fcnyas\u0131ndan uzun s\u00fcre saklanm\u0131\u015f s\u0131rlara ve yeniden uyanan an\u0131lara dair b\u00fcy\u00fcleyici bir masal sunuyor. <strong>2021 San Sebastian Film Festivali<\/strong>\u2019nde J\u00fcri \u00d6zel \u00d6d\u00fcl\u00fc\u2019ne lay\u0131k g\u00f6r\u00fclen film, daha a\u00e7\u0131l\u0131\u015f jeneri\u011finden izleyiciyi bir t\u00fcr transa, r\u00fcyaya, kabusa ya da bir hipnoz \u0131\u015f\u0131\u011f\u0131n\u0131 takip etmeye \u00e7a\u011f\u0131r\u0131yor.<\/p>\n<p><strong>Kristoffer Borgli<\/strong>\u2019nin y\u00f6netmen koltu\u011funda oturdu\u011fu, <strong>Oslo\u2019da<\/strong> ge\u00e7en bir narsizm hik\u00e2yesini anlatan <strong><em>\u0130lgi Manya\u011f\u0131 (Sick Of Myself)<\/em><\/strong> festivalde izleyiciyle bulu\u015facak. <strong>Cannes Film Festivali<\/strong>\u2019nde belirli Bir Bak\u0131\u015f b\u00f6l\u00fcm\u00fcnde g\u00f6sterilen film, erkek arkada\u015f\u0131n\u0131n sanat kariyeri y\u00fckseli\u015fe ge\u00e7ti\u011finde dikkat \u00e7ekmek i\u00e7in kendini hasta eden bir kad\u0131n\u0131 oda\u011f\u0131na al\u0131yor.<\/p>\n<p><strong>Andreas Dresen<\/strong>\u2019in \u00f6d\u00fcll\u00fc filmi <strong><em>Rabiye Kurnaz George W. Bush\u2019a Kar\u015f\u0131 (Rabiye Kurnaz Vs. George W. Bush) <\/em><\/strong>20 y\u0131l \u00f6nce Pakistan\u2019da yakalanarak Guantanamo toplama kamp\u0131nda tutulan Murat Kurnaz\u2019\u0131n davas\u0131n\u0131, annesi <strong>Rabiye\u2019nin o\u011flunu<\/strong> kurtarmak i\u00e7in verdi\u011fi m\u00fccadele \u00fczerinden takip ediyor. Bu hik\u00e2yeyi dramatiklikten uzak, komedi dozu y\u00fcksek bir yap\u0131da anlatan filmin ba\u015frol oyuncusu <strong>Meltem Kaptan<\/strong>, <strong>Berlin Film Festivali<\/strong>\u2019nde <strong>En \u0130yi Ba\u015frol Oyuncusu \u00d6d\u00fcl\u00fc<\/strong> kazan\u0131rken, film En \u0130yi Senaryo ve Sanat Sinemalar\u0131 Birli\u011fi \u00d6d\u00fcl\u00fc\u2019ne lay\u0131k g\u00f6r\u00fcld\u00fc.<\/p>\n<p><strong>George Miller<\/strong>\u2019in <em>Mad Max: Fury Road\u2019<\/em>dan tam yedi y\u0131l sonra y\u00f6netmen koltu\u011funa geri d\u00f6nd\u00fc\u011f\u00fc <strong><em>\u00dc\u00e7 Bin Y\u0131ll\u0131k Bekleyi\u015f (Three Thousand Years Of Longing)<\/em><\/strong>, \u0130ngiliz yazar A.S. Byatt\u2019\u0131n 1994 tarihli \u201cB\u00fclb\u00fcl\u00fcn G\u00f6z\u00fcndeki Cin\u201d adl\u0131 \u00f6yk\u00fcs\u00fcnden uyarlama. <strong>Idris Alba <\/strong>ve <strong>Tilda Swinton<\/strong>\u2019\u0131n ba\u015frollerini payla\u015ft\u0131\u011f\u0131, Cannes Film Festivali\u2019nde pr\u00f6miyerini yapan filmde <strong>Zerrin Tekindor, Ece Y\u00fcksel, Burcu G\u00f6lgedar<\/strong> ve karikat\u00fcrist <strong>Erdil Ya\u015faro\u011flu<\/strong> ba\u015fta olmak \u00fczere T\u00fcrkiye\u2019den oyuncular da rol al\u0131yor.<\/p>\n<p><strong>Dan Geller<\/strong> ve <strong>Dayna Goldfine<\/strong> imzal\u0131 <strong><em>Hallelujah: Leonard Cohen, A Journey, A Song <\/em><\/strong>adl\u0131 belgesel ise, Cohen\u2019in bu \u00e7ok cover\u2019lanan \u015fark\u0131s\u0131n\u0131n plak \u015firketi taraf\u0131ndan reddedildikten sonra liste ba\u015f\u0131 bir hit\u2019e d\u00f6n\u00fc\u015fmesinin yolculu\u011funu anlat\u0131yor. Bu yolculu\u011fa Cohen&#8217;in <strong>ki\u015fisel defterleri, dergileri ve foto\u011fraflar\u0131, performans g\u00f6r\u00fcnt\u00fcleri<\/strong> ve son derece nadir ses kay\u0131tlar\u0131 ve r\u00f6portajlar e\u015flik ediyor.<\/p>\n<h3><strong>BU D\u00dcNYANIN \u00c7OCUKLARI<\/strong><\/h3>\n<p><strong>Ayval\u0131k<\/strong> <strong>Uluslararas\u0131 Film Festivali,<\/strong> <strong>Bu D\u00fcnyan\u0131n \u00c7ocuklar\u0131 <\/strong>b\u00f6l\u00fcm\u00fcyle, hangi \u00fclkeden, hangi toplumsal kesimden olursa olsun hemen hemen b\u00fct\u00fcn \u00e7ocuklar\u0131n <strong>duygusal, ruhsal<\/strong> ve<strong> fiziksel incinme tehlikesi<\/strong> alt\u0131nda ya\u015fad\u0131klar\u0131 bir zaman diliminde oldu\u011fumuzun alt\u0131n\u0131 \u00e7iziyor.<\/p>\n<p><em>Shoplifters<\/em>, <em>Like Father Like Son<\/em>, <em>After Life<\/em> filmleriyle tan\u0131nan <strong>Kore-Eda Hirokazu<\/strong>\u2019nun <strong><em>Bebek Servisi (Broker) <\/em><\/strong>filmi, gen\u00e7 ya\u015fta ebeveyn olan <strong>ergenlerin evlatl\u0131k bebek ticaretine<\/strong> bula\u015fmalar\u0131n\u0131 konu al\u0131yor. Filmin ba\u015frol oyuncusu Oscar \u00f6d\u00fcll\u00fc <em>Parasite<\/em> filminin y\u0131ld\u0131z\u0131 <strong>Song Kang-Ho<\/strong>, filmdeki rol\u00fcyle Cannes\u2019da En \u0130yi Erkek Oyuncu \u00d6d\u00fcl\u00fc\u2019n\u00fc kazand\u0131.<\/p>\n<p><strong>Charlotte Wells<\/strong>\u2019in, <strong>Cannes Film Festivali Ele\u015ftirmenler Haftas\u0131<\/strong> kapsam\u0131nda g\u00f6sterilen ve \u00e7ekimleri Mu\u011fla\u2019da yap\u0131lan duygu y\u00fckl\u00fc filmi <strong><em>G\u00fcne\u015f Sonras\u0131 (Aftersun) <\/em><\/strong>annesi babas\u0131 ayr\u0131 olan bir k\u0131z \u00e7ocu\u011funun babas\u0131yla T\u00fcrkiye\u2019de \u00e7\u0131kt\u0131\u011f\u0131 <strong>ac\u0131-tatl\u0131 bir tatili<\/strong> anlat\u0131yor.<\/p>\n<p>Bu y\u0131l Cannes Film Festivali\u2019nde Y\u00f6netmenlerin <strong>15 G\u00fcn\u00fc<\/strong> b\u00f6l\u00fcm\u00fcnde g\u00f6sterilen, <strong>Erige Sehiri<\/strong> imzal\u0131 <strong><em>\u0130ncir A\u011fa\u00e7lar\u0131n\u0131n Alt\u0131nda (Under the Fig Trees)<\/em><\/strong>, incir bah\u00e7elerinde gen\u00e7lik a\u015fklar\u0131n\u0131 arayan bir grup Tunuslu incir hasat\u00e7\u0131s\u0131n\u0131n hayatlar\u0131n\u0131 g\u00f6zler \u00f6n\u00fcne seriyor.<\/p>\n<p>Cannes Film Festivali\u2019nde <strong>75. Y\u0131l \u00d6zel \u00d6d\u00fcl\u00fc<\/strong>\u2019n\u00fc kazanan <strong>Jean-Pierre Dardenne <\/strong>ve<strong> Luc Dardenne<\/strong>, Ayval\u0131k\u2019ta g\u00f6sterilecek filmleri <strong><em>Tori&amp;Lokita<\/em><\/strong>\u2019da<strong><em> (Tori and Lokita)<\/em><\/strong>, g\u00f6\u00e7 dalgas\u0131na kap\u0131larak \u00fclkelerinden birlikte ka\u00e7m\u0131\u015f, aralar\u0131nda kan ba\u011f\u0131 olmamas\u0131na ra\u011fmen Avrupa\u2019da oturma izni alabilmek i\u00e7in karde\u015f olduklar\u0131n\u0131 kan\u0131tlamalar\u0131 gereken <strong>Tori<\/strong> ve <strong>Lokita<\/strong> isimli iki \u00e7ocu\u011fun hayat m\u00fccadelesine odaklan\u0131yor.<\/p>\n<p>Antalya Alt\u0131n Portakal Film Festivali\u2019nde En \u0130yi Belgesel; \u0130stanbul Film Festivali Belgesel Film Yar\u0131\u015fmas\u0131\u2019nda Mansiyon \u00d6d\u00fcl\u00fc\u2019ne lay\u0131k g\u00f6r\u00fclen <strong>Volkan \u00dcce<\/strong> imzal\u0131<strong>\u00a0<em>Her \u015eey Dahil<\/em><\/strong>, izleyenleri, T\u00fcrkiye\u2019nin farkl\u0131 k\u00f6\u015felerinden gelen mevsimlik i\u015f\u00e7i \u00e7ocuklar\u0131n her \u015fey dahil bir otelde \u00e7al\u0131\u015ft\u0131klar\u0131 iki sezona tan\u0131kl\u0131k ettiriyor.<\/p>\n<p><strong>Louis Garrel<\/strong> imzal\u0131 kara komedi <strong><em>Kurtar\u0131c\u0131 (Crusade)<\/em><\/strong> ise, gizemli projelerini finanse etmek i\u00e7in i\u015fbirli\u011fi yapan <strong>100&#8217;lerce<\/strong> \u00e7ocu\u011fun hikayesini anlat\u0131yor. D\u00fcnyan\u0131n farkl\u0131 yerlerindeki bu \u00e7ocuklar\u0131n projelerinin hedefi ise gezegeni kurtarmak&#8230; Yarat\u0131c\u0131 drama e\u011fitmeni <strong>Elif \u00d6zso\u011fuk<\/strong>, film g\u00f6sterimi sonras\u0131nda \u00e7ocuklar i\u00e7in bir <strong>at\u00f6lye \u00e7al\u0131\u015fmas\u0131<\/strong> ger\u00e7ekle\u015ftirecek.<\/p>\n<h3><strong>YEN\u0130LER DE AYVALIK ULUSLARARASI F\u0130LM FEST\u0130VAL\u0130\u2019NDE<\/strong><\/h3>\n<p>Festivalin <strong>Yeniler <\/strong>b\u00f6l\u00fcm\u00fcnde, \u00f6n\u00fcm\u00fczdeki y\u0131llarda adlar\u0131n\u0131 s\u0131k\u00e7a duyaca\u011f\u0131m\u0131z yeni sinemac\u0131lar\u0131n filmleri yer al\u0131yor.<\/p>\n<p>Screen Dergisi taraf\u0131ndan 2021 y\u0131l\u0131nda Gelece\u011fin Y\u0131ld\u0131zlar\u0131 aras\u0131nda g\u00f6sterilen <strong>Thomas Hardiman<\/strong>\u2019\u0131n ilk uzun metraj filmi <strong><em>Medusa Deluxe<\/em><\/strong>, birbirinden eksantrik kuaf\u00f6rlerin kat\u0131ld\u0131\u011f\u0131 y\u0131l\u0131n kuaf\u00f6r\u00fc yar\u0131\u015fmas\u0131 s\u0131ras\u0131nda ger\u00e7ekle\u015fen bir <strong>cinayet sonras\u0131<\/strong> geli\u015fen olaylar\u0131 konu al\u0131yor.<\/p>\n<p>Bu y\u0131l Cannes Film Festivali <em>Y\u00f6netmenlerin On Be\u015f G\u00fcn\u00fc<\/em> b\u00f6l\u00fcm\u00fcnde yar\u0131\u015fan, <strong>Manuela Martelli<\/strong>\u2019nin ilk uzun metrajl\u0131 filmi <strong><em>\u201c1976\u201d<\/em><\/strong>, \u015eili\u2019de Pinochet d\u00f6neminde bir kad\u0131n\u0131n <strong>kad\u0131n d\u00fc\u015fmanl\u0131\u011f\u0131<\/strong> ve <strong>yolsuzlukla m\u00fccadelesini<\/strong> ara\u015ft\u0131r\u0131yor.<\/p>\n<h3><strong>T\u00dcRK\u0130YE S\u0130NEMASINDAN G\u00dc\u00c7L\u00dc B\u0130R SE\u00c7K\u0130 <\/strong><\/h3>\n<p><strong>Ayval\u0131k<\/strong> <strong>Uluslararas\u0131 Film Festivali<\/strong>\u2019nin<strong> T\u00fcrkiye Sinemas\u0131 2021-2022<\/strong> b\u00f6l\u00fcm\u00fcnde, ulusal ve uluslararas\u0131 festivallerde g\u00f6sterilmi\u015f, son d\u00f6nemin \u00e7ok konu\u015fulan yerli yap\u0131mlar\u0131 yer al\u0131yor. <strong>Tayfun Pirselimo\u011flu<\/strong>\u2019nun ayn\u0131 adl\u0131 kendi roman\u0131ndan uyarlad\u0131\u011f\u0131, <strong>Erdem \u015eenocak<\/strong>\u2019\u0131n ba\u015frol\u00fcn\u00fc \u00fcstlendi\u011fi <strong><em>Kerr<\/em><\/strong>, babas\u0131n\u0131n cenazesi i\u00e7in geldi\u011fi kasabada bir cinayete tan\u0131k olunca s\u0131k\u0131\u015f\u0131p kalan bir adam\u0131n hik\u00e2yesini anlat\u0131yor. Var\u015fova Film Festivali\u2019nde ilk kez izleyiciyle bulu\u015fan film <strong>58. Antalya Film Festivali<\/strong>\u2019nden En \u0130yi Y\u00f6netmen, F\u0130LM-Y\u00d6N En \u0130yi Y\u00f6netmen ve En \u0130yi M\u00fczik \u00f6d\u00fcllerini; <strong>41. \u0130stanbul Film Festivali<\/strong>\u2019nde ise En \u0130yi Y\u00f6netmen ve En \u0130yi Sanat Y\u00f6netmeni \u00f6d\u00fcllerini kazand\u0131. Y\u00f6netmen <strong>Tayfun<\/strong> <strong>Pirselimo\u011flu<\/strong>, yap\u0131mc\u0131 <strong>Vildan Er\u015fen<\/strong> ve ba\u015frol oyuncusu <strong>Erdem \u015eenocak<\/strong> filmden sonra sohbet i\u00e7in izleyicilerle bulu\u015facaklar.<\/p>\n<p><strong>Ali Kemal G\u00fcven<\/strong>\u2019in, uzun y\u0131llard\u0131r g\u00f6r\u00fc\u015fmeyen <strong>iki lise arkada\u015f\u0131n\u0131<\/strong> bir rak\u0131 masas\u0131nda bulu\u015fturdu\u011fu <strong><em>\u00c7ilingir Sofras\u0131<\/em><\/strong>, <em>\u201c\u00f6zg\u00fcr ve toksik mask\u00fclenli\u011fin olmad\u0131\u011f\u0131 bir co\u011frafyada ya\u015fanan hayatlar ve hik\u00e2yeler nas\u0131l de\u011fi\u015firdi\u201d<\/em> sorusunu soruyor. \u0130stanbul Film Festivali\u2019nde Onat Kutlar an\u0131s\u0131na verilen J\u00fcri \u00d6zel \u00d6d\u00fcl\u00fc\u2019n\u00fc kazanan filmdeki performanslar\u0131yla <strong>Ahmet R\u0131fat \u015eungar<\/strong> ve <strong>Bar\u0131\u015f G\u00f6nenen<\/strong> de En \u0130yi Erkek Oyuncu \u00d6d\u00fcl\u00fc\u2019ne lay\u0131k g\u00f6r\u00fcld\u00fcler. G\u00f6sterim sonras\u0131 y\u00f6netmen <strong>Ali Kemal G\u00fcven<\/strong>, yap\u0131mc\u0131 <strong>Seda \u00d6zkaraca <\/strong>ile oyuncular <strong>Ahmet R\u0131fat \u015eungar <\/strong>ve <strong>Bar\u0131\u015f G\u00f6nenen <\/strong>festival izleyicisinin sorular\u0131n\u0131 yan\u0131tlamak i\u00e7in Ayval\u0131k\u2019ta olacak.<\/p>\n<p><strong>Ali Tansu Turhan<\/strong>\u2019\u0131n ilk uzun metraj filmi <strong><em>Diyalog<\/em><\/strong>, bir film \u00e7ekimi i\u00e7in bir araya gelen ve filmdeki, t\u00fckenmi\u015f bir ili\u015fki ya\u015fayan rollerinin aksine ger\u00e7ekte yeni tan\u0131\u015fan ve duygusal bir ba\u011f kuran iki oyuncuyu takip ediyor. \u0130zleyiciye film i\u00e7inde film sunan, ger\u00e7ekli\u011fin farkl\u0131 katmanlar\u0131yla ilgilenen film 32 dakikal\u0131k plan sekans\u0131yla da dikkat \u00e7ekiyor. <strong><em>Diyalog<\/em><\/strong><em>\u2019<\/em>un g\u00f6sterimi sonras\u0131nda y\u00f6netmen <strong>Ali<\/strong> <strong>Tansu Turhan<\/strong>, senarist <strong>Burcu U\u011fuz<\/strong>, ba\u015frol oyuncular\u0131 <strong>Hare S\u00fcrel <\/strong>ve<strong> Ushan \u00c7ak\u0131r<\/strong> izleyicilerle bulu\u015fmak i\u00e7in Ayval\u0131k\u2019ta olacaklar.<\/p>\n<p><strong>Ziya Demirel<\/strong>\u2019in ilk uzun metraj filmi <strong><em>Ela ile Hilmi ve Ali<\/em><\/strong>, ayn\u0131 apartmanda ya\u015fayan farkl\u0131 ya\u015flara ve d\u00fcnyalara sahip Ela, Hilmi ve Ali\u2019nin pe\u015finde karanl\u0131k, k\u0131\u015fk\u0131rt\u0131c\u0131 ve kara mizah\u0131 bol bir hik\u00e2ye anlat\u0131yor. Ba\u015frollerini <strong>Ece Y\u00fcksel, Serkan Keskin <\/strong>ve <strong>Denizhan Akbaba<\/strong>\u2019n\u0131n payla\u015ft\u0131\u011f\u0131 filmin g\u00f6sterimi sonras\u0131nda, film ekibi Ayval\u0131k izleyicisinin sorular\u0131n\u0131 yan\u0131tlayacak.<\/p>\n<p>K\u0131z\u0131n\u0131n velayeti T\u00fcrkiye\u2019de \u00fcnl\u00fc bir adam olan kocas\u0131na verilince k\u0131z\u0131n\u0131 ka\u00e7\u0131rmaya karar veren Frans\u0131z Claire\u2019in zorlu yolculu\u011funu anlatan bir ba\u015fka ilk film <strong><em>\u201cYaban\u201d<\/em><\/strong>, <strong>Tareq Daoud<\/strong> imzas\u0131 ta\u015f\u0131yor. Y\u00f6netmen g\u00f6sterimin ard\u0131ndan filme dair sohbet etmek \u00fczere Ayval\u0131k\u2019ta olacak.<\/p>\n<p><strong>Nazl\u0131 Elif Durlu<\/strong>\u2019nun kara komedi t\u00fcr\u00fcndeki ilk uzun metraj filmi <strong><em>Zuhal<\/em><\/strong>, ba\u015far\u0131l\u0131 bir avukat olan ve \u0130stanbul\u2019un merkezinde yaln\u0131z ya\u015fayan Zuhal adl\u0131 bir kad\u0131n\u0131n evinin derinlerinden gelen bir kedi sesinin pe\u015finde \u00e7\u0131kt\u0131\u011f\u0131 \u00e7aresiz aray\u0131\u015f\u0131 ve o g\u00fcne dek y\u00fczlerini bile g\u00f6rmedi\u011fi kom\u015fular\u0131yla ya\u015fad\u0131\u011f\u0131 abs\u00fcrt kar\u015f\u0131la\u015fmalar\u0131 konu al\u0131yor. Filmin ba\u015frol\u00fcndeki <strong>Nihal<\/strong> <strong>Yal\u00e7\u0131n<\/strong>, y\u00f6netmen <strong>Nazl\u0131 Elif Durlu<\/strong> ve yap\u0131mc\u0131 <strong>Anna Maria Aslano\u011flu<\/strong> film sonras\u0131 s\u00f6yle\u015fide izleyiciyle bulu\u015facak.<\/p>\n<p>\u0130lk filmi <em>Kasap Havas\u0131<\/em> ile dikkat \u00e7eken <strong>\u00c7i\u011fdem Sezgin<\/strong> yeni filmi <strong><em>Suna<\/em><\/strong><em>\u2019<\/em>da, hayatta kendi istedi\u011fi gibi var olmaya \u00e7al\u0131\u015fan yersiz yurtsuz bir kad\u0131n\u0131n erkek egemen d\u00fcnyadaki hik\u00e2yesini anlat\u0131yor. Sinemam\u0131zdaki kad\u0131n temsilleri a\u00e7\u0131s\u0131ndan kendine \u00f6nemli bir yer edinecek filmin ba\u015frollerinde <strong>Nurcan Eren, Tar\u0131k Papu\u00e7\u00e7uo\u011flu<\/strong>, <strong>F\u0131rat Tan\u0131\u015f<\/strong> ve <strong>Erdem Akak\u00e7e<\/strong> yer al\u0131yor. Film ekibi g\u00f6sterime kat\u0131lmak ve izleyicilerin sorular\u0131n\u0131 yan\u0131tlamak \u00fczere Ayval\u0131k\u2019ta olacak.<\/p>\n<p><strong>Cem Demirer<\/strong>\u2019in ilk uzun metraj filmi <strong><em>Mendirek<\/em><\/strong> Bozcaada\u2019da ge\u00e7iyor. Ya\u015fananlar\u0131 kimi zaman bal\u0131k\u00e7\u0131 Aslan\u2019\u0131n kimi zaman da kuzeni Y\u0131lmaz\u2019\u0131n g\u00f6z\u00fcnden anlatan film, karakterlerin i\u00e7 d\u00fcnyalar\u0131nda ya\u015fad\u0131klar\u0131n\u0131 ve giderek k\u00f6t\u00fcle\u015fen ruh hallerini g\u00f6zler \u00f6n\u00fcne seriyor ve izleyiciyi gerilimi y\u00fcksek ger\u00e7ekle sanr\u0131lar\u0131n birbirine kar\u0131\u015ft\u0131\u011f\u0131 bir yolculu\u011fa davet ediyor. <strong>Cem Demirer<\/strong> ve ba\u015frol oyuncular\u0131 <strong>Alihan Kaya<\/strong> ve <strong>Bar\u0131\u015f Y\u0131lmaz G\u00fcnd\u00fcz <\/strong>filmin g\u00f6sterimine kat\u0131lacaklar.<\/p>\n<h3><strong>DE\u011eER\u0130N\u0130 ARAYAN \u0130NSANA ve D\u00d6N\u00dc\u015eEN D\u00dcNYAYA DA\u0130R KISA F\u0130LMLER<\/strong><\/h3>\n<p>Festivalin <strong>k\u0131sa metraj film program\u0131<\/strong>nda toplumla istekleri aras\u0131nda kalan, varl\u0131\u011f\u0131n\u0131 sorgulayan, dayatmalar kar\u015f\u0131s\u0131nda <strong>bocalayan, s\u0131k\u0131\u015fm\u0131\u015f<\/strong> ve <strong>de\u011ferini arayan insanlar\u0131<\/strong> ve d\u00f6n\u00fc\u015fen d\u00fcnyay\u0131 ele alan ba\u015far\u0131l\u0131 yap\u0131mlar yer al\u0131yor.<\/p>\n<p><strong>Ali Ercivan<\/strong>\u2019\u0131n ilk k\u0131sa filmi <strong><em>Lekesiz<\/em><\/strong>, r\u00fcyas\u0131n\u0131 ger\u00e7ekle\u015ftirip s\u0131n\u0131f atlad\u0131\u011f\u0131na inanan bir adam ve zaten hep oraya ait olmu\u015f, kendince y\u00fcksek fark\u0131ndal\u0131kl\u0131 bir kad\u0131n\u0131n bir lekeyle ba\u015flayan \u00e7\u00f6k\u00fc\u015flerini anlat\u0131yor. Filmin ba\u015frollerinde <strong>Nezaket Erden<\/strong> ve <strong>Hakan<\/strong> <strong>Emre \u00dcnal<\/strong> yer al\u0131yor. Film ekibi, g\u00f6sterim sonras\u0131 Ayval\u0131k izleyicisiyle bulu\u015facak.<\/p>\n<p>Ge\u00e7en y\u0131l\u0131n \u00f6d\u00fcll\u00fc belgeseli <em>Maddenin Halleri<\/em>\u2019nin y\u00f6netmeni <strong>Deniz Tortum<\/strong> ile ABD\u2019li sanat\u00e7\u0131 <strong>Kathryn Hamilton\u2019<\/strong>un birlikte y\u00f6nettikleri <strong><em>Our Ark<\/em><\/strong> ise d\u00fcnyadaki her hayvan\u0131n <strong>3 boyutlu<\/strong> kopyalar\u0131n\u0131 yaparak bir t\u00fcr <strong>sanal Nuh<\/strong>\u2019un gemisi yaratan bir \u015firketin \u00e7al\u0131\u015fmalar\u0131ndan yola \u00e7\u0131k\u0131yor ve t\u00fcm d\u00fcnyan\u0131n bir t\u00fcr yede\u011fini almaya \u00e7al\u0131\u015fan insanl\u0131\u011f\u0131n pe\u015finde, b\u00fct\u00fcn bu dijital ar\u015fivlerin kim ve ne i\u00e7in yap\u0131ld\u0131\u011f\u0131n\u0131 sorguluyor.<\/p>\n<p><strong>Arda G\u00f6k\u00e7e<\/strong>\u2019nin yaln\u0131zl\u0131k, yabanc\u0131la\u015fma ve ileti\u015fimsizlik kavramlar\u0131n\u0131 irdeleyen ilk k\u0131sa filmi <strong><em>S\u0131radan Bir G\u00fcn<\/em><\/strong>\u2019de, <strong>Meli Bendeli<\/strong>\u2019nin canland\u0131rd\u0131\u011f\u0131 ana karakter Tolga, <strong>kentsel k\u00fclt\u00fcre<\/strong> dayal\u0131 <strong>modernle\u015fmenin, bireyselle\u015fmenin<\/strong> ve <strong>varolu\u015fsal<\/strong> anlamda kendini ger\u00e7ekle\u015ftirmenin sanc\u0131lar\u0131n\u0131 ya\u015f\u0131yor. <strong>G\u00f6k\u00e7e<\/strong> ve <strong>Bendeli<\/strong>, g\u00f6sterim sonras\u0131 filme dair merak edilenleri cevaplamak \u00fczere <strong>Ayval\u0131k\u2019ta<\/strong> olacak.<\/p>\n<p><strong>Can Merdan Do\u011fan<\/strong>\u2019\u0131n yaz\u0131p y\u00f6netti\u011fi, ba\u015frollerinde <strong>Nihal Yal\u00e7\u0131n<\/strong> ve <strong>Murat K\u0131l\u0131\u00e7<\/strong>\u2019\u0131n yer ald\u0131\u011f\u0131 ilk k\u0131sa filmi <strong><em>Stiletto<\/em><\/strong>, geceleri taksi \u015fof\u00f6rl\u00fc\u011f\u00fc yapan Hasan\u2019\u0131n, sabah eve d\u00f6nerken stiletto giymi\u015f gen\u00e7 bir kad\u0131n g\u00f6rmesiyle arzular\u0131 uyanm\u0131\u015f bir halde o g\u00fcn s\u0131radan hayat\u0131n\u0131n s\u0131n\u0131rlar\u0131n\u0131 a\u015farak kar\u0131s\u0131 ve \u00e7ocuklar\u0131yla birlikte bir <strong>felaketin e\u015fi\u011fine s\u00fcr\u00fcklenmesini<\/strong> beyazperdeye ta\u015f\u0131yor. <strong><em>Stiletto<\/em><\/strong> g\u00f6sterimi sonras\u0131nda film ekibiyle s\u00f6yle\u015fi ger\u00e7ekle\u015fecek.<\/p>\n<p>13 ya\u015f\u0131ndaki bir Yahudi \u00e7ocu\u011fun \u015eabat g\u00fcn\u00fcnde ger\u00e7ekle\u015ftirilecek <strong>Bar Mitzvah t\u00f6reni<\/strong> \u00f6ncesi ya\u015fad\u0131klar\u0131n\u0131 \u00fc\u00e7 ku\u015fa\u011f\u0131n g\u00f6z\u00fcnden <strong>trajikomik bir dille<\/strong> anlatan, g\u00f6sterim s\u0131ras\u0131nda Ayval\u0131k\u2019ta olacak y\u00f6netmen <strong>Sami Morhayim<\/strong> imzal\u0131 <strong><em>Susam<\/em><\/strong>\u2019da ba\u015frolleri <strong>Fatih Al<\/strong> ve <strong>Feri Baycu G\u00fcler<\/strong> payla\u015f\u0131yor.<\/p>\n<p>Bir ta\u015fra belediyesinde cenaze hizmetlerinde \u00e7al\u0131\u015fan R\u0131za ve Sabit\u2019in, kimsesiz bir cenazenin defin i\u015flemleri i\u00e7in yapt\u0131klar\u0131 yolculukta ba\u015flar\u0131na gelenleri konu alan k\u0131sa film <strong><em>Belki Bir G\u00fcn Gideriz<\/em><\/strong>, <strong>\u0130nan Erbil<\/strong> imzas\u0131 ta\u015f\u0131rken; <strong>T\u00fcrkay D\u00f6\u015fkaya <\/strong>y\u00f6netmenli\u011findeki <strong><em>R\u00fczgar \u0130\u00e7inde<\/em><\/strong> ise kendisini \u00e7a\u011f\u0131ran r\u00fczg\u00e2r\u0131n pe\u015finde, arad\u0131\u011f\u0131n\u0131 bulmak i\u00e7in ormana ula\u015fan bir karakteri ve do\u011fay\u0131 merkezine alan deneysel bir k\u0131sa film. <strong>\u0130nan Erbil<\/strong> ve <strong>T\u00fcrkay D\u00f6\u015fkaya<\/strong> da film g\u00f6sterimleri i\u00e7in Ayval\u0131k\u2019ta olacak.<\/p>\n<h3><strong>\u0130LG\u0130 \u00c7EK\u0130C\u0130 B\u0130R BELGESEL SE\u00c7K\u0130S\u0130 <\/strong><\/h3>\n<p><strong>Festival program\u0131nda<\/strong>, belgesel t\u00fcr\u00fcn\u00fcn \u00f6nemli ve ilgi \u00e7ekici \u00f6rnekleri de yer al\u0131yor. <strong>Ceylan \u00d6zg\u00fcn \u00d6z\u00e7elik<\/strong>\u2019in y\u00f6netti\u011fi deneysel belgesel <strong><em>Cad\u0131 \u00dc\u00e7lemesi 15+<\/em><\/strong>\u2019da, can\u0131na tak eden <strong>kad\u0131nlar cezaevlerinden yaralar\u0131<\/strong> ve <strong>\u015fifalar\u0131<\/strong> hayk\u0131r\u0131yor, \u015fiddetin <strong>zaman<\/strong> ve <strong>mekan<\/strong> tan\u0131mayan d\u00f6ng\u00fcs\u00fcnde iki kad\u0131n\u0131n \u201csu\u00e7lu\u201d bulunmas\u0131 sorgulan\u0131yor. Kendilerine \u015fiddet uygulayan kocalar\u0131n\u0131 \u00f6ld\u00fcrm\u00fc\u015f Aylin ve Havva\u2019n\u0131n; evlerini, sevgiyi, \u00f6fkeyi, \u00e7ocukluklar\u0131n\u0131, \u00e7ocuklar\u0131n\u0131, d\u00fc\u015flerini ve k\u00e2buslar\u0131n\u0131 mektuplar\u0131na d\u00f6kt\u00fckleri duygular\u0131 <strong>Hare S\u00fcrel <\/strong>ve <strong>G\u00fcl\u00e7in K\u00fclt\u00fcr \u015eahin<\/strong>\u2019in sesinden anlat\u0131l\u0131yor. <strong>Ceylan \u00d6zg\u00fcn \u00d6z\u00e7elik, G\u00fcl\u00e7in<\/strong> <strong>K\u00fclt\u00fcr \u015eahin<\/strong> ve <strong>Hare S\u00fcrel<\/strong> g\u00f6sterim sonras\u0131nda izleyiciyle bulu\u015facak.<\/p>\n<p><strong>Hakk\u0131 Kurtulu\u015f <\/strong>ve <strong>Melik Sara\u00e7o\u011flu<\/strong>\u2019nun yaz\u0131p y\u00f6netti\u011fi <strong><em>Dermans\u0131z <\/em><\/strong>adl\u0131 belgesel, askerdeyken rahats\u0131zlan\u0131p gitti\u011fi Bursa Memleket Hastanesi\u2019nde 47 y\u0131l boyunca hi\u00e7 \u00e7\u0131kmadan ya\u015fay\u0131p \u00f6len Abdullah Kozan\u2019\u0131n hik\u00e2yesini konu al\u0131yor. Filmin y\u00f6netmenlerinden <strong>Melik Sara\u00e7o\u011flu<\/strong>, film sonras\u0131 s\u00f6yle\u015fi i\u00e7in Ayval\u0131k\u2019ta olacak.<\/p>\n<p><strong>Senem T\u00fczen, Adam Isenberg <\/strong>ve <strong>Noah Amir Arjomand<\/strong>\u2019\u0131n y\u00f6nettikleri <strong><em>Eat Your Catfish<\/em><\/strong> adl\u0131 belgesel \u00e7aresi olmayan bir hastal\u0131k nedeniyle alt\u00fcst olan bir <strong>ailenin hikayesini<\/strong> sadece <strong>ac\u0131<\/strong> ve <strong>t\u00fckenmi\u015flik<\/strong> \u00fczerinden de\u011fil b\u00fct\u00fcn y\u00f6nleriyle mizah\u0131 da i\u00e7eren \u015fekilde anlat\u0131yor. Filmin y\u00f6netmenlerinden Noah\u2019\u0131n <strong>ALS hastas\u0131<\/strong> annesi Kathryn\u2019in bak\u0131\u015f a\u00e7\u0131s\u0131ndan \u00e7ekilen film, <strong>930 saatlik<\/strong> g\u00f6r\u00fcnt\u00fcn\u00fcn kurgulanmas\u0131yla ortaya \u00e7\u0131kt\u0131. <strong>Noah Amir Arjomand<\/strong>, g\u00f6sterim sonras\u0131 ger\u00e7ekle\u015fecek s\u00f6yle\u015fide filme dair merak edilenleri yan\u0131tlayacak.<\/p>\n<p><strong>Nur Akal\u0131n<\/strong>\u2019\u0131n <strong>1995 y\u0131l\u0131<\/strong>ndaki Paris,<strong> 2001 y\u0131l\u0131<\/strong>ndaki Bangkok ve 2003 y\u0131l\u0131ndaki Auschwitz-Birkenau gezilerinden notlar\u0131 perdeye yans\u0131tt\u0131\u011f\u0131 filmi <strong><em>Do You Like Jupiter?<\/em><\/strong> festivalde g\u00f6sterilecek deneysel belgesellerden. Ayval\u0131k\u2019ta ya\u015fayan Akal\u0131n, <strong>film g\u00f6sterimi<\/strong>nden izleyicilerle bulu\u015facak.<\/p>\n<p><strong>Cem Kaya<\/strong>\u2019n\u0131n, bu y\u0131l Berlinale\u2019nin Panorama b\u00f6l\u00fcm\u00fcnde g\u00f6sterilen ve Seyirci \u00d6d\u00fcl\u00fc\u2019ne lay\u0131k g\u00f6r\u00fclen \u00fc\u00e7\u00fcnc\u00fc belgesel filmi <strong><em>A\u015fk, Mark ve \u00d6l\u00fcm<\/em><\/strong>, <em>1961 tarihli T\u00fcrkiye-Almanya \u0130\u015fg\u00fcc\u00fc Anla\u015fmas\u0131<\/em>\u2019n\u0131n ard\u0131ndan <strong>T\u00fcrkiye\u2019den Almanya\u2019ya<\/strong> g\u00f6\u00e7enlerin, onlar\u0131n \u00e7ocuklar\u0131n\u0131n ve torunlar\u0131n\u0131n ya\u015fatt\u0131\u011f\u0131 ba\u011f\u0131ms\u0131z m\u00fczik k\u00fclt\u00fcr\u00fcn\u00fcn hikayesini sunuyor. <strong>Cem Kaya<\/strong> da filmiyle ilgili merak edilenleri yan\u0131tlamak \u00fczere g\u00f6sterim sonras\u0131nda izleyicilerle bulu\u015facak.<\/p>\n<p>Foto\u011fraf d\u00fcnyas\u0131n\u0131n ya\u015fayan efsanesi Josef Koudelka\u2019n\u0131n <em>Ruins<\/em> <em>(Kal\u0131nt\u0131lar)<\/em> adl\u0131 \u00e7al\u0131\u015fmas\u0131n\u0131n T\u00fcrkiye aya\u011f\u0131nda, 6 y\u0131ll\u0131k s\u00fcre\u00e7te \u00e7ekilen <strong><em>Koudelka \u2013 Ayn\u0131 Nehirden Ge\u00e7mek<\/em><\/strong>, foto\u011fraf\u00e7\u0131 ve y\u00f6netmen <strong>Co\u015fkun A\u015far<\/strong>\u2019\u0131n imzas\u0131 ta\u015f\u0131yor. <strong>A\u015far<\/strong>, Koudelka ile birlikte toplamda 11 \u015fehri, 60\u2019a yak\u0131n antik kenti ziyaret ettikleri bu yolculukta Koudelka\u2019n\u0131n hem sanatsal hem de felsefi \u201cmaksimum\u201d aray\u0131\u015f\u0131na odaklan\u0131rken; ne\u015fe, \u015fefkat ve sessizlik anlar\u0131na tan\u0131k oluyor.\u00a0<strong>A\u015far<\/strong> ve filmin yap\u0131mc\u0131s\u0131 <strong>Ayhan Hac\u0131fazl\u0131o\u011flu<\/strong> da Ayval\u0131k\u2019ta izleyiciyle bulu\u015facak sinemac\u0131lardan.<\/p>\n<h3><strong>AYVALIK ULUSLARARASI F\u0130LM FEST\u0130VAL\u0130, KAYBETT\u0130KLER\u0130M\u0130Z\u0130 ANIYOR<\/strong><\/h3>\n<p><strong>Ayval\u0131k Uluslararas\u0131 Film Festivali<\/strong>\u2019nde bu y\u0131l, yak\u0131n zamanda kaybetti\u011fimiz isimlere \u00f6zel bir program haz\u0131rland\u0131. <strong>An\u0131s\u0131na<\/strong> ba\u015fl\u0131kl\u0131 bu b\u00f6l\u00fcm kapsam\u0131nda <strong>Erden K\u0131ral<\/strong> an\u0131s\u0131na <strong><em>Vicdan<\/em><\/strong>; <strong>C\u00fcneyt Ark\u0131n<\/strong> an\u0131s\u0131na Orhan O\u011fuz imzal\u0131 <strong><em>\u0130ki Ba\u015fl\u0131 Dev<\/em><\/strong>; <strong>Cem Madra<\/strong> an\u0131s\u0131na John Cassavetes\u2019in y\u00f6netti\u011fi <strong><em>Y\u00fczler (Faces)<\/em><\/strong>; usta y\u00f6netmen <strong>Peter Brook<\/strong> an\u0131s\u0131na <strong><em>Yedi G\u00fcn\u2026 Yedi Gece (Seven Days\u2026 Seven Nights\u2026 &#8211; Moderato Cantabile)<\/em><\/strong> g\u00f6sterilecek.<\/p>\n<h3><strong>ULRIKE OTTINGER 80 YA\u015eINDA<\/strong><\/h3>\n<p>Ressam olarak ba\u015flad\u0131\u011f\u0131 kariyerine <strong>1970&#8217;lerde<\/strong> sinema ile devam eden ve o d\u00f6nemden bu yana Alman sinemas\u0131ndaki feminist bak\u0131\u015f\u0131n en \u00f6nemli temsilcilerinden biri olan <strong>Ulrike Ottinger<\/strong>\u2019in 80. ya\u015f g\u00fcn\u00fcne \u00f6zel <strong><em>Dorian Gray\u2019in Magazin Bas\u0131n\u0131ndaki Portresi (The Image of Dorian Gray in the Yellow Press)<\/em><\/strong> festivalde izleyiciyle bulu\u015facak. 1983 y\u0131l\u0131nda \u00e7ekti\u011fi bu filmde <strong>Ottinger<\/strong>, cinsel kimlikleri alt \u00fcst ederek, Oscar Wilde\u2019\u0131n roman\u0131ndaki \u00fcnl\u00fc karakter Dorian Gray\u2019i bir kad\u0131n oyuncuya, <strong>Veruschka von Lehndorff<\/strong>\u2019a emanet ediyor.<\/p>\n<h3><strong>PANELLER<\/strong><\/h3>\n<p><strong>Ayval\u0131k Uluslararas\u0131 Film Festivali <\/strong>kapsam\u0131nda son d\u00f6nem belgesel sinemadaki \u00fcretimlerden ve festivalde g\u00f6sterilen belgesel yap\u0131mlardan yola \u00e7\u0131karak <strong>\u201c<\/strong><strong>T\u00fcrkiye&#8217;de yarat\u0131c\u0131 belgesel: Yeni anlat\u0131m olanaklar\u0131\u201d <\/strong>ba\u015fl\u0131kl\u0131 bir panel d\u00fczenlenecek.<strong> \u201cBir Zenaat Olarak Oyunculuk\u201d <\/strong>ve<strong> \u201c\u015eu Anla\u015f\u0131lmazl\u0131k Meselesi: Bir filmi Anlamak ya da Anlamamak\u201d <\/strong>da festival program\u0131nda yer alan di\u011fer paneller.<\/p>\n<h3><strong>FEST\u0130VALDE \u00c7OCUKLAR \u0130\u00c7\u0130N S\u0130NEMA<\/strong><\/h3>\n<p><strong>Ayval\u0131k<\/strong> <strong>Uluslararas\u0131 Film Festivali<\/strong>\u2019nin <strong>C\u00fcneyt Cebenoyan \u00c7ocuk ve Sinema Bulu\u015fmalar\u0131<\/strong> i\u015fbirli\u011fiyle ger\u00e7ekle\u015ftirece\u011fi g\u00f6sterimler kapsam\u0131nda <strong><em>\u00c7ok Uzakta (Too Far Away)<\/em><\/strong> adl\u0131 \u00e7ocuk filmi g\u00f6sterilecek. <strong>Sarah Winkenstette<\/strong> y\u00f6netmenli\u011findeki yap\u0131m, k\u00f6ylerindeki k\u00f6m\u00fcr madeni nedeniyle kente ta\u015f\u0131nmak zorunda kalan Ben ve yeni okulunda tan\u0131\u015ft\u0131\u011f\u0131 ba\u015fta rakip g\u00f6rd\u00fc\u011f\u00fc Suriyeli m\u00fclteci Tar\u0131k ile umut ve sevgi dolu dostlu\u011funu konu al\u0131yor. Film sonras\u0131nda C\u00fcneyt Cebenoyan \u00c7ocuk ve Sinema Bulu\u015fmalar\u0131 Koordinat\u00f6r\u00fc ve B\u00fct\u00fcn \u00c7ocuklar Bizim Derne\u011fi y\u00f6netim kurulu \u00fcyelerinden ebeveyn ko\u00e7u <strong>Ay\u015feg\u00fcl Cebenoyan<\/strong> taraf\u0131ndan \u00e7ocuklar i\u00e7in bir etkinlik d\u00fczenlenecek.<\/p>\n<h3><strong>\u201cGEN\u00c7 S\u0130NEMA\u201d PROGRAMI ile 30 \u00d6\u011eRENC\u0130 AYVALIK\u2019TA OLACAK<\/strong><\/h3>\n<p>Gen\u00e7lerle y\u00fcr\u00fct\u00fclecek e\u011fitim projelerine b\u00fcy\u00fck \u00f6nem veren <strong>Seyir Derne\u011fi<\/strong>, <strong>Ayval\u0131k Uluslararas\u0131 Film Festivali<\/strong> kapsam\u0131nda <strong>K\u00fclt\u00fcr i\u00e7in Alan<\/strong> deste\u011fiyle bu y\u0131l <strong>Gen\u00e7<\/strong> <strong>Sinema<\/strong> program\u0131n\u0131 ba\u015flat\u0131yor. Ba\u015fta sinema b\u00f6l\u00fcm\u00fcnde okuyan ya da \u00fcniversitelerin sinema kul\u00fcplerine \u00fcye \u00f6\u011frenciler olmak \u00fczere, sinema alan\u0131nda kendisini geli\u015ftirmek isteyen t\u00fcm \u00f6\u011frencilere yap\u0131lan a\u00e7\u0131k \u00e7a\u011fr\u0131 sonucunda <strong>Gen\u00e7 Sinema<\/strong> program\u0131na 30 \u00f6\u011frencinin ba\u015fvurusu kabul edildi.<\/p>\n<p><em>\u0130stanbul, Ankara, Zonguldak, \u0130zmir, \u00c7anakkale, Mu\u011fla, Ordu, Antalya, Eski\u015fehir ve K\u00fctahya\u2019dan<\/em> toplam <strong>25<\/strong> farkl\u0131 \u00fcniversiteden <strong>30<\/strong> \u00f6\u011frenci festival boyunca Ayval\u0131k\u2019ta olacak; <strong>yap\u0131mc\u0131l\u0131k, yazarl\u0131k, y\u00f6netmenlik, kurgu, post-prod\u00fcksiyon<\/strong> gibi farkl\u0131 alanlarda profesyonel isimlerin verece\u011fi at\u00f6lye \u00e7al\u0131\u015fmalar\u0131na kat\u0131labilecek ve festival organizasyonunun farkl\u0131 alanlar\u0131nda g\u00f6rev alarak festivalin \u00f6nemli bir par\u00e7as\u0131 olacaklar.<\/p>\n<p><strong>\u00d6\u011frenciler<\/strong>, y\u0131l\u0131n dikkat \u00e7ekici ve merakla beklenen <strong>festival filmlerini izleme, panel <\/strong>ve<strong> konu\u015fmalar\u0131<\/strong> takip etme, <strong>sinemac\u0131larla tan\u0131\u015fma<\/strong> ve <strong>sohbet etme imkan\u0131<\/strong> bulacak. Programdaki at\u00f6lyelere ek olarak, <strong>festival organizasyonu<\/strong>nda g\u00f6n\u00fcll\u00fc \u00e7al\u0131\u015farak <strong>tecr\u00fcbe kazanacak<\/strong> ve <strong>kendilerini geli\u015ftirecekler.<\/strong><\/p>\n<h3><strong>\u201cYEN\u0130 B\u0130R \u2026\u201d \u00d6D\u00dcL S\u00dcRPR\u0130Z\u0130<\/strong><\/h3>\n<p><strong>Ayval\u0131k Uluslararas\u0131 Film Festivali<\/strong> kapsam\u0131nda bir yar\u0131\u015fma yap\u0131lmamas\u0131na kar\u015f\u0131n bu y\u0131ldan itibaren <strong>\u201cYeni Bir \u2026\u201d <\/strong>ba\u015fl\u0131\u011f\u0131yla bir \u00f6d\u00fcl verecek. \u00d6d\u00fcl, herhangi bir kategori ayr\u0131m\u0131 g\u00f6zetmeden, o y\u0131l i\u00e7inde sinema alan\u0131nda g\u00f6sterdi\u011fi ba\u015far\u0131yla dikkat \u00e7eken yeni bir <em>y\u00f6netmen, oyuncu, senarist, kurgucu, ses tasar\u0131mc\u0131s\u0131 vb.<\/em> gibi, te\u015fvik edilmesi gerekti\u011fi d\u00fc\u015f\u00fcn\u00fclen gen\u00e7 bir sinemac\u0131ya verilecek. <strong>\u201cYeni Bir \u2026\u201d <\/strong>\u00f6d\u00fcl\u00fc, festivalin, gen\u00e7 sinemac\u0131lar\u0131n yeti\u015fmesi ve te\u015fvik edilmesi konusundaki misyonunu da peki\u015ftirecek. Kuruldu\u011fu g\u00fcnden bu yana <strong>150<\/strong> senelik bir miras\u0131 devralm\u0131\u015f olman\u0131n bilinciyle hareket eden<strong> Mey|Diageo<\/strong>\u2019nun katk\u0131lar\u0131yla bir gen\u00e7 sinemac\u0131ya <strong>40.000 TL<\/strong>\u2019lik bir \u00f6d\u00fcl verilecek.<\/p>\n<p><strong>Ayval\u0131k Uluslararas\u0131 Film Festivali<\/strong>\u2019nin bu y\u0131lki afi\u015fi, resimlerinde <strong>\u00e7i\u00e7ek, yaprak<\/strong> ve <strong>hayvan desenlerini<\/strong> kullanarak hem ger\u00e7ek\u00fcst\u00fc bir d\u00fcnya yaratan hem de yan\u0131 ba\u015f\u0131m\u0131zdaki do\u011fan\u0131n \u015fifa vermesine ve de kendisi i\u00e7in \u015fifa aramas\u0131na vurgu yapan Ayval\u0131kl\u0131 sanat\u00e7\u0131 <strong>Elvan Alpay<\/strong>\u2019\u0131n resimlerinden ilhamla ortaya \u00e7\u0131kt\u0131. Festival afi\u015finin g\u00f6rsel tasar\u0131m\u0131 <strong>Emel I\u015f\u0131tan<\/strong>\u2019\u0131n imzas\u0131n\u0131 ta\u015f\u0131yor.<\/p>\n<h3><strong>FEST\u0130VAL MEKANLARI VE B\u0130LET B\u0130LG\u0130LER\u0130<\/strong><\/h3>\n<p>Festivalde film g\u00f6sterimleri <strong>Ayval\u0131k Belediyesi Vural Sinemas\u0131 Nejat Uygur Sahnesi<\/strong>, <strong>Ayval\u0131k<\/strong> <strong>Belediyesi B\u00fcy\u00fck Park<\/strong> <strong>Amfitiyatro <\/strong>ve<strong> Eski K\u00f6yl\u00fc Pazar\u0131 Meydan\u0131<\/strong>\u2019nda yap\u0131lacak. <strong>Ayval\u0131k<\/strong> <strong>Uluslararas\u0131 Film Festivali<\/strong>\u2019nde tam bilet <strong>50 TL<\/strong>, indirimli bilet <strong>30 TL <\/strong>olarak <strong>9 Eyl\u00fcl<\/strong>\u2019den itibaren <strong>Biletix<\/strong>\u2019te sat\u0131\u015fa \u00e7\u0131kacak. <strong>Eski K\u00f6yl\u00fc Pazar\u0131<\/strong> <strong>Meydan\u0131<\/strong>\u2019ndaki g\u00f6sterimler \u00fccretsiz ger\u00e7ekle\u015ftirilecek.<\/p>","protected":false},"excerpt":{"rendered":"<p>Sorry, this entry is only available in Turkish. For the sake of viewer convenience, the content is shown below in the alternative language. You may click the link to switch the active language. Ayval\u0131k\u2019ta bu y\u0131l kurulan Seyir Derne\u011fi\u2019nin 16-21 Eyl\u00fcl 2022 tarihleri aras\u0131nda ger\u00e7ekle\u015ftirece\u011fi Ayval\u0131k Uluslararas\u0131 Film Festivali\u2019nin nitelikli i\u00e7eri\u011fiyle dikkat \u00e7eken program\u0131 a\u00e7\u0131kland\u0131. [&hellip;]<\/p>\n","protected":false},"author":1,"featured_media":161318,"comment_status":"open","ping_status":"open","sticky":false,"template":"","format":"standard","meta":[],"categories":[53],"tags":[105653,72734,105140,94503,105652,2257,98779,105654,105397],"views":541,"_links":{"self":[{"href":"https:\/\/www.enerjigazetesi.ist\/en\/wp-json\/wp\/v2\/posts\/161312"}],"collection":[{"href":"https:\/\/www.enerjigazetesi.ist\/en\/wp-json\/wp\/v2\/posts"}],"about":[{"href":"https:\/\/www.enerjigazetesi.ist\/en\/wp-json\/wp\/v2\/types\/post"}],"author":[{"embeddable":true,"href":"https:\/\/www.enerjigazetesi.ist\/en\/wp-json\/wp\/v2\/users\/1"}],"replies":[{"embeddable":true,"href":"https:\/\/www.enerjigazetesi.ist\/en\/wp-json\/wp\/v2\/comments?post=161312"}],"version-history":[{"count":0,"href":"https:\/\/www.enerjigazetesi.ist\/en\/wp-json\/wp\/v2\/posts\/161312\/revisions"}],"wp:featuredmedia":[{"embeddable":true,"href":"https:\/\/www.enerjigazetesi.ist\/en\/wp-json\/wp\/v2\/media\/161318"}],"wp:attachment":[{"href":"https:\/\/www.enerjigazetesi.ist\/en\/wp-json\/wp\/v2\/media?parent=161312"}],"wp:term":[{"taxonomy":"category","embeddable":true,"href":"https:\/\/www.enerjigazetesi.ist\/en\/wp-json\/wp\/v2\/categories?post=161312"},{"taxonomy":"post_tag","embeddable":true,"href":"https:\/\/www.enerjigazetesi.ist\/en\/wp-json\/wp\/v2\/tags?post=161312"}],"curies":[{"name":"wp","href":"https:\/\/api.w.org\/{rel}","templated":true}]}}