{"id":161293,"date":"2022-08-31T13:32:08","date_gmt":"2022-08-31T10:32:08","guid":{"rendered":"https:\/\/www.enerjigazetesi.ist\/?p=161293"},"modified":"2022-08-31T13:45:07","modified_gmt":"2022-08-31T10:45:07","slug":"bisiklet-sergisi-adalar-muzesi-nde-01-eylul-aciliyorr","status":"publish","type":"post","link":"https:\/\/www.enerjigazetesi.ist\/en\/bisiklet-sergisi-adalar-muzesi-nde-01-eylul-aciliyorr\/","title":{"rendered":"(Turkish) &#8217;Bisiklet Sergisi&#8217; Adalar M\u00fczesi&#8217;nde 01 Eyl\u00fcl&#8217;de A\u00e7\u0131l\u0131yor"},"content":{"rendered":"<p class=\"qtranxs-available-languages-message qtranxs-available-languages-message-en\">Sorry, this entry is only available in <a href=\"https:\/\/www.enerjigazetesi.ist\/tr\/wp-json\/wp\/v2\/posts\/161293\" class=\"qtranxs-available-language-link qtranxs-available-language-link-tr\" title=\"Turkish\">Turkish<\/a>. For the sake of viewer convenience, the content is shown below in the alternative language. You may click the link to switch the active language.<\/p><p><\/p>\n<h2>Adalar M\u00fczesi \u201cBisiklet Sergisi\u201d, \u201cBisiklet \u00fczerinde 137 Y\u0131l\u201d temas\u0131yla, 01 Eyl\u00fcl 2022 Per\u015fembe Saat 16.00&#8217;da, Adalar M\u00fczesi&#8217;nin B\u00fcy\u00fckada Aya Nikola ana binas\u0131nda a\u00e7\u0131l\u0131yor.<\/h2>\n<p><strong>\u201cBisiklet Sergisi\u201d<\/strong>, <strong>Adalar<\/strong>&#8216;\u0131n y\u0131llar i\u00e7inde <strong>alamet-i farikas\u0131na<\/strong> d\u00f6n\u00fc\u015fm\u00fc\u015f bisikletin tarihine, <strong>\u0130stanbul&#8217;a<\/strong> ve \u00f6zellikle de <strong>Adalar\u0131m\u0131z&#8217;a<\/strong> gelerek yayg\u0131nla\u015fmas\u0131na \u0131\u015f\u0131k tutuyor. \u00dcnl\u00fc yazarlardan sporculara, tarihi ki\u015filiklerden, <strong>yerel halka bisikletle<\/strong> b\u00fcy\u00fcyen, ada yollar\u0131n\u0131 bisikletle ar\u015f\u0131nlayan pek \u00e7ok <strong>Adal\u0131&#8217;n\u0131n<\/strong>, yolu <strong>Adalar&#8217;dan<\/strong> ge\u00e7mi\u015flerin<strong> bisikletleri, aksesuarlar\u0131<\/strong>, s\u00f6zl\u00fc tarih anlat\u0131lar\u0131 ve <img loading=\"lazy\" class=\"alignright wp-image-161305\" src=\"https:\/\/www.enerjigazetesi.ist\/wp-content\/uploads\/2022\/08\/bisiklet-sergisi-adalar-muzesi-nde-01-eylul-aciliyorr-5.jpg\" alt=\"\" width=\"320\" height=\"240\" srcset=\"https:\/\/www.enerjigazetesi.ist\/wp-content\/uploads\/2022\/08\/bisiklet-sergisi-adalar-muzesi-nde-01-eylul-aciliyorr-5.jpg 550w, https:\/\/www.enerjigazetesi.ist\/wp-content\/uploads\/2022\/08\/bisiklet-sergisi-adalar-muzesi-nde-01-eylul-aciliyorr-5-300x225.jpg 300w, https:\/\/www.enerjigazetesi.ist\/wp-content\/uploads\/2022\/08\/bisiklet-sergisi-adalar-muzesi-nde-01-eylul-aciliyorr-5-500x375.jpg 500w, https:\/\/www.enerjigazetesi.ist\/wp-content\/uploads\/2022\/08\/bisiklet-sergisi-adalar-muzesi-nde-01-eylul-aciliyorr-5-67x50.jpg 67w\" sizes=\"(max-width: 320px) 100vw, 320px\" \/>hat\u0131ralar\u0131 <strong>serginin belkemi\u011fini<\/strong> olu\u015fturuyor.<\/p>\n<p>Sergide yer alan yakla\u015f\u0131k <strong>40 bisiklet<\/strong> aras\u0131nda <strong>\u0130n\u00f6n\u00fc ailesinin, Mehmet Ali Aybar<\/strong>&#8216;\u0131n, <strong>\u015fair Zahrad&#8217;\u0131n<\/strong>, \u00fcnl\u00fc bisiklet yar\u0131\u015f\u00e7\u0131s\u0131 <strong>Garbis Bora<\/strong>&#8216;n\u0131n bisikletleri de var.<\/p>\n<p>D\u00fcnyay\u0131 ilk kez bisikletle dola\u015fan \u0130ngiliz seyyah <strong>Thomas Stevens<\/strong>&#8216;\u0131n<strong> 1885&#8217;da<\/strong> u\u011frad\u0131\u011f\u0131 <strong>B\u00fcy\u00fckada&#8217;ya<\/strong> dair yazd\u0131klar\u0131 ve <strong>H\u00fcseyin Rahmi G\u00fcrp\u0131nar&#8217;dan Naz\u0131m Hikmet&#8217;e<\/strong>, yolu <strong>Adalar&#8217;a<\/strong> d\u00fc\u015fen <strong>sanat\u00e7\u0131lar\u0131n bisikletli hikayeleri<\/strong> de serginin bir par\u00e7as\u0131.<\/p>\n<p><strong>Adal\u0131lar&#8217;\u0131n<\/strong> an\u0131lar\u0131ndaki <strong>bisiklet hikayelerinin<\/strong> ge\u00e7mi\u015ften bug\u00fcne nas\u0131l geldi\u011fini mercek alt\u0131na alan sergi ayn\u0131 zamanda <strong>bisikletin i\u015flevselli\u011fin \u00f6tesinde<\/strong> g\u00fcn\u00fcm\u00fcze damgas\u0131n\u0131 vuran <strong>\u2018s\u00fcrd\u00fcr\u00fclebilirlik&#8217;<\/strong> \u00f6zelli\u011fine de g\u00f6nderme yap\u0131yor ve karbon ayak izi olmaks\u0131z\u0131n ara\u00e7tan amaca d\u00f6n\u00fc\u015f\u00fcm\u00fcn\u00fcn alt\u0131n\u0131 \u00e7iziyor.<\/p>\n<p>T\u00fcrkiye&#8217;nin belki de ilk kapsaml\u0131 <strong>bisiklet sergisini<\/strong> gezecek ziyaret\u00e7iler, <strong>bisikletin tarihini<\/strong> kendi bisiklet an\u0131lar\u0131yla harmanlarken, d\u00fcnyam\u0131z\u0131 sarsan<strong> iklim krizi<\/strong>ni a\u015fmak i\u00e7in <strong>pedallara<\/strong> nas\u0131l as\u0131labilece\u011fimizi de bir kez daha hat\u0131rlayacaklar.<\/p>\n<p><strong>6 ay<\/strong> a\u00e7\u0131k kalacak serginin ana sponsoru <em>Axa Sigorta. Accell Bisiklet-Carraro, Shimano<\/em> gibi bisikletin \u00f6nemli markalar\u0131n\u0131n sponsorluklar\u0131 yan\u0131 s\u0131ra, <em>M\u00fcze Sergi \u0130\u015fleri, Jotun Boya, Decathlon<\/em> da serginin destek\u00e7ileri aras\u0131nda.<\/p>\n<h3><strong>Adalar M\u00fczesi, \u201cBisiklet Sergisi\u201d &#8211; <\/strong><em>Adalar&#8217;da Bisiklet \u00dczerinde 137 y\u0131l<\/em><\/h3>\n<p><strong>Sergi k\u00fcrat\u00f6r\u00fc:<\/strong> Aydan \u00c7elik<br \/>\n<strong>Edit\u00f6r ve \u00c7evirmen:<\/strong> Melis \u015eeyhun \u00c7al\u0131\u015flar<br \/>\n<strong>Tasar\u0131m Ekibi:<\/strong> Deniz Ko\u00e7 \u00c7eliker, Buket Kaya Ataseven<br \/>\n<strong>Grafik Tasar\u0131m:<\/strong> At\u00f6lye Nor, Zehra Derya Ko\u00e7<br \/>\n<strong>Sergi Uygulama:<\/strong> Ali Erkurt<br \/>\n<strong>S\u00f6zl\u00fc Tarih ve Videolar:<\/strong> Ayten \u015eele, Mehmet Ali Hanc\u0131<\/p>","protected":false},"excerpt":{"rendered":"<p>Sorry, this entry is only available in Turkish. For the sake of viewer convenience, the content is shown below in the alternative language. You may click the link to switch the active language. Adalar M\u00fczesi \u201cBisiklet Sergisi\u201d, \u201cBisiklet \u00fczerinde 137 Y\u0131l\u201d temas\u0131yla, 01 Eyl\u00fcl 2022 Per\u015fembe Saat 16.00&#8217;da, Adalar M\u00fczesi&#8217;nin B\u00fcy\u00fckada Aya Nikola ana binas\u0131nda [&hellip;]<\/p>\n","protected":false},"author":1,"featured_media":161299,"comment_status":"open","ping_status":"open","sticky":false,"template":"","format":"standard","meta":[],"categories":[53],"tags":[105598,105603,105599,105649,105600],"views":482,"_links":{"self":[{"href":"https:\/\/www.enerjigazetesi.ist\/en\/wp-json\/wp\/v2\/posts\/161293"}],"collection":[{"href":"https:\/\/www.enerjigazetesi.ist\/en\/wp-json\/wp\/v2\/posts"}],"about":[{"href":"https:\/\/www.enerjigazetesi.ist\/en\/wp-json\/wp\/v2\/types\/post"}],"author":[{"embeddable":true,"href":"https:\/\/www.enerjigazetesi.ist\/en\/wp-json\/wp\/v2\/users\/1"}],"replies":[{"embeddable":true,"href":"https:\/\/www.enerjigazetesi.ist\/en\/wp-json\/wp\/v2\/comments?post=161293"}],"version-history":[{"count":0,"href":"https:\/\/www.enerjigazetesi.ist\/en\/wp-json\/wp\/v2\/posts\/161293\/revisions"}],"wp:featuredmedia":[{"embeddable":true,"href":"https:\/\/www.enerjigazetesi.ist\/en\/wp-json\/wp\/v2\/media\/161299"}],"wp:attachment":[{"href":"https:\/\/www.enerjigazetesi.ist\/en\/wp-json\/wp\/v2\/media?parent=161293"}],"wp:term":[{"taxonomy":"category","embeddable":true,"href":"https:\/\/www.enerjigazetesi.ist\/en\/wp-json\/wp\/v2\/categories?post=161293"},{"taxonomy":"post_tag","embeddable":true,"href":"https:\/\/www.enerjigazetesi.ist\/en\/wp-json\/wp\/v2\/tags?post=161293"}],"curies":[{"name":"wp","href":"https:\/\/api.w.org\/{rel}","templated":true}]}}