{"id":161227,"date":"2022-08-30T08:52:37","date_gmt":"2022-08-30T05:52:37","guid":{"rendered":"https:\/\/www.enerjigazetesi.ist\/?p=161227"},"modified":"2022-08-30T09:05:51","modified_gmt":"2022-08-30T06:05:51","slug":"nestle-waters-turkiye-10-yilda-550-milyon-litre-su-tasarrufu-sagladi","status":"publish","type":"post","link":"https:\/\/www.enerjigazetesi.ist\/en\/nestle-waters-turkiye-10-yilda-550-milyon-litre-su-tasarrufu-sagladi\/","title":{"rendered":"(Turkish) &#8217;Nestl\u00e9 Waters T\u00fcrkiye&#8217; 10 Y\u0131lda 550 Milyon Litre Su Tasarrufu Sa\u011flad\u0131"},"content":{"rendered":"<p class=\"qtranxs-available-languages-message qtranxs-available-languages-message-en\">Sorry, this entry is only available in <a href=\"https:\/\/www.enerjigazetesi.ist\/tr\/wp-json\/wp\/v2\/posts\/161227\" class=\"qtranxs-available-language-link qtranxs-available-language-link-tr\" title=\"Turkish\">Turkish<\/a>. For the sake of viewer convenience, the content is shown below in the alternative language. You may click the link to switch the active language.<\/p><p><\/p>\n<h2>Nestl\u00e9 Waters, Bursa\u2019n\u0131n Kestel il\u00e7esinde yer alan Erikli Su Fabrikas\u0131\u2019nda 10 y\u0131lda payda\u015flar\u0131yla ger\u00e7ekle\u015ftirdi\u011fi farkl\u0131 projelerle yakla\u015f\u0131k 550 milyon litre su tasarrufu elde etti.<\/h2>\n<p>Nestl\u00e9 Waters T\u00fcrkiye, \u00fcretim s\u00fcrecinde <strong>suyu daha verimli<\/strong> \u015fekilde kullanmak amac\u0131yla birden fazla proje y\u00fcr\u00fct\u00fcyor. \u00d6zellikle <strong>suyun geri kazan\u0131m\u0131n\u0131<\/strong> \u00f6nceliklendiren <strong>Su G\u00f6revi projesiyle (Water<img loading=\"lazy\" class=\"alignright wp-image-161229\" src=\"https:\/\/www.enerjigazetesi.ist\/wp-content\/uploads\/2022\/08\/nestle-waters-turkiye-10-yilda-550-milyon-litre-su-tasarrufu-sagladi-2.jpg\" alt=\"\" width=\"240\" height=\"320\" srcset=\"https:\/\/www.enerjigazetesi.ist\/wp-content\/uploads\/2022\/08\/nestle-waters-turkiye-10-yilda-550-milyon-litre-su-tasarrufu-sagladi-2.jpg 550w, https:\/\/www.enerjigazetesi.ist\/wp-content\/uploads\/2022\/08\/nestle-waters-turkiye-10-yilda-550-milyon-litre-su-tasarrufu-sagladi-2-225x300.jpg 225w, https:\/\/www.enerjigazetesi.ist\/wp-content\/uploads\/2022\/08\/nestle-waters-turkiye-10-yilda-550-milyon-litre-su-tasarrufu-sagladi-2-300x400.jpg 300w, https:\/\/www.enerjigazetesi.ist\/wp-content\/uploads\/2022\/08\/nestle-waters-turkiye-10-yilda-550-milyon-litre-su-tasarrufu-sagladi-2-37x50.jpg 37w, https:\/\/www.enerjigazetesi.ist\/wp-content\/uploads\/2022\/08\/nestle-waters-turkiye-10-yilda-550-milyon-litre-su-tasarrufu-sagladi-2-500x667.jpg 500w\" sizes=\"(max-width: 240px) 100vw, 240px\" \/> Task)<\/strong> ile<strong> 250 milyon litre<\/strong> su tasarrufu sa\u011flayan \u015eirket, <strong>damacana y\u0131kama sistemlerinde<\/strong> ayn\u0131 hijyenik etkiye sahip tasarruflu <strong>nozul sistemleri<\/strong> kullan\u0131yor. Bu sayede yakla\u015f\u0131k <strong>150 milyon litre<\/strong> su tasarrufu elde edilen fabrikada, ayr\u0131ca <strong>dolumdaki kay\u0131plar\u0131n azalt\u0131lmas\u0131<\/strong> amac\u0131yla <strong>Net \u0130\u00e7erik (Net Content) projesi<\/strong> uygulan\u0131yor. <strong>6 y\u0131ld\u0131r<\/strong> kullan\u0131lan bu y\u00f6ntemle de \u015fu ana kadar <strong>150 milyon litre<\/strong> su geri kazand\u0131r\u0131ld\u0131.<\/p>\n<h3><strong>Suyun Verimli Y\u00f6netiminden de Sorumluyuz\u00a0<\/strong><\/h3>\n<p>Gelecek nesillere b\u0131rak\u0131labilecek en de\u011ferli miras\u0131n su oldu\u011funu ifade eden <em>Nestl\u00e9 Waters T\u00fcrkiye Genel M\u00fcd\u00fcr\u00fc<\/em> <strong>Michel Beneventi<\/strong>, bu sene <strong>23 A\u011fustos &#8211; 01 Eyl\u00fcl 2022<\/strong> tarihleri aras\u0131nda kutlanan <strong>D\u00fcnya Su Haftas\u0131<\/strong>\u2019nda \u015funlar\u0131 s\u00f6yledi: <em>\u201cGelecek nesillere <strong>sa\u011fl\u0131kl\u0131 su kaynaklar\u0131 b\u0131rakmak<\/strong> amac\u0131yla s\u00fcrd\u00fcr\u00fclebilirli\u011fi yapt\u0131\u011f\u0131m\u0131z i\u015fin merkezine koyuyor, T\u00fcrkiye operasyonlar\u0131m\u0131zda da su kaynaklar\u0131n\u0131 daha etkin y\u00f6netmeyi hedefliyoruz. \u00c7al\u0131\u015fmalar\u0131m\u0131zda sadece \u00fcr\u00fcnlerimize de\u011fil, <strong>t\u00fcm tedarik zincirine<\/strong> odaklan\u0131yoruz. Kayna\u011f\u0131ndan ba\u015flayarak t\u00fcketicimize ula\u015fana kadar ge\u00e7en t\u00fcm s\u00fcre\u00e7lerde suyun <strong>en verimli \u015fekilde y\u00f6netilmesi<\/strong> i\u00e7in sorumluluk al\u0131yoruz. Bunun i\u00e7in de payda\u015flar\u0131m\u0131z\u0131 da i\u00e7ine alan, gerekli kurumlarla i\u015f birli\u011fi yapt\u0131\u011f\u0131m\u0131z kapsaml\u0131 stratejiler ve hedeflerle hareket ediyoruz. Erikli markam\u0131zla <strong>\u2018Korumam\u0131z Gerekli \u0130nisiyatifi\u2019<\/strong> \u00e7at\u0131s\u0131 alt\u0131nda ba\u015flatt\u0131\u011f\u0131m\u0131z, lezzetimizin kayna\u011f\u0131 olan <strong>Uluda\u011f<\/strong>\u2019\u0131n <strong>do\u011fal zenginliklerine<\/strong> sahip \u00e7\u0131kmaya y\u00f6nelik projemiz, kurumsal hedeflerimizin en etkin \u00f6rne\u011fi.\u201d<\/em><\/p>\n<p>Son 30 y\u0131ld\u0131r <strong>Stockholm Uluslararas\u0131 Su Enstit\u00fcs\u00fc (SIWI)<\/strong> taraf\u0131ndan organize edilen <strong>D\u00fcnya Su Haftas\u0131<\/strong>, suyun gelece\u011fi ve <strong>su tasarrufu<\/strong> konusunda fark\u0131ndal\u0131k yaratmak amac\u0131yla d\u00fcnya \u00e7ap\u0131nda kutlan\u0131yor. B\u00f6ylece, <strong>insanlar\u0131n su kullan\u0131m al\u0131\u015fkanl\u0131klar\u0131<\/strong> \u00fczerinde kal\u0131c\u0131 etkiler yarat\u0131lmas\u0131, konu ile ilgili fark\u0131ndal\u0131\u011f\u0131n ve su tasarrufuna y\u00f6nelik \u00e7al\u0131\u015fmalar\u0131n art\u0131r\u0131lmas\u0131 ama\u00e7lan\u0131yor.<\/p>","protected":false},"excerpt":{"rendered":"<p>Sorry, this entry is only available in Turkish. For the sake of viewer convenience, the content is shown below in the alternative language. You may click the link to switch the active language. Nestl\u00e9 Waters, Bursa\u2019n\u0131n Kestel il\u00e7esinde yer alan Erikli Su Fabrikas\u0131\u2019nda 10 y\u0131lda payda\u015flar\u0131yla ger\u00e7ekle\u015ftirdi\u011fi farkl\u0131 projelerle yakla\u015f\u0131k 550 milyon litre su tasarrufu [&hellip;]<\/p>\n","protected":false},"author":1,"featured_media":161230,"comment_status":"open","ping_status":"open","sticky":false,"template":"","format":"standard","meta":[],"categories":[53],"tags":[105622,105624,100659,105625,105623,13728,3992,3827,88294],"views":78,"_links":{"self":[{"href":"https:\/\/www.enerjigazetesi.ist\/en\/wp-json\/wp\/v2\/posts\/161227"}],"collection":[{"href":"https:\/\/www.enerjigazetesi.ist\/en\/wp-json\/wp\/v2\/posts"}],"about":[{"href":"https:\/\/www.enerjigazetesi.ist\/en\/wp-json\/wp\/v2\/types\/post"}],"author":[{"embeddable":true,"href":"https:\/\/www.enerjigazetesi.ist\/en\/wp-json\/wp\/v2\/users\/1"}],"replies":[{"embeddable":true,"href":"https:\/\/www.enerjigazetesi.ist\/en\/wp-json\/wp\/v2\/comments?post=161227"}],"version-history":[{"count":0,"href":"https:\/\/www.enerjigazetesi.ist\/en\/wp-json\/wp\/v2\/posts\/161227\/revisions"}],"wp:featuredmedia":[{"embeddable":true,"href":"https:\/\/www.enerjigazetesi.ist\/en\/wp-json\/wp\/v2\/media\/161230"}],"wp:attachment":[{"href":"https:\/\/www.enerjigazetesi.ist\/en\/wp-json\/wp\/v2\/media?parent=161227"}],"wp:term":[{"taxonomy":"category","embeddable":true,"href":"https:\/\/www.enerjigazetesi.ist\/en\/wp-json\/wp\/v2\/categories?post=161227"},{"taxonomy":"post_tag","embeddable":true,"href":"https:\/\/www.enerjigazetesi.ist\/en\/wp-json\/wp\/v2\/tags?post=161227"}],"curies":[{"name":"wp","href":"https:\/\/api.w.org\/{rel}","templated":true}]}}