{"id":161207,"date":"2022-08-29T15:48:04","date_gmt":"2022-08-29T12:48:04","guid":{"rendered":"https:\/\/www.enerjigazetesi.ist\/?p=161207"},"modified":"2022-08-29T15:49:09","modified_gmt":"2022-08-29T12:49:09","slug":"igdasin-enerjimiz-var-fotograf-yarismasinin-kazananlari-belli-oldu","status":"publish","type":"post","link":"https:\/\/www.enerjigazetesi.ist\/en\/igdasin-enerjimiz-var-fotograf-yarismasinin-kazananlari-belli-oldu\/","title":{"rendered":"(Turkish) &#8217;\u0130GDA\u015e&#8217;\u0131n &#8216;Enerjimiz Var&#8217; Foto\u011fraf Yar\u0131\u015fmas\u0131&#8217;n\u0131n Kazananlar\u0131 Belli Oldu"},"content":{"rendered":"<p class=\"qtranxs-available-languages-message qtranxs-available-languages-message-en\">Sorry, this entry is only available in <a href=\"https:\/\/www.enerjigazetesi.ist\/tr\/wp-json\/wp\/v2\/posts\/161207\" class=\"qtranxs-available-language-link qtranxs-available-language-link-tr\" title=\"Turkish\">Turkish<\/a>. For the sake of viewer convenience, the content is shown below in the alternative language. You may click the link to switch the active language.<\/p><p><\/p>\n<h2>\u0130GDA\u015e&#8217;\u0131n, T\u00fcrkiye genelinde ortaokul ve lise d\u00fczeyindeki gen\u00e7ler i\u00e7in d\u00fczenledi\u011fi <strong>\u201cEnerjimiz Var\u201d <\/strong>temal\u0131 foto\u011fraf yar\u0131\u015fmas\u0131nda kazananlar, t\u00f6renle \u00f6d\u00fcllerini ald\u0131.<\/h2>\n<p>Yar\u0131\u015fmaya ba\u015fvuran <strong>710<\/strong> gencin toplam <strong>1400<\/strong> foto\u011fraf\u0131 aras\u0131ndan se\u00e7ilen <strong>39<\/strong> foto\u011fraf, \u00f6d\u00fcl t\u00f6reninin yap\u0131ld\u0131\u011f\u0131 <strong>\u0130GDA\u015e Genel M\u00fcd\u00fcrl\u00fck Binas\u0131&#8217;<\/strong>nda sergilendi.<\/p>\n<p style=\"text-align: center;\"><img loading=\"lazy\" class=\"aligncenter wp-image-161209\" src=\"https:\/\/www.enerjigazetesi.ist\/wp-content\/uploads\/2022\/08\/igdas-in-enerjimiz-var-fotograf-yarismasinin-kazananlari-belli-oldu-1.jpg\" alt=\"\" width=\"500\" height=\"281\" srcset=\"https:\/\/www.enerjigazetesi.ist\/wp-content\/uploads\/2022\/08\/igdas-in-enerjimiz-var-fotograf-yarismasinin-kazananlari-belli-oldu-1.jpg 550w, https:\/\/www.enerjigazetesi.ist\/wp-content\/uploads\/2022\/08\/igdas-in-enerjimiz-var-fotograf-yarismasinin-kazananlari-belli-oldu-1-300x169.jpg 300w, https:\/\/www.enerjigazetesi.ist\/wp-content\/uploads\/2022\/08\/igdas-in-enerjimiz-var-fotograf-yarismasinin-kazananlari-belli-oldu-1-500x281.jpg 500w, https:\/\/www.enerjigazetesi.ist\/wp-content\/uploads\/2022\/08\/igdas-in-enerjimiz-var-fotograf-yarismasinin-kazananlari-belli-oldu-1-80x45.jpg 80w\" sizes=\"(max-width: 500px) 100vw, 500px\" \/><\/p>\n<p>Dereceye giren <strong>gen\u00e7ler<\/strong> ve <strong>ailelerinin<\/strong> kat\u0131ld\u0131\u011f\u0131 \u00f6d\u00fcl t\u00f6reninde, <em>\u0130GDA\u015e Genel M\u00fcd\u00fcr\u00fc<\/em> <strong>Dr. Mithat B\u00fclent \u00d6zmen<\/strong> ile birlikte \u00e7ok say\u0131da <strong>\u0130GDA\u015e y\u00f6neticisi<\/strong> de haz\u0131r bulundu.<\/p>\n<p><strong>Salondaki misafirler<\/strong> aras\u0131nda,<strong> foto\u011fraf\u00e7\u0131l\u0131k<\/strong> alan\u0131nda<strong> \u201c<em>duayen\u201d<\/em> <\/strong>kabul edilen <strong>\u0130zzet Keribar<\/strong> ve <strong>Sad\u0131k \u00dc\u00e7ok,<\/strong> yar\u0131\u015fman\u0131n j\u00fcri \u00fcyeleri olarak yerlerini ald\u0131. <strong>Aral\u0131k ay\u0131nda<\/strong> hayat\u0131n\u0131 kaybeden yar\u0131\u015fman\u0131n di\u011fer j\u00fcri \u00fcyesi <strong>Nevzat \u00c7ak\u0131r<\/strong>\u2019\u0131n e\u015fi <strong>Sema \u00c7ak\u0131r<\/strong> da t\u00f6renin konuklar\u0131 aras\u0131ndayd\u0131.<\/p>\n<p><strong>\u00d6d\u00fcl takdimi \u00f6ncesi<\/strong>, misafirlere hitaben konu\u015fan <strong>Dr. Mithat B\u00fclent \u00d6zmen<\/strong>, <span style=\"text-decoration: underline;\">\u00f6zetle \u015funlar\u0131 s\u00f6yledi:<\/span><\/p>\n<p><em>\u201cBu yar\u0131\u015fma ile gen\u00e7lerimizi <strong>foto\u011fraf<\/strong> ve<strong> enerji<\/strong> \u00fczerine d\u00fc\u015f\u00fcnmeye y\u00f6neltmek, bizler i\u00e7in \u00e7ok k\u0131ymetli ve heyecan verici bir yolculuktu. T\u00fcrkiye\u2019nin d\u00f6rt bir yan\u0131ndan gelen foto\u011fraflarla, onlar\u0131n yeteneklerini sergilemelerine ve <strong>enerjilerini payla\u015fmalar\u0131na k\u00f6pr\u00fc<\/strong> oldu\u011fumuz i\u00e7in mutluyuz. <\/em><\/p>\n<p><em>Bu foto\u011fraflarla T\u00fcrkiye\u2019nin enerjisini, gen\u00e7lerin g\u00f6z\u00fcnden kayda ald\u0131\u011f\u0131m\u0131z\u0131 d\u00fc\u015f\u00fcn\u00fcyoruz.<\/em> <em>\u00d6zellikle gelece\u011fimizi emanet edece\u011fimiz, yar\u0131n\u0131n mimar\u0131 gen\u00e7lerimizle ortak bir noktada bulu\u015fmak bizleri yar\u0131\u015fma ba\u015flarken hedefledi\u011fimiz amaca ula\u015ft\u0131rd\u0131. Dereceye giren <strong>t\u00fcm gen\u00e7lerimizi i\u00e7tenlikle<\/strong> tebrik ediyoruz. Yar\u0131\u015fmam\u0131za kat\u0131lan<strong> t\u00fcm foto\u011fraf a\u015f\u0131\u011f\u0131 gen\u00e7lerimize de<\/strong> buradan te\u015fekk\u00fcrlerimizi iletmek istiyoruz.\u201d<\/em><\/p>\n<p>Yar\u0131\u015fmada dereceye girenlere<strong> \u00f6d\u00fclleri<\/strong> takdim edilirken,<strong> gen\u00e7ler <\/strong>ve<strong> aileleri \u0130GDA\u015e y\u00f6neticileri<\/strong> ve yar\u0131\u015fman\u0131n<strong> j\u00fcri \u00fcyeleri<\/strong> ile birlikte foto\u011fraf \u00e7ektirerek<strong> <em>\u201can\u0131 \u00f6l\u00fcms\u00fczle\u015ftirdi\u201d.\u00a0<\/em><\/strong><\/p>","protected":false},"excerpt":{"rendered":"<p>Sorry, this entry is only available in Turkish. For the sake of viewer convenience, the content is shown below in the alternative language. You may click the link to switch the active language. \u0130GDA\u015e&#8217;\u0131n, T\u00fcrkiye genelinde ortaokul ve lise d\u00fczeyindeki gen\u00e7ler i\u00e7in d\u00fczenledi\u011fi \u201cEnerjimiz Var\u201d temal\u0131 foto\u011fraf yar\u0131\u015fmas\u0131nda kazananlar, t\u00f6renle \u00f6d\u00fcllerini ald\u0131. Yar\u0131\u015fmaya ba\u015fvuran 710 [&hellip;]<\/p>\n","protected":false},"author":1,"featured_media":161210,"comment_status":"open","ping_status":"open","sticky":false,"template":"","format":"standard","meta":[],"categories":[46,53],"tags":[23219,48495,5001,58793,5240],"views":364,"_links":{"self":[{"href":"https:\/\/www.enerjigazetesi.ist\/en\/wp-json\/wp\/v2\/posts\/161207"}],"collection":[{"href":"https:\/\/www.enerjigazetesi.ist\/en\/wp-json\/wp\/v2\/posts"}],"about":[{"href":"https:\/\/www.enerjigazetesi.ist\/en\/wp-json\/wp\/v2\/types\/post"}],"author":[{"embeddable":true,"href":"https:\/\/www.enerjigazetesi.ist\/en\/wp-json\/wp\/v2\/users\/1"}],"replies":[{"embeddable":true,"href":"https:\/\/www.enerjigazetesi.ist\/en\/wp-json\/wp\/v2\/comments?post=161207"}],"version-history":[{"count":0,"href":"https:\/\/www.enerjigazetesi.ist\/en\/wp-json\/wp\/v2\/posts\/161207\/revisions"}],"wp:featuredmedia":[{"embeddable":true,"href":"https:\/\/www.enerjigazetesi.ist\/en\/wp-json\/wp\/v2\/media\/161210"}],"wp:attachment":[{"href":"https:\/\/www.enerjigazetesi.ist\/en\/wp-json\/wp\/v2\/media?parent=161207"}],"wp:term":[{"taxonomy":"category","embeddable":true,"href":"https:\/\/www.enerjigazetesi.ist\/en\/wp-json\/wp\/v2\/categories?post=161207"},{"taxonomy":"post_tag","embeddable":true,"href":"https:\/\/www.enerjigazetesi.ist\/en\/wp-json\/wp\/v2\/tags?post=161207"}],"curies":[{"name":"wp","href":"https:\/\/api.w.org\/{rel}","templated":true}]}}