{"id":161182,"date":"2022-08-29T11:14:04","date_gmt":"2022-08-29T08:14:04","guid":{"rendered":"https:\/\/www.enerjigazetesi.ist\/?p=161182"},"modified":"2022-08-29T11:26:42","modified_gmt":"2022-08-29T08:26:42","slug":"uzumlu-deki-koy-okulu-na-yapilan-isi-yalitimi-ile-kislar-artik-sicak-gececek","status":"publish","type":"post","link":"https:\/\/www.enerjigazetesi.ist\/en\/uzumlu-deki-koy-okulu-na-yapilan-isi-yalitimi-ile-kislar-artik-sicak-gececek\/","title":{"rendered":"(Turkish) \u00dcz\u00fcml\u00fc&#8217;deki K\u00f6y Okulu&#8217;na Yap\u0131lan Is\u0131 Yal\u0131t\u0131m\u0131 ile K\u0131\u015flar Art\u0131k S\u0131cak Ge\u00e7ecek"},"content":{"rendered":"<p class=\"qtranxs-available-languages-message qtranxs-available-languages-message-en\">Sorry, this entry is only available in <a href=\"https:\/\/www.enerjigazetesi.ist\/tr\/wp-json\/wp\/v2\/posts\/161182\" class=\"qtranxs-available-language-link qtranxs-available-language-link-tr\" title=\"Turkish\">Turkish<\/a>. For the sake of viewer convenience, the content is shown below in the alternative language. You may click the link to switch the active language.<\/p><p><\/p>\n<h2><strong><em>World Human Relief (WHR) D\u00fcnya \u0130nsani Dayan\u0131\u015fma Derne\u011fi<\/em>\u2019nin\u00a0<\/strong><strong>Hakkari Valili\u011fi ve \u0130l Milli E\u011fitim M\u00fcd\u00fcrl\u00fc\u011f\u00fc\u2019n\u00fcn deste\u011fi ile T\u00fcrkiye &#8211; Irak s\u0131n\u0131r\u0131ndaki \u00dcz\u00fcml\u00fc k\u00f6y\u00fcnde yap\u0131m\u0131na ba\u015flad\u0131\u011f\u0131 12+1 derslikli okulun, \u0131s\u0131 ve ses yal\u0131t\u0131m\u0131n\u0131 \u0130ZODER \u00fcyesi firmalar \u00fcstlendi. Minik \u00f6\u011frenciler yeni okullar\u0131nda yal\u0131t\u0131m\u0131n sa\u011flad\u0131\u011f\u0131 s\u0131cak ve konforlu ortamda e\u011fitimlerini s\u00fcrd\u00fcrecek.<\/strong><\/h2>\n<p><em>D\u00fcnya \u0130nsani Dayan\u0131\u015fma Derne\u011fi<strong>\u00a0<\/strong>(WHR), Hakk\u00e2ri Valili\u011fi ve \u0130l Milli E\u011fitim M\u00fcd\u00fcrl\u00fc\u011f\u00fc<\/em>\u2019n\u00fcn olur ve deste\u011fi ile ge\u00e7ti\u011fimiz nisan ay\u0131nda, s\u0131n\u0131r k\u00f6y\u00fc \u00dcz\u00fcml\u00fc&#8217;de y\u0131llar i\u00e7inde y\u0131pranan, yetersiz kalan <strong>ilk\u00f6\u011fretim okulunun<\/strong> yerine <strong>12+1 derslikli<\/strong> yeni bir okulun yap\u0131m\u0131na ba\u015flad\u0131. \u0130ki kat olarak planlanan \u00dcz\u00fcml\u00fc k\u00f6y\u00fc okulunun \u0131s\u0131 ve ses yal\u0131t\u0131m\u0131n\u0131 <strong>\u0130ZODER (Is\u0131 Su Ses ve Yang\u0131n Yal\u0131t\u0131mc\u0131lar\u0131 Derne\u011fi)<\/strong> \u00fcyesi <em>Baumit, <img loading=\"lazy\" class=\"alignright wp-image-161186\" src=\"https:\/\/www.enerjigazetesi.ist\/wp-content\/uploads\/2022\/08\/izoder-baskani-emrullah-eruslu.jpg\" alt=\"\" width=\"300\" height=\"267\" srcset=\"https:\/\/www.enerjigazetesi.ist\/wp-content\/uploads\/2022\/08\/izoder-baskani-emrullah-eruslu.jpg 550w, https:\/\/www.enerjigazetesi.ist\/wp-content\/uploads\/2022\/08\/izoder-baskani-emrullah-eruslu-300x267.jpg 300w, https:\/\/www.enerjigazetesi.ist\/wp-content\/uploads\/2022\/08\/izoder-baskani-emrullah-eruslu-449x400.jpg 449w, https:\/\/www.enerjigazetesi.ist\/wp-content\/uploads\/2022\/08\/izoder-baskani-emrullah-eruslu-56x50.jpg 56w, https:\/\/www.enerjigazetesi.ist\/wp-content\/uploads\/2022\/08\/izoder-baskani-emrullah-eruslu-500x445.jpg 500w\" sizes=\"(max-width: 300px) 100vw, 300px\" \/>Betek Boya, DKM \u0130n\u015faat, \u0130zocam, Mapei Yap\u0131, Mega Yal\u0131t\u0131m ve ODE Yal\u0131t\u0131m, yal\u0131t\u0131m malzemesi<\/em> sa\u011flayarak<strong>\u00a0<\/strong>\u00fcstlendi. <strong>2022-2023 e\u011fitim y\u0131l\u0131nda<\/strong> \u00f6\u011frencilerini a\u011f\u0131rlamaya haz\u0131rlanan yeni okulda, <strong>\u0130ZODER<\/strong>&#8216;in y\u00f6nlendirmeleriyle <strong>Hakkari<\/strong>&#8216;nin <strong>\u00e7etin mevsim ko\u015fullar\u0131na<\/strong> uygun daha<strong> kal\u0131n yal\u0131t\u0131m malzemeleri<\/strong> kullan\u0131ld\u0131.<\/p>\n<p>Sosyal sorumluluk projeleriyle yal\u0131t\u0131m\u0131n faydalar\u0131n\u0131 kamuoyu nezdinde g\u00f6r\u00fcn\u00fcr ve anla\u015f\u0131l\u0131r k\u0131lmay\u0131 ama\u00e7lad\u0131klar\u0131n\u0131 vurgulayan <strong>\u0130ZODER Y\u00f6netim Kurulu Ba\u015fkan\u0131 Emrullah Eruslu<\/strong>, <em>&#8220;Hakkari ilimizin \u00c7ukurca il\u00e7esine ba\u011fl\u0131 s\u0131n\u0131r k\u00f6y\u00fcm\u00fczdeki bu okulumuzun yenilenmesine destek vererek \u00fclkemizin en sert iklim ko\u015fullar\u0131na sahip illerimizden birinde, \u00f6\u011frencilerimizi <strong>daha konforlu<\/strong> ve <strong>s\u0131cak<\/strong> bir okula kavu\u015fturmaktan mutluluk duyuyoruz. Projeye ba\u015flarken malzemelerle ilgili teknik detaylar\u0131, yal\u0131t\u0131m hesaplar\u0131n\u0131n yan\u0131 s\u0131ra <strong>yerel imalat olanaklar\u0131<\/strong>n\u0131 da g\u00f6z \u00f6n\u00fcnde bulundurarak olu\u015fturduk. <strong>Hakkari<\/strong>&#8216;nin so\u011fu\u011funda s\u0131cac\u0131k ve konforlu bir okul olsun istedik. <strong>Y\u0131ll\u0131k \u0131s\u0131tma enerjisi<\/strong> ihtiyac\u0131 hesaplamalar\u0131yla birlikte <strong>\u00f6zg\u00fcl \u0131s\u0131 kayb\u0131 \u00e7izelgesi<\/strong> ve <strong>yo\u011fu\u015fma hesaplar\u0131<\/strong> yap\u0131ld\u0131. <strong>TS 825 Binalarda Is\u0131 Yal\u0131t\u0131m\u0131 Kurallar\u0131<\/strong> standard\u0131na g\u00f6re <span style=\"text-decoration: underline;\">yap\u0131lan hesaplamalar;<\/span> cephe ve d\u00f6\u015femede en az<strong> 8 cm<\/strong>, \u00e7at\u0131da ise en az <strong>16 cm<\/strong> yal\u0131t\u0131m yap\u0131lmas\u0131 gerekti\u011fini ortaya koyarken, hep vurgulad\u0131\u011f\u0131m\u0131z gibi <strong>y\u00f6netmeliklerde<\/strong> belirlenen de\u011ferin \u00fczerine \u00e7\u0131k\u0131lmas\u0131, daha<strong> kal\u0131n yal\u0131t\u0131m yap\u0131lmas\u0131<\/strong> y\u00f6n\u00fcndeki g\u00f6r\u00fc\u015f\u00fcm\u00fcz\u00fc belirttik. <strong>Cephede \u0131s\u0131 yal\u0131t\u0131m<\/strong> kaplamas\u0131 i\u00e7in <strong>8 cm<\/strong> yerine <strong>10 cm<\/strong>ta\u015f y\u00fcn\u00fc kullan\u0131ld\u0131. <strong>Yal\u0131t\u0131m\u0131n<\/strong> daha <strong>kal\u0131n uygulanmas\u0131<\/strong> ile okulumuz hem daha <strong>enerji verimli<\/strong> hem de <strong>\u00e7evreye<\/strong> duyarl\u0131, \u0131s\u0131s\u0131n\u0131 uzun s\u00fcre koruyan konforlu bir yap\u0131ya d\u00f6n\u00fc\u015ft\u00fc. <strong>Yap\u0131n\u0131n 2 katl\u0131<\/strong> olmas\u0131 nedeniyle, dersliklerde <strong>1. kat<\/strong> d\u00f6\u015femesinde olu\u015fabilecek darbe sesinin kesmek i\u00e7in \u015fap alt\u0131nda ses bariyeri uyguland\u0131. Yakla\u015f\u0131k <strong>400<\/strong> \u00e7ocu\u011fumuz, bu k\u0131\u015f s\u0131cac\u0131k okullar\u0131nda e\u011fitimlerini s\u00fcrd\u00fcrecek. Bu manevi de\u011feri y\u00fcksek projeyi ger\u00e7ekle\u015ftirmemize verdikleri destekten \u00f6t\u00fcr\u00fc \u00fcyelerimiz <strong>Baumit, Betek Boya, DKM \u0130n\u015faat, \u0130zocam, Mapei Yap\u0131, Mega Yal\u0131t\u0131m <\/strong>ve<strong> ODE Yal\u0131t\u0131m&#8217;a<\/strong> te\u015fekk\u00fcr ederiz.\u201d<\/em><\/p>\n<p><strong>Emrullah Eruslu<\/strong>, yal\u0131t\u0131m\u0131n sa\u011flad\u0131\u011f\u0131 faydalar\u0131 da \u015f\u00f6yle vurgulad\u0131: <em>\u201c<strong>Yal\u0131t\u0131m<\/strong> sayesinde <strong>\u0131s\u0131 kayb\u0131n\u0131 minimuma<\/strong> indirerek yaz\u0131n<strong> serin<\/strong>, k\u0131\u015f\u0131n<strong> s\u0131cak<\/strong> bir ortam sa\u011flanm\u0131\u015f oluyor. Yal\u0131t\u0131m\u0131n bir ba\u015fka faydas\u0131 da hem estetik g\u00f6r\u00fcn\u00fcm kazand\u0131rmas\u0131 hem de cepheyi d\u0131\u015f etkenlerden (k\u00fcf, mantar, betondaki demirlerin paslanmas\u0131 vb.) koruyarak okulumuzun <strong>onar\u0131m masraflar\u0131n\u0131 d\u00fc\u015f\u00fcrecek<\/strong>, daha uzun \u00f6m\u00fcrl\u00fc olmas\u0131n\u0131 sa\u011flayacak olmas\u0131. Ayr\u0131ca, yal\u0131t\u0131mla beraber <strong>daha az yak\u0131t kullan\u0131laca\u011f\u0131ndan<\/strong> \u00fclke ekonomimize, <strong>hava kirlili\u011fine<\/strong> ve <strong>k\u00fcresel \u0131s\u0131nmaya<\/strong> kar\u015f\u0131 katk\u0131 da sa\u011flanm\u0131\u015f olacak.\u201d<\/em><\/p>\n<h3><strong>\u201cK\u00f6ylerdeki ko\u015fullar\u0131n iyile\u015ftirilmesi i\u00e7in \u00e7al\u0131\u015fmalar\u0131m\u0131z s\u00fcrecek\u201d<\/strong><\/h3>\n<p><strong>D\u00fcnya \u0130nsani Dayan\u0131\u015fma Derne\u011fi Ba\u015fkan\u0131 ve Kurucusu Do\u00e7. Dr. Ayten Zara<\/strong>\u00a0ise proje ile ilgili \u015funlar\u0131 s\u00f6yledi: <em>&#8220;G\u00fcvenlik ve ter\u00f6r nedeniyle 1993 y\u0131l\u0131nda bo\u015falt\u0131lan <strong>\u00dcz\u00fcml\u00fc K\u00f6y\u00fc<\/strong>, 2002 y\u0131l\u0131 itibariyle tekrar yerle\u015fime a\u00e7\u0131lan bir k\u00f6y\u00fcm\u00fcz. T\u00fcrkiye &#8211; Irak s\u0131n\u0131r kap\u0131s\u0131na 1 km uzakl\u0131ktaki k\u00f6y\u00fcn yetersiz ve y\u0131llar i\u00e7inde y\u0131pranan <strong>5 derslikli okulunu<\/strong> yeniden in\u015fa etmek i\u00e7in giri\u015fimlerimizi ger\u00e7ekle\u015ftirdik.\u00a0\u0130ZODER Y\u00f6netim Kurulu \u00dcyesi Onduline Genel M\u00fcd\u00fcr\u00fc <strong>Sn. Fulya Ko\u00e7ak<\/strong>\u2019\u0131n tavsiyesi ile\u00a0<strong>\u0130ZODER<\/strong>&#8216;den b\u00f6lge \u015fartlar\u0131 a\u00e7\u0131s\u0131ndan b\u00fcy\u00fck ihtiya\u00e7 olan yal\u0131t\u0131m konusunda \u00f6nemli bir destek ald\u0131k. Uluslararas\u0131 karayolu in\u015faat\u0131n\u0131n tamamlanmas\u0131yla buradaki n\u00fcfusun daha da artmas\u0131 bekleniyor. Dolay\u0131s\u0131yla b\u00f6lgenin \u00f6nemli bir ihtiyac\u0131n\u0131 el birli\u011fi ile gidermi\u015f oluyoruz. Dernek olarak y\u00fcr\u00fctt\u00fc\u011f\u00fcm\u00fcz <strong>K\u00f6y Okulu \u0130n\u015faatlar\u0131 ve Psikososyal \u00c7al\u0131\u015fma Projeleri<\/strong>&#8216;mize devam ediyoruz. Bu kapsamda, k\u00f6ylerdeki e\u011fitim ve ya\u015fam ko\u015fullar\u0131n\u0131n iyile\u015ftirilmesi, <strong>merkezi k\u00f6ylerde okullar<\/strong> yap\u0131larak \u00e7ocuklar\u0131n e\u011fitime ula\u015f\u0131mlar\u0131n\u0131n sa\u011flanmas\u0131, b\u00f6ylece okula g\u00f6nderilmeme riskinin bertaraf edilmesi, ekonomik deste\u011fe ihtiyac\u0131 olan ailelere kaynak yarat\u0131lmas\u0131 ve \u00e7ocuklara burs sa\u011flanmas\u0131 gibi konularda \u00e7al\u0131\u015fmalar\u0131m\u0131z\u0131 s\u00fcrd\u00fcr\u00fcyoruz. Projemize katk\u0131 sa\u011flayan <strong>\u0130ZODER<\/strong>\u2019e te\u015fekk\u00fcr ederiz.&#8221;<\/em><\/p>","protected":false},"excerpt":{"rendered":"<p>Sorry, this entry is only available in Turkish. For the sake of viewer convenience, the content is shown below in the alternative language. You may click the link to switch the active language. World Human Relief (WHR) D\u00fcnya \u0130nsani Dayan\u0131\u015fma Derne\u011fi\u2019nin\u00a0Hakkari Valili\u011fi ve \u0130l Milli E\u011fitim M\u00fcd\u00fcrl\u00fc\u011f\u00fc\u2019n\u00fcn deste\u011fi ile T\u00fcrkiye &#8211; Irak s\u0131n\u0131r\u0131ndaki \u00dcz\u00fcml\u00fc k\u00f6y\u00fcnde [&hellip;]<\/p>\n","protected":false},"author":1,"featured_media":161187,"comment_status":"open","ping_status":"open","sticky":false,"template":"","format":"standard","meta":[],"categories":[51,53,52],"tags":[52577,675,81831,380,49704,18549,105612,43365,11892],"views":549,"_links":{"self":[{"href":"https:\/\/www.enerjigazetesi.ist\/en\/wp-json\/wp\/v2\/posts\/161182"}],"collection":[{"href":"https:\/\/www.enerjigazetesi.ist\/en\/wp-json\/wp\/v2\/posts"}],"about":[{"href":"https:\/\/www.enerjigazetesi.ist\/en\/wp-json\/wp\/v2\/types\/post"}],"author":[{"embeddable":true,"href":"https:\/\/www.enerjigazetesi.ist\/en\/wp-json\/wp\/v2\/users\/1"}],"replies":[{"embeddable":true,"href":"https:\/\/www.enerjigazetesi.ist\/en\/wp-json\/wp\/v2\/comments?post=161182"}],"version-history":[{"count":0,"href":"https:\/\/www.enerjigazetesi.ist\/en\/wp-json\/wp\/v2\/posts\/161182\/revisions"}],"wp:featuredmedia":[{"embeddable":true,"href":"https:\/\/www.enerjigazetesi.ist\/en\/wp-json\/wp\/v2\/media\/161187"}],"wp:attachment":[{"href":"https:\/\/www.enerjigazetesi.ist\/en\/wp-json\/wp\/v2\/media?parent=161182"}],"wp:term":[{"taxonomy":"category","embeddable":true,"href":"https:\/\/www.enerjigazetesi.ist\/en\/wp-json\/wp\/v2\/categories?post=161182"},{"taxonomy":"post_tag","embeddable":true,"href":"https:\/\/www.enerjigazetesi.ist\/en\/wp-json\/wp\/v2\/tags?post=161182"}],"curies":[{"name":"wp","href":"https:\/\/api.w.org\/{rel}","templated":true}]}}