{"id":161148,"date":"2022-08-28T13:34:27","date_gmt":"2022-08-28T10:34:27","guid":{"rendered":"https:\/\/www.enerjigazetesi.ist\/?p=161148"},"modified":"2022-08-28T13:34:27","modified_gmt":"2022-08-28T10:34:27","slug":"bisiklet-sergisi-adalar-muzesi-nde-aciliyor","status":"publish","type":"post","link":"https:\/\/www.enerjigazetesi.ist\/en\/bisiklet-sergisi-adalar-muzesi-nde-aciliyor\/","title":{"rendered":"(Turkish) &#8217;Bisiklet Sergisi&#8217; Adalar M\u00fczesi&#8217;nde A\u00e7\u0131l\u0131yor"},"content":{"rendered":"<p class=\"qtranxs-available-languages-message qtranxs-available-languages-message-en\">Sorry, this entry is only available in <a href=\"https:\/\/www.enerjigazetesi.ist\/tr\/wp-json\/wp\/v2\/posts\/161148\" class=\"qtranxs-available-language-link qtranxs-available-language-link-tr\" title=\"Turkish\">Turkish<\/a>. For the sake of viewer convenience, the content is shown below in the alternative language. You may click the link to switch the active language.<\/p><p><\/p>\n<h3>Adalar M\u00fczesi \u201cBisiklet Sergisi\u201d, \u201cBisiklet \u00fczerinde 137 Y\u0131l\u201d temas\u0131yla, 01 Eyl\u00fcl Per\u015fembe g\u00fcn\u00fc Saat 16.00&#8217;da, Adalar M\u00fczesi&#8217;nin B\u00fcy\u00fckada Aya Nikola ana binas\u0131nda a\u00e7\u0131l\u0131yor.<\/h3>\n<p><strong>\u201cBisiklet Sergisi\u201d<\/strong>, Adalar&#8217;\u0131n y\u0131llar i\u00e7inde <strong>alamet-i farikas\u0131<\/strong>na d\u00f6n\u00fc\u015fm\u00fc\u015f bisikletin tarihine, <strong>\u0130stanbul&#8217;a<\/strong> ve \u00f6zellikle de<strong> Adalar\u0131m\u0131z&#8217;a<\/strong> gelerek yayg\u0131nla\u015fmas\u0131na \u0131\u015f\u0131k tutuyor. \u00dcnl\u00fc yazarlardan sporculara, tarihi ki\u015filiklerden, <strong>yerel halka bisikletle<\/strong> b\u00fcy\u00fcyen, <strong>ada yollar\u0131n\u0131 bisikletle <img loading=\"lazy\" class=\"alignright wp-image-161153\" src=\"https:\/\/www.enerjigazetesi.ist\/wp-content\/uploads\/2022\/08\/bisiklet-sergisi-adalar-muzesi-nde-aciliyor.jpg\" alt=\"\" width=\"340\" height=\"202\" srcset=\"https:\/\/www.enerjigazetesi.ist\/wp-content\/uploads\/2022\/08\/bisiklet-sergisi-adalar-muzesi-nde-aciliyor.jpg 640w, https:\/\/www.enerjigazetesi.ist\/wp-content\/uploads\/2022\/08\/bisiklet-sergisi-adalar-muzesi-nde-aciliyor-300x178.jpg 300w, https:\/\/www.enerjigazetesi.ist\/wp-content\/uploads\/2022\/08\/bisiklet-sergisi-adalar-muzesi-nde-aciliyor-500x297.jpg 500w, https:\/\/www.enerjigazetesi.ist\/wp-content\/uploads\/2022\/08\/bisiklet-sergisi-adalar-muzesi-nde-aciliyor-80x48.jpg 80w\" sizes=\"(max-width: 340px) 100vw, 340px\" \/>ar\u015f\u0131nlayan<\/strong> pek \u00e7ok <strong>Adal\u0131&#8217;n\u0131n<\/strong>, yolu <strong>Adalar&#8217;dan<\/strong> <strong>ge\u00e7mi\u015flerin bisikletleri, aksesuarlar\u0131, s\u00f6zl\u00fc tarih anlat\u0131lar\u0131<\/strong> ve <strong>hat\u0131ralar\u0131 serginin<\/strong> belkemi\u011fini olu\u015fturuyor.<\/p>\n<p>Sergide yer alan yakla\u015f\u0131k <strong>40 bisiklet<\/strong> aras\u0131nda <strong>\u0130n\u00f6n\u00fc ailesi&#8217;nin, Mehmet Ali Aybar<\/strong>&#8216;\u0131n, \u015fair <strong>Zahrad<\/strong>&#8216;\u0131n, \u00fcnl\u00fc bisiklet yar\u0131\u015f\u00e7\u0131s\u0131 <strong>Garbis Bora<\/strong>&#8216;n\u0131n bisikletleri de mevcut.<\/p>\n<p>Adal\u0131lar&#8217;\u0131n an\u0131lar\u0131ndaki<strong> bisiklet hikayelerinin<\/strong> ge\u00e7mi\u015ften bug\u00fcne nas\u0131l geldi\u011fini mercek alt\u0131na alan sergi ayn\u0131 zamanda bisikletin i\u015flevselli\u011fin \u00f6tesinde g\u00fcn\u00fcm\u00fcze damgas\u0131n\u0131 vuran <strong>\u2018s\u00fcrd\u00fcr\u00fclebilirlik&#8217;<\/strong> \u00f6zelli\u011fine de vurgu yap\u0131yor, <strong>karbon ayak izi olmaks\u0131z\u0131n<\/strong> nas\u0131l ara\u00e7tan amaca d\u00f6n\u00fc\u015ft\u00fc\u011f\u00fcn\u00fcn alt\u0131n\u0131 \u00e7iziyor.<\/p>\n<p>T\u00fcrkiye&#8217;nin belki de ilk kapsaml\u0131 <strong>bisiklet sergisini<\/strong> gezecek ziyaret\u00e7iler, <strong>bisikletin tarihini<\/strong> kendi bisiklet an\u0131lar\u0131yla harmanlarken, d\u00fcnyam\u0131z\u0131 sarsan <strong>iklim krizini a\u015fmak<\/strong> i\u00e7in <strong>pedallara nas\u0131l as\u0131labilece\u011fimizi de<\/strong> bir kez daha hat\u0131rlatmay\u0131 ama\u00e7l\u0131yor.<\/p>\n<p><strong>6 ay<\/strong> a\u00e7\u0131k kalacak serginin ana sponsoru <strong>Axa Sigorta. Accel Bisiklet &#8211; Carraro, Shimano<\/strong> gibi bisikletin \u00f6nemli markalar\u0131n\u0131n sponsorluklar\u0131 yan\u0131 s\u0131ra,<strong> M\u00fcze Sergi \u0130\u015fleri, Jotun Boya, Decathlon<\/strong> da<strong> serginin destek\u00e7ileri<\/strong> aras\u0131nda yer al\u0131yor.<\/p>\n<p><strong>Adalar M\u00fczesi, \u201cBisiklet Sergisi\u201d <\/strong>&#8211; <em>Adalar&#8217;da Bisiklet \u00dczerinde <strong>137 y\u0131l<\/strong><\/em><\/p>\n<p><strong>Sergi k\u00fcrat\u00f6r\u00fc:<\/strong> Aydan \u00c7elik<br \/>\n<strong>Edit\u00f6r:<\/strong> Melis \u015eeyhun \u00c7al\u0131\u015flar<br \/>\n<strong>Tasar\u0131m Ekibi:<\/strong> Deniz Ko\u00e7 \u00c7eliker, Buket Kaya Ataseven<br \/>\n<strong>Grafik Tasar\u0131m:<\/strong> At\u00f6lye Nor, Zehra Derya Ko\u00e7<br \/>\n<strong>Sergi Uygulama:<\/strong> Ali Erkurt<br \/>\n<strong>S\u00f6zl\u00fc Tarih ve Videolar:<\/strong> Ayten \u015eele, Mehmet Ali Hanc\u0131<\/p>","protected":false},"excerpt":{"rendered":"<p>Sorry, this entry is only available in Turkish. For the sake of viewer convenience, the content is shown below in the alternative language. You may click the link to switch the active language. Adalar M\u00fczesi \u201cBisiklet Sergisi\u201d, \u201cBisiklet \u00fczerinde 137 Y\u0131l\u201d temas\u0131yla, 01 Eyl\u00fcl Per\u015fembe g\u00fcn\u00fc Saat 16.00&#8217;da, Adalar M\u00fczesi&#8217;nin B\u00fcy\u00fckada Aya Nikola ana binas\u0131nda [&hellip;]<\/p>\n","protected":false},"author":1,"featured_media":161153,"comment_status":"open","ping_status":"open","sticky":false,"template":"","format":"standard","meta":[],"categories":[53],"tags":[105598,105603,105599,105601,105600,53412,105602,1426],"views":89,"_links":{"self":[{"href":"https:\/\/www.enerjigazetesi.ist\/en\/wp-json\/wp\/v2\/posts\/161148"}],"collection":[{"href":"https:\/\/www.enerjigazetesi.ist\/en\/wp-json\/wp\/v2\/posts"}],"about":[{"href":"https:\/\/www.enerjigazetesi.ist\/en\/wp-json\/wp\/v2\/types\/post"}],"author":[{"embeddable":true,"href":"https:\/\/www.enerjigazetesi.ist\/en\/wp-json\/wp\/v2\/users\/1"}],"replies":[{"embeddable":true,"href":"https:\/\/www.enerjigazetesi.ist\/en\/wp-json\/wp\/v2\/comments?post=161148"}],"version-history":[{"count":0,"href":"https:\/\/www.enerjigazetesi.ist\/en\/wp-json\/wp\/v2\/posts\/161148\/revisions"}],"wp:featuredmedia":[{"embeddable":true,"href":"https:\/\/www.enerjigazetesi.ist\/en\/wp-json\/wp\/v2\/media\/161153"}],"wp:attachment":[{"href":"https:\/\/www.enerjigazetesi.ist\/en\/wp-json\/wp\/v2\/media?parent=161148"}],"wp:term":[{"taxonomy":"category","embeddable":true,"href":"https:\/\/www.enerjigazetesi.ist\/en\/wp-json\/wp\/v2\/categories?post=161148"},{"taxonomy":"post_tag","embeddable":true,"href":"https:\/\/www.enerjigazetesi.ist\/en\/wp-json\/wp\/v2\/tags?post=161148"}],"curies":[{"name":"wp","href":"https:\/\/api.w.org\/{rel}","templated":true}]}}