{"id":161101,"date":"2022-08-27T14:00:35","date_gmt":"2022-08-27T11:00:35","guid":{"rendered":"https:\/\/www.enerjigazetesi.ist\/?p=161101"},"modified":"2022-08-27T14:08:10","modified_gmt":"2022-08-27T11:08:10","slug":"kalyon-karapinar-ges-en-iyi-finansman-cozumu-kategorisinde-odul-aldi","status":"publish","type":"post","link":"https:\/\/www.enerjigazetesi.ist\/en\/kalyon-karapinar-ges-en-iyi-finansman-cozumu-kategorisinde-odul-aldi\/","title":{"rendered":"(Turkish) &#8217;Kalyon Karap\u0131nar GES&#8217; En \u0130yi Finansman \u00c7\u00f6z\u00fcm\u00fc Kategorisinde \u00d6d\u00fcl Ald\u0131"},"content":{"rendered":"<p class=\"qtranxs-available-languages-message qtranxs-available-languages-message-en\">Sorry, this entry is only available in <a href=\"https:\/\/www.enerjigazetesi.ist\/tr\/wp-json\/wp\/v2\/posts\/161101\" class=\"qtranxs-available-language-link qtranxs-available-language-link-tr\" title=\"Turkish\">Turkish<\/a>. For the sake of viewer convenience, the content is shown below in the alternative language. You may click the link to switch the active language.<\/p><p><\/p>\n<h2>T\u00fcrkiye\u2019nin yerli teknolojiyle hayata ge\u00e7irilmi\u015f ilk, Avrupa\u2019n\u0131n en b\u00fcy\u00fck enerji santrali olan Kalyon Karap\u0131nar G\u00fcne\u015f Enerjisi Santrali (GES), son d\u00f6nemde alm\u0131\u015f oldu\u011fu global \u00f6d\u00fcllerle b\u00fcy\u00fck ba\u015far\u0131lara imza att\u0131.<\/h2>\n<p>T\u00fcrkiye ve d\u00fcnyada her y\u0131l artan n\u00fcfus ile gelecek ku\u015faklar\u0131n artan temiz enerji ihtiyac\u0131n\u0131 sa\u011flamak<img loading=\"lazy\" class=\"alignright wp-image-161105\" src=\"https:\/\/www.enerjigazetesi.ist\/wp-content\/uploads\/2022\/08\/kalyon-karapinar-ges-en-iyi-finansman-cozumu.jpg\" alt=\"\" width=\"320\" height=\"213\" srcset=\"https:\/\/www.enerjigazetesi.ist\/wp-content\/uploads\/2022\/08\/kalyon-karapinar-ges-en-iyi-finansman-cozumu.jpg 550w, https:\/\/www.enerjigazetesi.ist\/wp-content\/uploads\/2022\/08\/kalyon-karapinar-ges-en-iyi-finansman-cozumu-300x200.jpg 300w, https:\/\/www.enerjigazetesi.ist\/wp-content\/uploads\/2022\/08\/kalyon-karapinar-ges-en-iyi-finansman-cozumu-500x333.jpg 500w, https:\/\/www.enerjigazetesi.ist\/wp-content\/uploads\/2022\/08\/kalyon-karapinar-ges-en-iyi-finansman-cozumu-75x50.jpg 75w, https:\/\/www.enerjigazetesi.ist\/wp-content\/uploads\/2022\/08\/kalyon-karapinar-ges-en-iyi-finansman-cozumu-450x300.jpg 450w\" sizes=\"(max-width: 320px) 100vw, 320px\" \/> vizyonuyla faaliyetlerini s\u00fcrd\u00fcren <strong>Kalyon Holding, Kalyon Karap\u0131nar G\u00fcne\u015f Enerji Santrali<\/strong> i\u00e7in <em>\u0130ngiliz \u0130hracat Kredi Ajans\u0131-UK Export Finance (UKEF), J.P. Morgan Chase Bank, DenizBank, Garanti BBVA, ICBC, T\u00fcrkiye \u0130\u015f Bankas\u0131, T\u00fcrkiye Kalk\u0131nma ve Yat\u0131r\u0131m Bankas\u0131, T\u00fcrkiye S\u0131nai Kalk\u0131nma Bankas\u0131 ve Vak\u0131fBank<\/em> ile <strong>12 y\u0131l vadeli<\/strong> toplam <strong>812 milyon dolarl\u0131k<\/strong> <strong>finansman anla\u015fmas\u0131<\/strong> imzalam\u0131\u015ft\u0131.<\/p>\n<p><strong>Kalyon Karap\u0131nar G\u00fcne\u015f Enerjisi Santrali Projesi<\/strong>\u2019ndeki bu finansman ba\u015far\u0131s\u0131, <strong>\u201cEn \u0130yi Finansman \u00c7\u00f6z\u00fcm\u00fc\u201d<\/strong> kategorisinde \u00f6d\u00fclle sonu\u00e7land\u0131.<\/p>\n<h3><strong>Kalyon Karap\u0131nar GES\u2019ten ola\u011fan\u00fcst\u00fc ba\u015far\u0131<\/strong><\/h3>\n<p>Kredi anla\u015fmalar\u0131 <strong>2021<\/strong> y\u0131l\u0131<strong> Kas\u0131m ay\u0131nda<\/strong> imzalanm\u0131\u015f olmas\u0131na ra\u011fmen sekiz ay gibi \u00e7ok k\u0131sa bir zamanda, Kalyon Karap\u0131nar G\u00fcne\u015f Enerjisi Santrali Projesi Adam Smith\u2019in yan\u0131 s\u0131ra IJGlobal\u2019den <strong>\u201cAvrupa\u2019da Y\u0131l\u0131n \u0130hracat Finansman\u0131 \u0130\u015flemi \u00d6d\u00fcl\u00fc\u201d<\/strong> kategorisinde, GTR\u2019den <em>\u201cY\u0131l\u0131n En \u0130yi Finans \u0130\u015flemi \u00d6d\u00fcl\u00fc\u201d, IFLR\u2019den \u201cY\u0131l\u0131n Proje Finansman \u0130\u015flemi\u201d, PFI\u2019den \u201cAvrupa\u2019da Y\u0131l\u0131n En \u0130yi ESG (\u00c7evresel, Sosyal ve Kurumsal Y\u00f6neti\u015fim) Projesi\u201d, Proximo\u2019dan \u201cAvrupa\u2019da Y\u0131l\u0131n En \u0130yi G\u00fcne\u015f Finansman\u0131 \u0130\u015flemi\u201d ve EMEA\u2019dan \u201cEn \u0130yi Ye\u015fil Sendikasyon Kredisi\u201d ile \u201cOrta ve Do\u011fu Avrupa\u2019da (CEE) Y\u0131l\u0131n En \u0130yi Yap\u0131sal Finansman \u0130\u015flemi\u201d<\/em> \u00f6d\u00fcllerini kazanarak, toplamda<strong> 8 tane \u00f6d\u00fcl\u00fcn<\/strong> sahibi olmas\u0131yla b\u00fcy\u00fck bir ba\u015far\u0131ya imza att\u0131.<\/p>\n<p><strong>Treasury Today<\/strong> taraf\u0131ndan da\u011f\u0131t\u0131lmakta olan <strong>Adam Smith \u00d6d\u00fclleri<\/strong>, uluslararas\u0131 finansman projelerinin \u00f6d\u00fcllendirilmesi anlam\u0131nda d\u00fcnya \u00e7ap\u0131nda bir <strong>g\u00f6sterge<\/strong> ve <strong>kriter<\/strong> olarak kabul edilmektedir. <strong>\u00d6d\u00fcl komitesi<\/strong>, ba\u015far\u0131l\u0131 adaylar\u0131 belirlerken kalite, yap\u0131 ve uluslararas\u0131 finansman alan\u0131na katk\u0131 gibi kriterleri dikkate al\u0131yor. Bu y\u0131l <strong>15\u2019inci kez<\/strong> verilen \u00f6d\u00fcl, <strong>18 farkl\u0131 kategoride<\/strong> d\u00fcnya \u00e7ap\u0131nda ses getiren kurumsal ba\u015far\u0131lar\u0131 ta\u00e7land\u0131rmaya devam etmesinden dolay\u0131 da sekt\u00f6r\u00fcn <strong>Oscar\u2019\u0131<\/strong> olarak konumland\u0131r\u0131l\u0131yor.<\/p>\n<p>D\u00fcnyan\u0131n \u00e7e\u015fitli \u00fclke ve sekt\u00f6rlerindeki dikkate <strong>de\u011fer finansman i\u015flemlerini<\/strong> \u00f6d\u00fcllendiren <em>IJGlobal, EMEA, GTR, IFLR, Proximo ve EMEA<\/em> organizasyonlar\u0131 \u00f6d\u00fcle lay\u0131k g\u00f6r\u00fclen <strong>finans i\u015flemlerini<\/strong> sadece ilgili \u00fclkeye de\u011fil ayn\u0131 zamanda <strong>global<\/strong> olarak da sa\u011flad\u0131\u011f\u0131 <strong>sosyal, ekonomik, \u00e7evresel<\/strong> katk\u0131lar\u0131na g\u00f6re se\u00e7mektedir.<\/p>\n<h3><strong>\u201cBu finansman, Kalyon markas\u0131na duyulan g\u00fcvenin kan\u0131t\u0131\u201d<\/strong><\/h3>\n<p><strong>Kalyon Holding Y\u00f6netim Kurulu \u00dcyesi Murathan Kalyoncu,<\/strong> enerji gibi hayati \u00f6nem ta\u015f\u0131yan bir sekt\u00f6rde uluslararas\u0131 alanda yabanc\u0131 sermaye ve fonlamaya ula\u015f\u0131m a\u00e7\u0131s\u0131ndan Kalyon Karap\u0131nar GES\u2019in \u00e7ok \u00f6nemli bir proje oldu\u011funu dile getirerek; <em>\u201c<strong>Kalyon<\/strong> markas\u0131, ge\u00e7mi\u015ften bug\u00fcne T\u00fcrkiye\u2019nin ilklerine imza atarken, \u00fclkemize her zaman katma de\u011fer sunmaktad\u0131r. T\u00fcrkiye\u2019de edindi\u011fimiz yetkinli\u011fi uluslararas\u0131 arenaya ta\u015f\u0131yarak <strong>yenilenebilir enerji<\/strong> alan\u0131nda <strong>ye\u015fil finansman<\/strong> kapsam\u0131nda i\u015f geli\u015ftirme konusu, 2022\u2019de \u00f6ncelikli konular\u0131m\u0131z\u0131n ba\u015f\u0131nda geliyordu. Bunu ba\u015farabildi\u011fimiz i\u00e7in mutluyuz. <strong>Kalyon Karap\u0131nar GES<\/strong> ve bu projemizde ortaya koydu\u011fumuz finansman \u00e7\u00f6z\u00fcm\u00fc, gelecek projelerimizin hem habercisi hem de Kalyon markas\u0131na duyulan g\u00fcvenin kan\u0131t\u0131\u2026 \u00d6n\u00fcm\u00fczdeki d\u00f6nemde de <strong>katma de\u011ferli projelere imza<\/strong> atmaya devam edece\u011fiz\u201d<\/em> ifadelerini kulland\u0131.<\/p>\n<p>Gelecek ku\u015faklara sa\u011fl\u0131kl\u0131 bir d\u00fcnya b\u0131rakma hayali ile h\u0131z kesmeden yenilenebilir enerji alan\u0131nda faaliyetlerini s\u00fcrd\u00fcrd\u00fcklerine dikkat \u00e7eken <strong>Kalyon Holding CEO\u2019su Mustafa Ko\u00e7ar\u00a0<\/strong>ise <em>\u201c<strong>Karap\u0131nar G\u00fcne\u015f Enerjisi Santrali<\/strong>\u2019nin T\u00fcrkiye\u2019nin gelece\u011fe y\u00f6nelik enerji hedefleri a\u00e7\u0131s\u0131ndan sadece ekonomik de\u011fil sembolik bir de\u011feri de bulunuyor. Kalyon Enerji olarak \u00fclkemizin b\u00fcy\u00fcmesinde pay sahibi olan b\u00fcy\u00fck projeleri ger\u00e7ekle\u015ftirmekten gurur duyuyoruz. <strong>Yenilenebilir enerji kaynaklar\u0131<\/strong>, \u00f6zellikle de g\u00fcne\u015f enerjisi alan\u0131nda yap\u0131lan yat\u0131r\u0131mlar \u00fclkemize k\u00fcresel rekabette g\u00fc\u00e7 kazand\u0131racak\u201d<\/em> dedi. <strong>Kalyon Karap\u0131nar G\u00fcne\u015f Enerjisi Santrali Projesi<\/strong>\u2019nde yapt\u0131klar\u0131<strong> finansal anla\u015fmayla<\/strong> Adam Smith <strong>2022<\/strong> ile toplamda kazand\u0131klar\u0131 <strong>8<\/strong> farkl\u0131 \u00f6d\u00fcl\u00fcn kendileri i\u00e7in \u00e7ok de\u011ferli oldu\u011funu belirten Ko\u00e7ar, yapt\u0131klar\u0131 projelerin uluslararas\u0131 alanda takdir g\u00f6rmesinden duyduklar\u0131 hakl\u0131 gururu da dile getirerek s\u00f6zlerine son verdi.<\/p>","protected":false},"excerpt":{"rendered":"<p>Sorry, this entry is only available in Turkish. For the sake of viewer convenience, the content is shown below in the alternative language. You may click the link to switch the active language. T\u00fcrkiye\u2019nin yerli teknolojiyle hayata ge\u00e7irilmi\u015f ilk, Avrupa\u2019n\u0131n en b\u00fcy\u00fck enerji santrali olan Kalyon Karap\u0131nar G\u00fcne\u015f Enerjisi Santrali (GES), son d\u00f6nemde alm\u0131\u015f oldu\u011fu [&hellip;]<\/p>\n","protected":false},"author":1,"featured_media":161108,"comment_status":"open","ping_status":"open","sticky":false,"template":"","format":"standard","meta":[],"categories":[51,53,49],"tags":[105570,29220,105575,5423,105572,2206,105573,105571,98957,68910,105574,58501,11887],"views":518,"_links":{"self":[{"href":"https:\/\/www.enerjigazetesi.ist\/en\/wp-json\/wp\/v2\/posts\/161101"}],"collection":[{"href":"https:\/\/www.enerjigazetesi.ist\/en\/wp-json\/wp\/v2\/posts"}],"about":[{"href":"https:\/\/www.enerjigazetesi.ist\/en\/wp-json\/wp\/v2\/types\/post"}],"author":[{"embeddable":true,"href":"https:\/\/www.enerjigazetesi.ist\/en\/wp-json\/wp\/v2\/users\/1"}],"replies":[{"embeddable":true,"href":"https:\/\/www.enerjigazetesi.ist\/en\/wp-json\/wp\/v2\/comments?post=161101"}],"version-history":[{"count":0,"href":"https:\/\/www.enerjigazetesi.ist\/en\/wp-json\/wp\/v2\/posts\/161101\/revisions"}],"wp:featuredmedia":[{"embeddable":true,"href":"https:\/\/www.enerjigazetesi.ist\/en\/wp-json\/wp\/v2\/media\/161108"}],"wp:attachment":[{"href":"https:\/\/www.enerjigazetesi.ist\/en\/wp-json\/wp\/v2\/media?parent=161101"}],"wp:term":[{"taxonomy":"category","embeddable":true,"href":"https:\/\/www.enerjigazetesi.ist\/en\/wp-json\/wp\/v2\/categories?post=161101"},{"taxonomy":"post_tag","embeddable":true,"href":"https:\/\/www.enerjigazetesi.ist\/en\/wp-json\/wp\/v2\/tags?post=161101"}],"curies":[{"name":"wp","href":"https:\/\/api.w.org\/{rel}","templated":true}]}}