{"id":161041,"date":"2022-08-26T10:45:35","date_gmt":"2022-08-26T07:45:35","guid":{"rendered":"https:\/\/www.enerjigazetesi.ist\/?p=161041"},"modified":"2022-08-26T10:51:36","modified_gmt":"2022-08-26T07:51:36","slug":"kaplamali-yalitim-cami-ile-yilda-132-milyar-tl-enerji-tasarrufu-saglanabilir","status":"publish","type":"post","link":"https:\/\/www.enerjigazetesi.ist\/en\/kaplamali-yalitim-cami-ile-yilda-132-milyar-tl-enerji-tasarrufu-saglanabilir\/","title":{"rendered":"(Turkish) &#8217;Kaplamal\u0131 Yal\u0131t\u0131m Cam\u0131&#8217; ile Y\u0131lda 13,2 Milyar TL&#8217;lik Enerji Tasarrufu Sa\u011flanabilir"},"content":{"rendered":"<p class=\"qtranxs-available-languages-message qtranxs-available-languages-message-en\">Sorry, this entry is only available in <a href=\"https:\/\/www.enerjigazetesi.ist\/tr\/wp-json\/wp\/v2\/posts\/161041\" class=\"qtranxs-available-language-link qtranxs-available-language-link-tr\" title=\"Turkish\">Turkish<\/a>. For the sake of viewer convenience, the content is shown below in the alternative language. You may click the link to switch the active language.<\/p><p><\/p>\n<h2>D\u00fcnya, y\u00fckselen enerji maliyetleri, iklim krizi gibi sorunlar ile m\u00fccadelesini s\u00fcrd\u00fcr\u00fcrken, \u00fclkemizde enerji t\u00fcketiminin yakla\u015f\u0131k % 30\u2019u binalarda ger\u00e7ekle\u015fiyor. Enerji t\u00fcketiminde b\u00f6ylesine y\u00fcksek bir paya sahip olan binalarda \u0131s\u0131 kayb\u0131n\u0131n hem gezegenimize hem de b\u00fct\u00e7elerimize maliyeti de giderek daha b\u00fcy\u00fck \u00f6nem kazan\u0131yor.<\/h2>\n<div id=\"attachment_161044\" style=\"width: 330px\" class=\"wp-caption alignright\"><img aria-describedby=\"caption-attachment-161044\" loading=\"lazy\" class=\"wp-image-161044\" src=\"https:\/\/www.enerjigazetesi.ist\/wp-content\/uploads\/2022\/08\/kaplamali-yalitim-cami-ile-yilda-132-milyar-tl-enerji-tasarrufu-saglanabilir-2.jpg\" alt=\"\" width=\"320\" height=\"222\" srcset=\"https:\/\/www.enerjigazetesi.ist\/wp-content\/uploads\/2022\/08\/kaplamali-yalitim-cami-ile-yilda-132-milyar-tl-enerji-tasarrufu-saglanabilir-2.jpg 550w, https:\/\/www.enerjigazetesi.ist\/wp-content\/uploads\/2022\/08\/kaplamali-yalitim-cami-ile-yilda-132-milyar-tl-enerji-tasarrufu-saglanabilir-2-300x208.jpg 300w, https:\/\/www.enerjigazetesi.ist\/wp-content\/uploads\/2022\/08\/kaplamali-yalitim-cami-ile-yilda-132-milyar-tl-enerji-tasarrufu-saglanabilir-2-500x346.jpg 500w, https:\/\/www.enerjigazetesi.ist\/wp-content\/uploads\/2022\/08\/kaplamali-yalitim-cami-ile-yilda-132-milyar-tl-enerji-tasarrufu-saglanabilir-2-72x50.jpg 72w\" sizes=\"(max-width: 320px) 100vw, 320px\" \/><p id=\"caption-attachment-161044\" class=\"wp-caption-text\">\u015ei\u015fecam Sat\u0131\u015f Genel M\u00fcd\u00fcr Yard\u0131mc\u0131s\u0131 Ebru \u015eapo\u011flu<\/p><\/div>\n<p>Binalarda yal\u0131t\u0131m eksikli\u011finden kaynakl\u0131 enerji kayb\u0131n\u0131n <strong>% 40<\/strong>\u2019\u0131n\u0131n duvarlardan <strong>% 30<\/strong>\u2019unun da pencerelerden kaynakland\u0131\u011f\u0131n\u0131 dile getiren <em>\u015ei\u015fecam Sat\u0131\u015f Genel M\u00fcd\u00fcr Yard\u0131mc\u0131s\u0131<\/em> <strong>Ebru \u015eapo\u011flu<\/strong>, <em>\u201c\u00dclkemizde mevcut konut stokunun <strong>% 40<\/strong>\u2019\u0131nda tek cam, <strong>% 50<\/strong>\u2019sinde \u00e7ift cam ve <strong>% 10<\/strong>\u2019unda ise kaplamal\u0131 yal\u0131t\u0131m cam\u0131 \u00fcnitesi kullan\u0131l\u0131yor. <strong>Tek<\/strong> ve <strong>\u00e7ift caml\u0131<\/strong> konutlardaki pencerelerin, <strong>kaplamal\u0131 yal\u0131t\u0131m camlar\u0131<\/strong> ile de\u011fi\u015ftirilmesi durumunda \u0131s\u0131tma giderlerinden yap\u0131lacak y\u0131ll\u0131k tasarruf <strong>13,2 milyar liraya<\/strong> ula\u015fabilir. Is\u0131tma i\u00e7in harcad\u0131\u011f\u0131m\u0131z enerjinin daha fazlas\u0131n\u0131<strong> so\u011futma<\/strong> i\u00e7in harcad\u0131\u011f\u0131m\u0131z d\u00fc\u015f\u00fcn\u00fcld\u00fc\u011f\u00fcnde; <strong>tasarruf<\/strong> miktar\u0131n\u0131n daha da artmas\u0131 s\u00f6z konusu oluyor\u201d<\/em> ifadelerini kulland\u0131.<\/p>\n<p>Enerji ve Tabii Kaynaklar Bakanl\u0131\u011f\u0131\u2019n\u0131n duyurdu\u011fu Yal\u0131t\u0131m Kredisi uygulamas\u0131n\u0131n \u00fclke a\u00e7\u0131s\u0131ndan olduk\u00e7a sevindirici ve heyecan verici bir geli\u015fme oldu\u011funun alt\u0131n\u0131 \u00e7izen \u015eapo\u011flu, <span style=\"text-decoration: underline;\">\u015f\u00f6yle konu\u015ftu:<\/span> <em>\u201cBu geli\u015fmenin, <strong>y\u00fcksek \u0131s\u0131tma giderleri<\/strong> ile kar\u015f\u0131la\u015fan ve <strong>konutlar\u0131nda, apartman<\/strong> veya <strong>sitelerinde<\/strong> yal\u0131t\u0131m konusunda iyile\u015ftirme yapmak isteyen nihai t\u00fcketicileri, <strong>apartman<\/strong> veya <strong>site y\u00f6neticilerini<\/strong> te\u015fvik edece\u011fi, <strong>enerji tasarrufu<\/strong> konusundaki e\u011filimi destekleyece\u011fi g\u00f6r\u00fc\u015f\u00fcndeyiz. Elbette <strong>cam de\u011fi\u015fiminde<\/strong> bir maliyet g\u00fcndeme geliyor. Bu maliyetin kar\u015f\u0131lanmas\u0131 konusunda <strong>&#8220;Yal\u0131t\u0131m Kredisi&#8221;<\/strong> \u00f6nemli avantaj sa\u011fl\u0131yor. <strong>Is\u0131tma<\/strong> ve <strong>so\u011futma<\/strong> giderlerinden sa\u011flanacak tasarruf, \u00e7evreden ekonomiye geni\u015f bir perspektifte katk\u0131 sunuyor\u201d<\/em> ifadelerini kulland\u0131.<\/p>\n<h3><strong>5 y\u0131l sonunda 25 bin liral\u0131k tasarruf<\/strong><\/h3>\n<p><strong>Yal\u0131t\u0131m Kredisi<\/strong>\u2019nden faydalanan nihai t\u00fcketicinin do\u011fal g\u00fcn \u0131\u015f\u0131\u011f\u0131ndan \u00f6d\u00fcn vermeden, faturalar\u0131ndan da tasarruf sa\u011flayaca\u011f\u0131na dikkat \u00e7eken <strong>Ebru \u015eapo\u011flu<\/strong> s\u00f6zlerine <strong>maliyet<\/strong> ve<strong> tasarruflar\u0131<\/strong> kar\u015f\u0131la\u015ft\u0131rd\u0131\u011f\u0131 bir \u00f6rnek ile devam etti: <em>\u201c<strong>15 metrekarelik<\/strong> pencere cam alan\u0131 bulunan<strong> 100 metrekarelik<\/strong> bir dairede ya\u015fayan bir nihai t\u00fcketici, tek camlar\u0131n\u0131 <strong>enerji tasarrufu<\/strong> sa\u011flayan do\u011frama ve kaplamal\u0131 <strong>yal\u0131t\u0131m cam\u0131 (Is\u0131cam K)<\/strong> ile de\u011fi\u015ftirmek istedi\u011fi takdirde yakla\u015f\u0131k<strong> 30-35 bin TL<\/strong>\u2019lik b\u00fct\u00e7e ay\u0131rmas\u0131 gerekiyor. &#8220;<strong>Yal\u0131t\u0131m Kredisi<\/strong>&#8220;nden faydalanan bir nihai t\u00fcketici <strong>60 aya<\/strong> kadar vade ve<strong> 0,99<\/strong> oran\u0131nda faizle; ayl\u0131k<strong> 666 TL<\/strong>\u2019lik geri \u00f6demeli <strong>30 bin TL<\/strong> kredi ile bu de\u011fi\u015fimi yapabiliyor. Bu de\u011fi\u015fim sonucunda ilk y\u0131l faturalar\u0131ndan <strong>2 bin 700 TL<\/strong> tasarruf sa\u011flayabilecek olan t\u00fcketicinin, <strong>5 y\u0131l\u0131n<\/strong> sonunda ise her y\u0131l <strong>\u0131s\u0131nma<\/strong> ve<strong> so\u011futma giderleri<\/strong>ndeki art\u0131\u015flar g\u00f6z \u00f6n\u00fcnde bulunduruldu\u011funda yakla\u015f\u0131k <strong>25 bin TL<\/strong> tasarruf elde etmesi bekleniyor. <strong>3&#8217;l\u00fc yal\u0131t\u0131m camlar\u0131<\/strong> ile de kazan\u00e7 daha da y\u00fckseliyor. Cam\u0131n yal\u0131t\u0131m g\u00fcc\u00fc artt\u0131k\u00e7a, <strong>tasarruf rakamlar\u0131<\/strong> da art\u0131\u015f g\u00f6steriyor.\u201d<\/em><\/p>\n<p>Yal\u0131t\u0131m i\u00e7in sa\u011flanan kredilerin <strong>enerji tasarrufu<\/strong> sa\u011flayan malzemelere y\u00f6nelik olarak kullan\u0131lmas\u0131 i\u00e7in gerekli teknik<strong> destek<\/strong> ve <strong>denetim uygulamalar\u0131<\/strong>n\u0131n devreye al\u0131nmas\u0131n\u0131n da \u00f6nemine dikkat \u00e7eken Ebru \u015eapo\u011flu s\u00f6zlerini \u015f\u00f6yle s\u00fcrd\u00fcrd\u00fc: <em>\u201c<strong>Yal\u0131t\u0131m kredisi<\/strong> ile do\u011frama ve camlar\u0131n\u0131 de\u011fi\u015ftirme karar\u0131 alan t\u00fcketicilerin <strong>do\u011fru cam\u0131<\/strong> do\u011fru yerde kullanmas\u0131 da <strong>verimlilik<\/strong> a\u00e7\u0131s\u0131ndan olduk\u00e7a \u00f6nemli. <strong>\u015ei\u015fecam<\/strong>, projelere<strong> cam dan\u0131\u015fmanl\u0131\u011f\u0131<\/strong> vermenin yan\u0131 s\u0131ra nihai t\u00fcketicilerin konutlar\u0131nda konfor seviyelerini art\u0131r\u0131rken <strong>\u0131s\u0131tma<\/strong> ve<strong> so\u011futma giderleri<\/strong>ni azaltabilmeleri i\u00e7in de bir\u00e7ok destek sunuyor. Bunun i\u00e7in <strong>dijital kanallar\u0131m\u0131z<\/strong>, \u00e7a\u011fr\u0131 merkezimiz ve <strong>Is\u0131cam Yetkili \u00dcreticilerimiz<\/strong> arac\u0131l\u0131\u011f\u0131yla destek ve bilgi vermeye devam ediyoruz.\u201d<\/em><\/p>\n<p>Cam\u0131n t\u00fcm temel alanlar\u0131nda faaliyet g\u00f6steren ve d\u00fcnyan\u0131n en b\u00fcy\u00fck <strong>d\u00fczcam \u00fcreticilerinden<\/strong> olan \u015ei\u015fecam\u2019\u0131n, gelecek nesillere daha ya\u015fanabilir bir d\u00fcnya b\u0131rakmak i\u00e7in s\u00fcrd\u00fcr\u00fclebilirlik yakla\u015f\u0131m\u0131n\u0131 merkeze alarak, <strong>Ar-Ge<\/strong> ve <strong>yat\u0131r\u0131m faaliyetlerine<\/strong> h\u0131z kesmeden devam etti\u011fini dile getiren<strong> Ebru \u015eapo\u011flu<\/strong>, <em>\u201c\u015ei\u015fecam de\u011fi\u015fen ve geli\u015fen ihtiya\u00e7lara yenilik\u00e7i \u00e7\u00f6z\u00fcmler sunmay\u0131 s\u00fcrd\u00fcr\u00fcyor. Is\u0131 yal\u0131t\u0131m\u0131na y\u00f6nelik sundu\u011fumuz <strong>\u201cIs\u0131cam Sistemleri\u201d<\/strong> ile binalarda <strong>enerji tasarrufu<\/strong> sa\u011flarken iklim de\u011fi\u015fikli\u011fi ile m\u00fccadelede de \u00f6nemli bir rol \u00fcstleniyoruz. Bunun i\u00e7in farkl\u0131 ihtiya\u00e7lara y\u00f6nelik farkl\u0131 \u00fcr\u00fcnlerimiz ile hizmet veriyoruz. Y\u00fcksek nitelikli \u0131s\u0131 ve g\u00fcne\u015f kontrol kaplamal\u0131 camlar ile \u00fcretilen <strong>\u201cIs\u0131cam K\u201d<\/strong>, b\u00fcnyesindeki<strong> \u00f6zel kaplama<\/strong> ile <strong>\u0131s\u0131 kay\u0131plar\u0131<\/strong>n\u0131<strong> % 50<\/strong>, g\u00fcne\u015f \u0131s\u0131s\u0131 giri\u015fini <strong>% 40<\/strong> oran\u0131nda azaltarak etkin<strong> \u0131s\u0131 yal\u0131t\u0131m\u0131<\/strong> ve <strong>g\u00fcne\u015f kontrol\u00fc<\/strong> sa\u011fl\u0131yor. Maksimum<strong> \u0131s\u0131 yal\u0131t\u0131m\u0131<\/strong> ve <strong>g\u00fcne\u015f kontrol\u00fc<\/strong> sa\u011flayan ve b\u00fcnyesinde iki tane <strong>kaplamal\u0131 cam<\/strong> kullan\u0131larak \u00fcretilen \u00fc\u00e7l\u00fc yal\u0131t\u0131m camlar\u0131<strong> \u201cIs\u0131cam K 3+\u201d<\/strong> ise g\u00fcne\u015f \u0131s\u0131s\u0131 giri\u015fini <strong>% 48<\/strong>, \u0131s\u0131 kay\u0131plar\u0131n\u0131 <strong>% 77<\/strong> oran\u0131nda azalt\u0131yor\u201d<\/em> diye konu\u015ftu.<\/p>\n<h3><strong>\u201cIs\u0131cam, kaplamal\u0131 yal\u0131t\u0131m cam\u0131 ile bug\u00fcne kadar do\u011faya 33 milyon a\u011fa\u00e7 hediye etti\u201d<\/strong><\/h3>\n<p><strong>\u0130klim de\u011fi\u015fikli\u011fi ile m\u00fccadele<\/strong>nin son derece \u00f6nemli oldu\u011fu bu d\u00f6nemde tasarruflu \u00fcr\u00fcnlerin \u00e7evresel katk\u0131s\u0131na y\u00f6nelik a\u00e7\u0131klamalarda bulunan<em> \u015ei\u015fecam Sat\u0131\u015f Genel M\u00fcd\u00fcr Yard\u0131mc\u0131s\u0131<\/em> <strong>Ebru \u015eapo\u011flu<\/strong>, <em>\u201cBir konutta <strong>tek cam<\/strong> yerine <strong>kaplamal\u0131 yal\u0131t\u0131m cam\u0131<\/strong> kullan\u0131lmas\u0131yla her y\u0131l <strong>2 me\u015fe a\u011fac\u0131<\/strong>, <strong>\u00e7ift cam<\/strong> yerine <strong>kaplamal\u0131 yal\u0131t\u0131m cam\u0131<\/strong> kullan\u0131lmas\u0131yla her y\u0131l <strong>1 me\u015fe a\u011fac\u0131<\/strong> do\u011faya hediye ediliyor. Bu sayede, y\u0131ll\u0131k <strong>7 milyon tonluk<\/strong> karbon emisyonunun azalt\u0131lmas\u0131 da sa\u011flanabiliyor. Is\u0131cam markas\u0131yla <strong>49 y\u0131lda<\/strong>; yakla\u015f\u0131k <strong>220 milyon metrekare<\/strong> Is\u0131cam \u00fcretimi ger\u00e7ekle\u015ftirdik. Is\u0131cam\u2019larla <strong>15,5 milyar metrek\u00fcp<\/strong> enerji tasarrufu sa\u011flarken, do\u011faya<strong> 33 milyon a\u011fa\u00e7<\/strong> hediye edilmesinde etkin rol \u00fcstlendik. Ba\u015fka bir deyi\u015fle; <strong>30 bin 800\u2019\u00fc<\/strong> a\u015fk\u0131n futbol sahas\u0131 veya <strong>5 Sapanca G\u00f6l\u00fc<\/strong> b\u00fcy\u00fckl\u00fc\u011f\u00fcnde Is\u0131cam orman\u0131 olu\u015fturduk.\u201d<\/em><\/p>","protected":false},"excerpt":{"rendered":"<p>Sorry, this entry is only available in Turkish. For the sake of viewer convenience, the content is shown below in the alternative language. You may click the link to switch the active language. D\u00fcnya, y\u00fckselen enerji maliyetleri, iklim krizi gibi sorunlar ile m\u00fccadelesini s\u00fcrd\u00fcr\u00fcrken, \u00fclkemizde enerji t\u00fcketiminin yakla\u015f\u0131k % 30\u2019u binalarda ger\u00e7ekle\u015fiyor. Enerji t\u00fcketiminde b\u00f6ylesine [&hellip;]<\/p>\n","protected":false},"author":1,"featured_media":161045,"comment_status":"open","ping_status":"open","sticky":false,"template":"","format":"standard","meta":[],"categories":[53,52],"tags":[103,97,105544,103828],"views":481,"_links":{"self":[{"href":"https:\/\/www.enerjigazetesi.ist\/en\/wp-json\/wp\/v2\/posts\/161041"}],"collection":[{"href":"https:\/\/www.enerjigazetesi.ist\/en\/wp-json\/wp\/v2\/posts"}],"about":[{"href":"https:\/\/www.enerjigazetesi.ist\/en\/wp-json\/wp\/v2\/types\/post"}],"author":[{"embeddable":true,"href":"https:\/\/www.enerjigazetesi.ist\/en\/wp-json\/wp\/v2\/users\/1"}],"replies":[{"embeddable":true,"href":"https:\/\/www.enerjigazetesi.ist\/en\/wp-json\/wp\/v2\/comments?post=161041"}],"version-history":[{"count":1,"href":"https:\/\/www.enerjigazetesi.ist\/en\/wp-json\/wp\/v2\/posts\/161041\/revisions"}],"predecessor-version":[{"id":161042,"href":"https:\/\/www.enerjigazetesi.ist\/en\/wp-json\/wp\/v2\/posts\/161041\/revisions\/161042"}],"wp:featuredmedia":[{"embeddable":true,"href":"https:\/\/www.enerjigazetesi.ist\/en\/wp-json\/wp\/v2\/media\/161045"}],"wp:attachment":[{"href":"https:\/\/www.enerjigazetesi.ist\/en\/wp-json\/wp\/v2\/media?parent=161041"}],"wp:term":[{"taxonomy":"category","embeddable":true,"href":"https:\/\/www.enerjigazetesi.ist\/en\/wp-json\/wp\/v2\/categories?post=161041"},{"taxonomy":"post_tag","embeddable":true,"href":"https:\/\/www.enerjigazetesi.ist\/en\/wp-json\/wp\/v2\/tags?post=161041"}],"curies":[{"name":"wp","href":"https:\/\/api.w.org\/{rel}","templated":true}]}}