{"id":160984,"date":"2022-08-25T10:55:34","date_gmt":"2022-08-25T07:55:34","guid":{"rendered":"https:\/\/www.enerjigazetesi.ist\/?p=160984"},"modified":"2022-08-25T11:16:45","modified_gmt":"2022-08-25T08:16:45","slug":"izocam-hedefe-yonelik-yatirimlarla-uretimde-rekor-kiriyor","status":"publish","type":"post","link":"https:\/\/www.enerjigazetesi.ist\/en\/izocam-hedefe-yonelik-yatirimlarla-uretimde-rekor-kiriyor\/","title":{"rendered":"(Turkish) &#8217;\u0130zocam&#8217; Tarsus Tesisi&#8217;nde %13, Dilova&#8217;da ise %15 Enerji Tasarrufu Sa\u011flad\u0131"},"content":{"rendered":"<p class=\"qtranxs-available-languages-message qtranxs-available-languages-message-en\">Sorry, this entry is only available in <a href=\"https:\/\/www.enerjigazetesi.ist\/tr\/wp-json\/wp\/v2\/posts\/160984\" class=\"qtranxs-available-language-link qtranxs-available-language-link-tr\" title=\"Turkish\">Turkish<\/a>. For the sake of viewer convenience, the content is shown below in the alternative language. You may click the link to switch the active language.<\/p><p><\/p>\n<h2>Proje ve yat\u0131r\u0131mlar\u0131 ile ba\u015far\u0131 \u00e7\u0131tas\u0131n\u0131 her ge\u00e7en y\u0131l daha da y\u00fckselten \u0130zocam, \u00fcretimde rekorlar k\u0131rarken, enerji tasarrufu, i\u015f g\u00fcvenli\u011fi ve \u00e7evre konular\u0131ndaki hedeflerini yakalayarak, ba\u015far\u0131l\u0131 faaliyetlere imza atmay\u0131 s\u00fcrd\u00fcr\u00fcyor.<\/h2>\n<p><strong>2022<\/strong> yat\u0131r\u0131m b\u00fct\u00e7elerinin <strong>% 55<\/strong>\u2019ini <strong>verimlilik, bak\u0131m ve yenileme \u00e7al\u0131\u015fmalar\u0131<\/strong>na aktard\u0131klar\u0131n\u0131 <img loading=\"lazy\" class=\"alignright wp-image-160987\" src=\"https:\/\/www.enerjigazetesi.ist\/wp-content\/uploads\/2022\/08\/izocam-hedefe-yonelik-yatirimlarla-uretimde-rekor-kiriyor-01.jpg\" alt=\"\" width=\"320\" height=\"211\" srcset=\"https:\/\/www.enerjigazetesi.ist\/wp-content\/uploads\/2022\/08\/izocam-hedefe-yonelik-yatirimlarla-uretimde-rekor-kiriyor-01.jpg 550w, https:\/\/www.enerjigazetesi.ist\/wp-content\/uploads\/2022\/08\/izocam-hedefe-yonelik-yatirimlarla-uretimde-rekor-kiriyor-01-300x197.jpg 300w, https:\/\/www.enerjigazetesi.ist\/wp-content\/uploads\/2022\/08\/izocam-hedefe-yonelik-yatirimlarla-uretimde-rekor-kiriyor-01-500x329.jpg 500w, https:\/\/www.enerjigazetesi.ist\/wp-content\/uploads\/2022\/08\/izocam-hedefe-yonelik-yatirimlarla-uretimde-rekor-kiriyor-01-76x50.jpg 76w\" sizes=\"(max-width: 320px) 100vw, 320px\" \/>belirten <em>\u0130zocam Genel Direkt\u00f6r\u00fc<\/em> <strong>Murat Savc\u0131<\/strong>, b\u00fct\u00e7enin geriye kalan <strong>% 25<\/strong>\u2019ini <strong>s\u00fcrd\u00fcr\u00fclebilirlik<\/strong> ve <strong>EHS<\/strong>\u2019ye, <strong>% 20<\/strong>\u2019sini ise <strong>dijitalizasyon<\/strong> ve <strong>m\u00fc\u015fteri memnuniyetine<\/strong> ay\u0131rd\u0131klar\u0131n\u0131 kaydetti. Bu kapsamda bir dizi yat\u0131r\u0131m ger\u00e7ekle\u015ftirdiklerini aktaran Savc\u0131, bu yat\u0131r\u0131mlar\u0131n\u0131n neticesi olarak \u00fcretimlerinde rekor seviyelere ula\u015ft\u0131klar\u0131n\u0131 vurgulad\u0131. <strong>Tarsus tesisleri<\/strong>nde <strong>45 bin tona yak\u0131n<\/strong> camy\u00fcn\u00fc \u00fcreterek tesisin tarihi rekoruna imza att\u0131klar\u0131n\u0131 aktaran Murat Savc\u0131, ayn\u0131 \u015fekilde Dilovas\u0131 tesislerinde <strong>60 bin tona<\/strong> yak\u0131n ta\u015fy\u00fcn\u00fc \u00fcreterek <strong>son 3 y\u0131l\u0131n<\/strong> \u00fcretim rekorunu k\u0131rd\u0131klar\u0131n\u0131 dile getirdi. <em>\u0130zocam Genel Direkt\u00f6r\u00fc<\/em> <strong>Murat Savc\u0131<\/strong>, Dilovas\u0131 tesislerindeki bir di\u011fer ba\u015far\u0131n\u0131n ise<strong> en d\u00fc\u015f\u00fck hurda seviyesi<\/strong> rekoru oldu\u011funu kaydetti.<\/p>\n<h3><strong>\u00dcretimi artarken, enerji t\u00fcketimi y\u0131ldan y\u0131la azal\u0131yor<\/strong><\/h3>\n<p>\u0130zocam\u2019\u0131n hikayesinin ba\u015flad\u0131\u011f\u0131<strong> 57 y\u0131l \u00f6nce<\/strong> varolu\u015f amac\u0131n\u0131n, do\u011fal kaynaklara zarar vermeden,<strong> can ve mal g\u00fcvenli\u011fini<\/strong> dikkate alarak,<strong> enerji tasarrufu<\/strong> ve konfor sa\u011flayan <strong>\u00e7evreci<\/strong> ve<strong> s\u00fcrd\u00fcr\u00fclebilir yal\u0131t\u0131m \u00e7\u00f6z\u00fcmleri<\/strong> geli\u015ftirmek olarak tan\u0131mland\u0131\u011f\u0131n\u0131 dile getiren Murat Savc\u0131, \u00e7\u0131kt\u0131klar\u0131 bu yolda, <em>kaynaklar\u0131n verimli kullan\u0131lmas\u0131, iklim de\u011fi\u015fikli\u011fi, s\u00fcrd\u00fcr\u00fclebilir yap\u0131lar\u0131n in\u015fas\u0131, enerji tasarrufu, \u00e7evreyi koruma ve ya\u015fam kalitesini iyile\u015ftirme<\/em> motivasyonu ile \u00e7al\u0131\u015fan bir \u015firket olma \u00f6zelliklerini halen koruduklar\u0131n\u0131 vurgulad\u0131. Hem <strong>karbon sal\u0131m\u0131 azalt\u0131m\u0131<\/strong> hem de <strong>enerji sarfiyatlar\u0131ndan tasarruf projeleri<\/strong> hedefleri \u00e7er\u00e7evesinde <strong>Ta\u015fy\u00fcn\u00fc<\/strong> ve<strong> Camy\u00fcn\u00fc<\/strong> \u00fcretim tesislerinde <strong>enerji izleme sistemleri<\/strong> kurarak <strong>geri kazan\u0131m, verimlilik projeleri<\/strong> uygulad\u0131klar\u0131n\u0131 ve ayd\u0131nlatma tiplerini de \u00e7evreci uygulamalarla yenilediklerini belirten <strong>Murat Savc\u0131<\/strong>, b\u00f6ylelikle <strong>Tarsus tesisi<\/strong>nde <strong>% 13<\/strong>, Dilovas\u0131 tesisinde ise<strong> % 15<\/strong> enerji tasarrufu sa\u011fland\u0131\u011f\u0131n\u0131 belirtti.<\/p>\n<h3><strong>\u0130zocam, \u00e7evre ve i\u015f g\u00fcvenli\u011finde de hedeflerini yakalad\u0131!<\/strong><\/h3>\n<p>\u0130zocam olarak <strong>\u00e7evre ve i\u015f g\u00fcvenli\u011fi<\/strong> konular\u0131nda da hedeflerini yakalayarak fark yaratan ba\u015far\u0131lara imza att\u0131klar\u0131n\u0131 vurgulayan Murat Savc\u0131, <span style=\"text-decoration: underline;\">\u015fu a\u00e7\u0131klamalarda bulundu:<\/span><\/p>\n<p>\u201c\u00c7evre,<strong> i\u015f sa\u011fl\u0131\u011f\u0131 ve g\u00fcvenli\u011fi<\/strong> ile projelerimizin ba\u015f\u0131nda <strong>Tarsus Tesisi<\/strong>\u2019nde yapt\u0131\u011f\u0131m\u0131z <strong>baca filtresi yat\u0131r\u0131m\u0131<\/strong> geliyor. Tesisimizin <strong>\u00e7evresel ko\u015fullarla<\/strong> en uyumlu \u015fekilde \u00e7al\u0131\u015fmas\u0131n\u0131 sa\u011flamak \u00fczere att\u0131\u011f\u0131m\u0131z bu <strong>\u00e7evre dostu teknolojik yat\u0131r\u0131mla<\/strong>, d\u00fcnya standartlar\u0131nda <strong>hava emisyon de\u011ferleri<\/strong>ne ula\u015fmay\u0131 hedefledik. <strong>2021\u2019in A\u011fustos<\/strong> ay\u0131nda devreye ald\u0131\u011f\u0131m\u0131z bu yat\u0131r\u0131m\u0131m\u0131z ile otoritelerce istenen s\u0131n\u0131r de\u011ferin yakla\u015f\u0131k <strong>3<\/strong>&#8216;te <strong>1<\/strong>&#8216;i seviyelerine ula\u015ft\u0131k. B\u00f6ylece <strong>yeni baca filtresi<\/strong> ile <strong>s\u00fcrd\u00fcrebilir<\/strong> bir d\u00fcnya i\u00e7in yapt\u0131\u011f\u0131m\u0131z katk\u0131y\u0131 bir \u00fcst seviyeye ta\u015f\u0131may\u0131 ama\u00e7l\u0131yoruz.<\/p>\n<p>Ayn\u0131 zamanda b\u00fct\u00fcn tesislerimizde <strong>Temel Seviye S\u0131f\u0131r At\u0131k Belgesi<\/strong> almaya hak kazand\u0131k. Bu belgeyi ilk olarak Tarsus Tesisimiz ald\u0131. Ge\u00e7en y\u0131l\u0131n sonuna kadar da t\u00fcm tesislerimiz bu belgeye sahip oldu. <strong>T.C. \u00c7evre ve \u015eehircilik Bakanl\u0131\u011f\u0131<\/strong> taraf\u0131ndan verilen bu belge; tesisin, temel seviyede israf\u0131n \u00f6nlenmesini, kaynaklar\u0131n daha <strong>verimli kullan\u0131lmas\u0131<\/strong>n\u0131,<strong> at\u0131k olu\u015fum sebeplerinin<\/strong> g\u00f6zden ge\u00e7irilerek at\u0131k olu\u015fumunun <strong>engellenmesi<\/strong> veya <strong>minimize edilmesi<\/strong>ni, at\u0131\u011f\u0131n olu\u015fmas\u0131 durumunda ise kayna\u011f\u0131nda ayr\u0131 <strong>toplanmas\u0131<\/strong> ve <strong>geri kazan\u0131m\u0131n\u0131n sa\u011flanmas\u0131n\u0131<\/strong> kapsayan bir dizi s\u00fcreci tamamlam\u0131\u015f oldu\u011funu ifade ediyor.<\/p>\n<p><strong>\u0130zocam<\/strong> olarak bir di\u011fer \u00f6nemli ba\u015far\u0131m\u0131z da tesislerimizde <strong>\u2018S\u0131f\u0131r \u0130\u015f Kazas\u0131\u2019<\/strong> hedefini ger\u00e7ekle\u015ftirmemiz oldu. Bu sene Nisan ay\u0131 itibariyle<strong> Eski\u015fehir Tesisi<\/strong>miz<strong> 4\u2019\u00fcnc\u00fc<\/strong> i\u015f kazas\u0131z y\u0131l\u0131na, Tarsus Tesisimiz ise <strong>1000\u2019inci<\/strong> i\u015f kazas\u0131z g\u00fcn\u00fcne ula\u015ft\u0131. <strong>Saint-Gobain<\/strong>, her y\u0131l uluslararas\u0131 bir j\u00fcrinin verdi\u011fi kararla ilan etti\u011fi <strong>\u201c\u0130\u015f Sa\u011fl\u0131\u011f\u0131, G\u00fcvenli\u011fi ve \u00c7evre \u00d6d\u00fclleri (EHS Awards)\u201d<\/strong> \u00e7er\u00e7evesinde,<strong> \u0130zocam<\/strong>\u2019\u0131<strong> \u2018\u0130\u015f G\u00fcvenli\u011fi K\u00fclt\u00fcr\u00fc De\u011fi\u015fimi\u2019<\/strong> (Safety Cultural Transformation) kategorisinde<strong> \u201cSafety Diamond\u201d<\/strong> \u00f6d\u00fcl\u00fcne lay\u0131k g\u00f6rd\u00fc. <em>Takdim t\u00f6reni<\/em> <strong>Eyl\u00fcl ay\u0131nda<\/strong> ger\u00e7ekle\u015fecek bu \u00f6zel \u00f6d\u00fcle sahip olmaktan dolay\u0131 \u00e7ok mutluyuz.<\/p>","protected":false},"excerpt":{"rendered":"<p>Sorry, this entry is only available in Turkish. For the sake of viewer convenience, the content is shown below in the alternative language. You may click the link to switch the active language. Proje ve yat\u0131r\u0131mlar\u0131 ile ba\u015far\u0131 \u00e7\u0131tas\u0131n\u0131 her ge\u00e7en y\u0131l daha da y\u00fckselten \u0130zocam, \u00fcretimde rekorlar k\u0131rarken, enerji tasarrufu, i\u015f g\u00fcvenli\u011fi ve \u00e7evre [&hellip;]<\/p>\n","protected":false},"author":1,"featured_media":160988,"comment_status":"open","ping_status":"open","sticky":false,"template":"","format":"standard","meta":[],"categories":[53,52],"tags":[102822,104893,56823,40546,36737,103,80451,105518,49621,1296,43436,103417,77562,43365],"views":598,"_links":{"self":[{"href":"https:\/\/www.enerjigazetesi.ist\/en\/wp-json\/wp\/v2\/posts\/160984"}],"collection":[{"href":"https:\/\/www.enerjigazetesi.ist\/en\/wp-json\/wp\/v2\/posts"}],"about":[{"href":"https:\/\/www.enerjigazetesi.ist\/en\/wp-json\/wp\/v2\/types\/post"}],"author":[{"embeddable":true,"href":"https:\/\/www.enerjigazetesi.ist\/en\/wp-json\/wp\/v2\/users\/1"}],"replies":[{"embeddable":true,"href":"https:\/\/www.enerjigazetesi.ist\/en\/wp-json\/wp\/v2\/comments?post=160984"}],"version-history":[{"count":0,"href":"https:\/\/www.enerjigazetesi.ist\/en\/wp-json\/wp\/v2\/posts\/160984\/revisions"}],"wp:featuredmedia":[{"embeddable":true,"href":"https:\/\/www.enerjigazetesi.ist\/en\/wp-json\/wp\/v2\/media\/160988"}],"wp:attachment":[{"href":"https:\/\/www.enerjigazetesi.ist\/en\/wp-json\/wp\/v2\/media?parent=160984"}],"wp:term":[{"taxonomy":"category","embeddable":true,"href":"https:\/\/www.enerjigazetesi.ist\/en\/wp-json\/wp\/v2\/categories?post=160984"},{"taxonomy":"post_tag","embeddable":true,"href":"https:\/\/www.enerjigazetesi.ist\/en\/wp-json\/wp\/v2\/tags?post=160984"}],"curies":[{"name":"wp","href":"https:\/\/api.w.org\/{rel}","templated":true}]}}