{"id":16090,"date":"2013-10-03T09:41:01","date_gmt":"2013-10-03T06:41:01","guid":{"rendered":"https:\/\/www.enerjigazetesi.ist\/?p=16090"},"modified":"2013-10-03T09:43:21","modified_gmt":"2013-10-03T06:43:21","slug":"yeni-gunes-paneli-fabrikalarina-cin-yasak-getirdi","status":"publish","type":"post","link":"https:\/\/www.enerjigazetesi.ist\/en\/yeni-gunes-paneli-fabrikalarina-cin-yasak-getirdi\/","title":{"rendered":"(Turkish) Yeni G\u00fcne\u015f Paneli Fabrikalar\u0131na \u00c7in Yasak Getirdi!"},"content":{"rendered":"<p class=\"qtranxs-available-languages-message qtranxs-available-languages-message-en\">Sorry, this entry is only available in <a href=\"https:\/\/www.enerjigazetesi.ist\/tr\/wp-json\/wp\/v2\/posts\/16090\" class=\"qtranxs-available-language-link qtranxs-available-language-link-tr\" title=\"Turkish\">Turkish<\/a>. For the sake of viewer convenience, the content is shown below in the alternative language. You may click the link to switch the active language.<\/p><p><strong>D\u00fcnya g\u00fcne\u015f paneli \u00fcretiminin y\u00fczde 70&#8217;inin ger\u00e7ekle\u015ftirildi\u011fi \u00c7in&#8217;de bu\u00a0 alandaki \u00fcretim kapasitesini daha fazla art\u0131racak yeni fabrika yat\u0131r\u0131mlar\u0131 yasaklan\u0131rken, mevcut \u00fcreticilere ise yeni y\u00fck\u00fcml\u00fcl\u00fckler getirildi.<\/strong><\/p>\n<p>\u00c7in Sanayi ve Bilgi Teknolojileri Bakanl\u0131\u011f\u0131 taraf\u0131ndan yap\u0131lan <a href=\"http:\/\/www.miit.gov.cn\/n11293472\/n11293832\/n11293907\/n11368223\/15628993.html\" target=\"_blank\">yaz\u0131l\u0131 a\u00e7\u0131klamada <\/a>\u00fclkede yeni g\u00fcne\u015f paneli fabri<a href=\"https:\/\/www.enerjigazetesi.ist\/wp-content\/uploads\/2013\/09\/gunes-paneli-sektorunde-buyume-ve-karlilik-geri-dondu.jpg\"><img loading=\"lazy\" class=\"alignright size-medium wp-image-15898\" title=\"yenilenebilir-enerji\/cin-yeni-gunes-paneli-fabrikalarina-yasak-getirdi\" src=\"https:\/\/www.enerjigazetesi.ist\/wp-content\/uploads\/2013\/09\/gunes-paneli-sektorunde-buyume-ve-karlilik-geri-dondu-300x199.jpg\" alt=\"\" width=\"300\" height=\"199\" srcset=\"https:\/\/www.enerjigazetesi.ist\/wp-content\/uploads\/2013\/09\/gunes-paneli-sektorunde-buyume-ve-karlilik-geri-dondu-300x199.jpg 300w, https:\/\/www.enerjigazetesi.ist\/wp-content\/uploads\/2013\/09\/gunes-paneli-sektorunde-buyume-ve-karlilik-geri-dondu-75x50.jpg 75w, https:\/\/www.enerjigazetesi.ist\/wp-content\/uploads\/2013\/09\/gunes-paneli-sektorunde-buyume-ve-karlilik-geri-dondu.jpg 376w\" sizes=\"(max-width: 300px) 100vw, 300px\" \/><\/a>kas\u0131\u00a0 kurulmas\u0131 kesin \u015fekilde yasaklan\u0131rken, mevcut \u00fcreticilere ise gelirleri ile\u00a0 orant\u0131l\u0131 olarak Ar-Ge ve ekipman yenileme yat\u0131r\u0131m\u0131 yapma zorunlulu\u011fu\u00a0 getirildi.<\/p>\n<p>Bakanl\u0131\u011f\u0131n a\u00e7\u0131klamas\u0131na g\u00f6re \u00c7inli panel \u00fcreticileri y\u0131ll\u0131k <a href=\"https:\/\/www.google.com\/finance\/converter?a=10000000&amp;from=CNY&amp;to=USD&amp;meta=ei%3DUa1MUujREcW5iwL2twE\" target=\"_blank\">10 milyon y\u00fcen&#8217;den<\/a> az olmamak kayd\u0131 ile y\u0131ll\u0131k toplam\u00a0 gelirlerinin y\u00fczde 3&#8217;\u00fcn\u00fc Ar-Ge harcamas\u0131 ve ekipman yenileme yat\u0131r\u0131m\u0131 i\u00e7in\u00a0 kullanmak zorunda olacak.<\/p>\n<p>\u00c7in h\u00fck\u00fcmetinin ve yerel y\u00f6netimlerin g\u00fcne\u015f paneli \u00fcretimine sa\u011flad\u0131\u011f\u0131\u00a0 destekler 2008-2012 aras\u0131ndaki d\u00f6nemde \u00fclkenin g\u00fcne\u015f paneli \u00fcretim kapasitesinin\u00a0 10 kattan fazla artarak 49 GW&#8217;a y\u00fckselmesini sa\u011flam\u0131\u015ft\u0131. \u00c7in Yenilenebilir Enerji Birli\u011fi verilerine g\u00f6re halihaz\u0131rda \u00fclkedeki her iki \u015fehirden birinde\u00a0 g\u00fcne\u015f enerjisi alan\u0131nda faaliyet g\u00f6steren bir fabrika bulunuyor.<\/p>\n<p>\u00c7in&#8217;de g\u00f6r\u00fclen bu h\u0131zl\u0131 b\u00fcy\u00fcme son y\u0131llarda g\u00fcne\u015f paneli pazar\u0131ndaki sistem\u00a0 fiyatlar\u0131nda ve panel \u00fcreticilerinin k\u00e2r marjlar\u0131nda g\u00f6r\u00fclen gerilemedeki ayr\u0131ca\u00a0 k\u00fcresel g\u00fcne\u015f elektri\u011fi kurulu g\u00fcc\u00fcn\u00fcn 2012&#8217;de 31.1 GW artarak 100 GW&#8217;\u0131\u00a0 a\u015fmas\u0131ndaki en \u00f6nemli etkenlerden olmu\u015ftu.<\/p>\n<p>Kaynak: <a href=\"http:\/\/www.yesilekonomi.com\/yenilenebilir-enerji\/cin-yeni-gunes-paneli-fabrikalarina-yasak-getirdi\" target=\"_blank\">Ye\u015fil Ekonomi<\/a><\/p>","protected":false},"excerpt":{"rendered":"<p>Sorry, this entry is only available in Turkish. For the sake of viewer convenience, the content is shown below in the alternative language. You may click the link to switch the active language.D\u00fcnya g\u00fcne\u015f paneli \u00fcretiminin y\u00fczde 70&#8217;inin ger\u00e7ekle\u015ftirildi\u011fi \u00c7in&#8217;de bu\u00a0 alandaki \u00fcretim kapasitesini daha fazla art\u0131racak yeni fabrika yat\u0131r\u0131mlar\u0131 yasaklan\u0131rken, mevcut \u00fcreticilere ise yeni [&hellip;]<\/p>\n","protected":false},"author":1,"featured_media":15898,"comment_status":"open","ping_status":"open","sticky":false,"template":"","format":"standard","meta":[],"categories":[53,49],"tags":[886,9240,63,67,1009,165,227,1169,13,142,9238,9241,9239],"views":649,"_links":{"self":[{"href":"https:\/\/www.enerjigazetesi.ist\/en\/wp-json\/wp\/v2\/posts\/16090"}],"collection":[{"href":"https:\/\/www.enerjigazetesi.ist\/en\/wp-json\/wp\/v2\/posts"}],"about":[{"href":"https:\/\/www.enerjigazetesi.ist\/en\/wp-json\/wp\/v2\/types\/post"}],"author":[{"embeddable":true,"href":"https:\/\/www.enerjigazetesi.ist\/en\/wp-json\/wp\/v2\/users\/1"}],"replies":[{"embeddable":true,"href":"https:\/\/www.enerjigazetesi.ist\/en\/wp-json\/wp\/v2\/comments?post=16090"}],"version-history":[{"count":3,"href":"https:\/\/www.enerjigazetesi.ist\/en\/wp-json\/wp\/v2\/posts\/16090\/revisions"}],"predecessor-version":[{"id":16092,"href":"https:\/\/www.enerjigazetesi.ist\/en\/wp-json\/wp\/v2\/posts\/16090\/revisions\/16092"}],"wp:featuredmedia":[{"embeddable":true,"href":"https:\/\/www.enerjigazetesi.ist\/en\/wp-json\/wp\/v2\/media\/15898"}],"wp:attachment":[{"href":"https:\/\/www.enerjigazetesi.ist\/en\/wp-json\/wp\/v2\/media?parent=16090"}],"wp:term":[{"taxonomy":"category","embeddable":true,"href":"https:\/\/www.enerjigazetesi.ist\/en\/wp-json\/wp\/v2\/categories?post=16090"},{"taxonomy":"post_tag","embeddable":true,"href":"https:\/\/www.enerjigazetesi.ist\/en\/wp-json\/wp\/v2\/tags?post=16090"}],"curies":[{"name":"wp","href":"https:\/\/api.w.org\/{rel}","templated":true}]}}