{"id":160691,"date":"2022-08-19T12:15:13","date_gmt":"2022-08-19T09:15:13","guid":{"rendered":"https:\/\/www.enerjigazetesi.ist\/?p=160691"},"modified":"2022-08-19T12:15:13","modified_gmt":"2022-08-19T09:15:13","slug":"turkiye-genclik-filarmoni-orkestrasindan-ruzgar-santrali-ozel-konser","status":"publish","type":"post","link":"https:\/\/www.enerjigazetesi.ist\/en\/turkiye-genclik-filarmoni-orkestrasindan-ruzgar-santrali-ozel-konser\/","title":{"rendered":"(Turkish) &#8217;T\u00fcrkiye Gen\u00e7lik Filarmoni Orkestras\u0131&#8217;ndan &#8216;R\u00fczgar Santrali&#8217; \u00d6zel Konser"},"content":{"rendered":"<p class=\"qtranxs-available-languages-message qtranxs-available-languages-message-en\">Sorry, this entry is only available in <a href=\"https:\/\/www.enerjigazetesi.ist\/tr\/wp-json\/wp\/v2\/posts\/160691\" class=\"qtranxs-available-language-link qtranxs-available-language-link-tr\" title=\"Turkish\">Turkish<\/a>. For the sake of viewer convenience, the content is shown below in the alternative language. You may click the link to switch the active language.<\/p><p><\/p>\n<h2>Enerjisa \u00dcretim, bu kapsamda ger\u00e7ekle\u015ftirdi\u011fi \u00e7al\u0131\u015fmalar\u0131, T\u00fcrkiye\u2019nin \u00f6nde gelen \u015feflerinden Cem Mansur\u2019un y\u00f6netti\u011fi 65 m\u00fczisyenden olu\u015fan T\u00fcrkiye Gen\u00e7lik Filarmoni Orkestras\u0131 konseriyle s\u00fcrd\u00fcrd\u00fc.<\/h2>\n<p><strong>Sabanc\u0131 Vakf\u0131<\/strong> deste\u011fiyle kurulan ve her y\u0131l T\u00fcrkiye\u2019nin <strong>d\u00f6rt bir yan\u0131ndan<\/strong> konservatuvar \u00f6\u011frencilerine e\u011fitim veren <strong>T\u00fcrkiye Gen\u00e7lik Filarmoni Orkestras\u0131<\/strong>\u2019n\u0131n 2022 y\u0131l\u0131 sponsorlar\u0131 aras\u0131nda yer alan Enerjisa \u00dcretim, <strong>TUGFO<\/strong>\u2019ya verdi\u011fi deste\u011fi <strong>r\u00fczgar t\u00fcrbinleri<\/strong> ve <strong>g\u00fcne\u015f panelleri<\/strong> aras\u0131nda ger\u00e7ekle\u015ftirilen ikonik bir performansla duyurdu. Dinleyicilere keyifli anlar ya\u015fatt\u0131\u011f\u0131 <img loading=\"lazy\" class=\"alignright wp-image-160695\" src=\"https:\/\/www.enerjigazetesi.ist\/wp-content\/uploads\/2022\/08\/turkiye-genclik-filarmoni-orkestrasindan-ruzgar-santrali-ozel-konser.jpg\" alt=\"\" width=\"320\" height=\"214\" srcset=\"https:\/\/www.enerjigazetesi.ist\/wp-content\/uploads\/2022\/08\/turkiye-genclik-filarmoni-orkestrasindan-ruzgar-santrali-ozel-konser.jpg 550w, https:\/\/www.enerjigazetesi.ist\/wp-content\/uploads\/2022\/08\/turkiye-genclik-filarmoni-orkestrasindan-ruzgar-santrali-ozel-konser-300x200.jpg 300w, https:\/\/www.enerjigazetesi.ist\/wp-content\/uploads\/2022\/08\/turkiye-genclik-filarmoni-orkestrasindan-ruzgar-santrali-ozel-konser-500x334.jpg 500w, https:\/\/www.enerjigazetesi.ist\/wp-content\/uploads\/2022\/08\/turkiye-genclik-filarmoni-orkestrasindan-ruzgar-santrali-ozel-konser-75x50.jpg 75w, https:\/\/www.enerjigazetesi.ist\/wp-content\/uploads\/2022\/08\/turkiye-genclik-filarmoni-orkestrasindan-ruzgar-santrali-ozel-konser-450x300.jpg 450w\" sizes=\"(max-width: 320px) 100vw, 320px\" \/>performans ayn\u0131 zamanda bir<strong> r\u00fczgar santralinde<\/strong> verilen ilk <strong>klasik m\u00fczik konseri<\/strong> olarak kay\u0131tlara ge\u00e7ti. <strong>Enerjisa \u00dcretim<\/strong>, bu alanda gen\u00e7lerin e\u011fitimi ve geli\u015fimine katk\u0131 sunma vizyonunun alt\u0131n\u0131 \u00e7izmek amac\u0131yla konser g\u00f6r\u00fcnt\u00fclerinin de yer ald\u0131\u011f\u0131 bir de <strong>tan\u0131t\u0131m filmi<\/strong> haz\u0131rlad\u0131.<\/p>\n<p>Etkinlik sonras\u0131nda a\u00e7\u0131klama yapan <em>Enerjisa \u00dcretim \u0130nsan ve K\u00fclt\u00fcr Genel M\u00fcd\u00fcr Yard\u0131mc\u0131s\u0131<\/em> <strong>Ay\u015feg\u00fcl G\u00fcrkale<\/strong>, <em>\u201cFarkl\u0131 alanlarda toplumun ihtiya\u00e7lar\u0131na y\u00f6nelik katk\u0131m\u0131z\u0131 s\u00fcrekli art\u0131rmaya odaklanan bir k\u00fclt\u00fcre sahibiz. Bu kapsamda<strong> sosyal sorumluluk politikam\u0131z<\/strong> do\u011frultusunda \u00f6zellikle \u00e7ocuklar\u0131n ve gen\u00e7lerin geli\u015fimine y\u00f6nelik \u00e7al\u0131\u015fmalar y\u00fcr\u00fct\u00fcyoruz. <strong>\u00c7ocuklar\u0131m\u0131z\u0131n<\/strong> ve<strong> gen\u00e7lerimizin<\/strong> ilgi duyduklar\u0131 alanda <strong>iyi yeti\u015fmesi, ba\u015far\u0131l\u0131 olmas\u0131<\/strong> i\u00e7in i\u015f d\u00fcnyas\u0131n\u0131n sundu\u011fu deste\u011fin \u00e7ok \u00f6nemli bir katk\u0131s\u0131 oldu\u011funa inan\u0131yoruz. Bu ama\u00e7la yapt\u0131\u011f\u0131m\u0131z \u00e7al\u0131\u015fmalara \u00e7ok \u00f6nemsedi\u011fimiz <strong>TUGFO 2022<\/strong> sponsorlu\u011fuyla devam ediyoruz. Sponsorluk kapsam\u0131nda ilk etkinli\u011fimizi de <strong>Bal\u0131kesir R\u00fczgar Enerji Santrali<\/strong>mizde ger\u00e7ekle\u015ftirdik. Say\u0131n <strong>Cem Mansur<\/strong>\u2019un y\u00f6netiminde, birbirinden de\u011ferli \u00e7ok say\u0131da konservatuvar \u00f6\u011frencisini a\u011f\u0131rlaman\u0131n mutlulu\u011funu ya\u015fad\u0131k.<\/em><\/p>\n<p><em><strong>Sabanc\u0131 Vakf\u0131<\/strong> destekleriyle kurulan, yurt i\u00e7inde ve yurt d\u0131\u015f\u0131nda \u00e7ok de\u011ferli \u00e7al\u0131\u015fmalar\u0131 olan <strong>T\u00fcrkiye Gen\u00e7lik Filarmoni Orkestras\u0131<\/strong> y\u00f6neticilerine ve de\u011ferli sanat\u00e7\u0131lar\u0131na <strong>santralimizde<\/strong> sergiledikleri bu performans ve s\u00fcrece sunduklar\u0131 katk\u0131 nedeniyle t\u00fcm <strong>Enerjisa \u00dcretim \u00e7al\u0131\u015fanlar\u0131<\/strong> ad\u0131na te\u015fekk\u00fcrlerimi sunuyorum. <strong>TUGFO<\/strong>\u2019nun 2022 sponsorlu\u011fu vesilesiyle, T\u00fcrkiye\u2019de m\u00fczi\u011fe g\u00f6n\u00fcl vermi\u015f, kendisini bu alanda geli\u015ftiren ve bunun i\u00e7in \u00e7abalayan<strong> gen\u00e7leri b\u00fcy\u00fck bir gururla<\/strong> takip ediyor ve takdir etti\u011fimi belirtmek istiyorum. Bug\u00fcn burada <strong>e\u011fitim<\/strong> alan <strong>gen\u00e7 m\u00fczisyenlerin<\/strong> her birinin ilerde kendi alanlar\u0131nda \u00e7ok ba\u015far\u0131l\u0131 i\u015flere imza atarak \u00fclkemizin <strong>k\u00fclt\u00fcr sanat el\u00e7ileri<\/strong> olacaklar\u0131na inanc\u0131m tam. Her birine <strong>sanat yolculuklar\u0131nda<\/strong> ba\u015far\u0131lar diliyorum, onlar\u0131n ba\u015far\u0131lar\u0131yla hep gurur duyaca\u011f\u0131z.<\/em><\/p>\n<p style=\"text-align: center;\"><iframe loading=\"lazy\" title=\"YouTube video player\" src=\"https:\/\/www.youtube.com\/embed\/gcd98Yb5jVw\" width=\"560\" height=\"315\" frameborder=\"0\" allowfullscreen=\"allowfullscreen\"><\/iframe><\/p>\n<p><\/p>","protected":false},"excerpt":{"rendered":"<p>Sorry, this entry is only available in Turkish. For the sake of viewer convenience, the content is shown below in the alternative language. You may click the link to switch the active language. Enerjisa \u00dcretim, bu kapsamda ger\u00e7ekle\u015ftirdi\u011fi \u00e7al\u0131\u015fmalar\u0131, T\u00fcrkiye\u2019nin \u00f6nde gelen \u015feflerinden Cem Mansur\u2019un y\u00f6netti\u011fi 65 m\u00fczisyenden olu\u015fan T\u00fcrkiye Gen\u00e7lik Filarmoni Orkestras\u0131 konseriyle s\u00fcrd\u00fcrd\u00fc. [&hellip;]<\/p>\n","protected":false},"author":1,"featured_media":160695,"comment_status":"open","ping_status":"open","sticky":false,"template":"","format":"standard","meta":[],"categories":[51,53,50],"tags":[105388,66476,35365,108,105387,52151,5320,312,17,52534,63213,94505],"views":450,"_links":{"self":[{"href":"https:\/\/www.enerjigazetesi.ist\/en\/wp-json\/wp\/v2\/posts\/160691"}],"collection":[{"href":"https:\/\/www.enerjigazetesi.ist\/en\/wp-json\/wp\/v2\/posts"}],"about":[{"href":"https:\/\/www.enerjigazetesi.ist\/en\/wp-json\/wp\/v2\/types\/post"}],"author":[{"embeddable":true,"href":"https:\/\/www.enerjigazetesi.ist\/en\/wp-json\/wp\/v2\/users\/1"}],"replies":[{"embeddable":true,"href":"https:\/\/www.enerjigazetesi.ist\/en\/wp-json\/wp\/v2\/comments?post=160691"}],"version-history":[{"count":0,"href":"https:\/\/www.enerjigazetesi.ist\/en\/wp-json\/wp\/v2\/posts\/160691\/revisions"}],"wp:featuredmedia":[{"embeddable":true,"href":"https:\/\/www.enerjigazetesi.ist\/en\/wp-json\/wp\/v2\/media\/160695"}],"wp:attachment":[{"href":"https:\/\/www.enerjigazetesi.ist\/en\/wp-json\/wp\/v2\/media?parent=160691"}],"wp:term":[{"taxonomy":"category","embeddable":true,"href":"https:\/\/www.enerjigazetesi.ist\/en\/wp-json\/wp\/v2\/categories?post=160691"},{"taxonomy":"post_tag","embeddable":true,"href":"https:\/\/www.enerjigazetesi.ist\/en\/wp-json\/wp\/v2\/tags?post=160691"}],"curies":[{"name":"wp","href":"https:\/\/api.w.org\/{rel}","templated":true}]}}