{"id":160618,"date":"2022-08-18T11:35:04","date_gmt":"2022-08-18T08:35:04","guid":{"rendered":"https:\/\/www.enerjigazetesi.ist\/?p=160618"},"modified":"2022-08-18T11:58:19","modified_gmt":"2022-08-18T08:58:19","slug":"axa-2022-yili-iklim-ve-biyocesitlilik-raporunu-yayinladi","status":"publish","type":"post","link":"https:\/\/www.enerjigazetesi.ist\/en\/axa-2022-yili-iklim-ve-biyocesitlilik-raporunu-yayinladi\/","title":{"rendered":"(Turkish) &#8217;AXA&#8217; 2022 Y\u0131l\u0131 &#8216;\u0130klim ve Biyo\u00e7e\u015fitlilik Raporu&#8217;nu Yay\u0131nlad\u0131"},"content":{"rendered":"<p class=\"qtranxs-available-languages-message qtranxs-available-languages-message-en\">Sorry, this entry is only available in <a href=\"https:\/\/www.enerjigazetesi.ist\/tr\/wp-json\/wp\/v2\/posts\/160618\" class=\"qtranxs-available-language-link qtranxs-available-language-link-tr\" title=\"Turkish\">Turkish<\/a>. For the sake of viewer convenience, the content is shown below in the alternative language. You may click the link to switch the active language.<\/p><p><\/p>\n<h2>AXA, insanl\u0131\u011f\u0131 uzun vadede etkileyen \u00f6nemli risk fakt\u00f6rlerini her y\u0131l sekt\u00f6r\u00fcn ve kamuoyunun bilgisine sunuyor. D\u00fcnya \u00e7ap\u0131nda \u00e7ok say\u0131da risk uzman\u0131 ve sigorta sekt\u00f6r\u00fc \u00e7al\u0131\u015fan\u0131n\u0131n g\u00f6r\u00fc\u015fleriyle olu\u015fturulan gelecek Riskleri Raporu&#8217;nun bu y\u0131lki yay\u0131n\u0131nda da ge\u00e7ti\u011fimiz y\u0131l oldu\u011fu gibi iklim de\u011fi\u015fikli\u011finin yaratt\u0131\u011f\u0131 y\u0131k\u0131c\u0131 riskler \u00f6n plana \u00e7\u0131karken 2022 y\u0131l\u0131 raporunda ge\u00e7en y\u0131ldan farkl\u0131 olarak, iklim de\u011fi\u015fikli\u011fiyle beraber biyo\u00e7e\u015fitlilik kayb\u0131na da en \u00f6nemli risk fakt\u00f6r\u00fc olarak yer veriliyor.<\/h2>\n<p>AXA\u2019n\u0131n 2022 y\u0131l\u0131 <strong>Gelecek Riskleri Raporu<\/strong>\u2019nda t\u00fcm d\u00fcnyay\u0131 etkileyen<strong> iklim de\u011fi\u015fikli\u011fi<\/strong> ve <strong>biyo\u00e7e\u015fitlilik kayb\u0131n\u0131n<\/strong> ve beraberinde getirdi\u011fi risklerin en aza indirilmesi i\u00e7in ilgili t\u00fcm akt\u00f6rlerin <img loading=\"lazy\" class=\"alignright wp-image-160623\" src=\"https:\/\/www.enerjigazetesi.ist\/wp-content\/uploads\/2022\/08\/axa-2022-yili-iklim-ve-biyocesitlilik-raporunu-yayinladi.jpg\" alt=\"\" width=\"320\" height=\"213\" srcset=\"https:\/\/www.enerjigazetesi.ist\/wp-content\/uploads\/2022\/08\/axa-2022-yili-iklim-ve-biyocesitlilik-raporunu-yayinladi.jpg 600w, https:\/\/www.enerjigazetesi.ist\/wp-content\/uploads\/2022\/08\/axa-2022-yili-iklim-ve-biyocesitlilik-raporunu-yayinladi-300x200.jpg 300w, https:\/\/www.enerjigazetesi.ist\/wp-content\/uploads\/2022\/08\/axa-2022-yili-iklim-ve-biyocesitlilik-raporunu-yayinladi-500x333.jpg 500w, https:\/\/www.enerjigazetesi.ist\/wp-content\/uploads\/2022\/08\/axa-2022-yili-iklim-ve-biyocesitlilik-raporunu-yayinladi-75x50.jpg 75w, https:\/\/www.enerjigazetesi.ist\/wp-content\/uploads\/2022\/08\/axa-2022-yili-iklim-ve-biyocesitlilik-raporunu-yayinladi-450x300.jpg 450w\" sizes=\"(max-width: 320px) 100vw, 320px\" \/>aksiyon almas\u0131 gerekti\u011fine dikkat \u00e7ekiliyor. <strong>Sigortac\u0131<\/strong> ve <strong>Yat\u0131r\u0131mc\u0131<\/strong> olarak <strong>s\u00fcrd\u00fcr\u00fclebilirlik stratejisi<\/strong>ni benimseyen ve <em>\u201cinsanl\u0131\u011f\u0131n geli\u015fimi ad\u0131na, insanl\u0131k i\u00e7in \u00f6nemli olan\u0131 koruma\u201d <\/em>amac\u0131yla hareket eden AXA, gelecek raporunda <strong>iklim de\u011fi\u015fikli\u011fi<\/strong>ni yava\u015flatmak ve<strong> biyo\u00e7e\u015fitlilik kayb\u0131n\u0131n<\/strong> \u00f6n\u00fcne ge\u00e7mek i\u00e7in<strong> enerji d\u00f6n\u00fc\u015f\u00fcm\u00fcn\u00fcn h\u0131zlanmas\u0131<\/strong> gerekti\u011fini ve <strong>s\u00fcrd\u00fcr\u00fclebilir enerji<\/strong> kaynaklar\u0131n\u0131n, \u00f6zellikle <strong>karbon sal\u0131m\u0131<\/strong> y\u00fcksek enerji kaynaklar\u0131n\u0131n yerini almas\u0131 gerekti\u011fini vurguluyor. Konuyla ilgili kendi eylem plan\u0131n\u0131 da kamuoyuyla payla\u015fan <strong>AXA<\/strong>, sigortalama i\u015flemlerinde ve yat\u0131r\u0131m kararlar\u0131nda<strong> karbon-yo\u011fun i\u015fletmelere<\/strong> yer vermeyece\u011fini, k\u00fcresel \u00e7apta ekonominin <strong>karbonsuzla\u015ft\u0131r\u0131lmas\u0131 hedefini<\/strong> ifade eden <strong>Net S\u0131f\u0131r D\u00f6n\u00fc\u015f\u00fcm<\/strong> i\u00e7in \u00fczerine d\u00fc\u015feni yapaca\u011f\u0131n\u0131 ifade ediyor.<\/p>\n<p>AXA\u2019n\u0131n \u201c<strong>2022 \u0130klim ve Biyo\u00e7e\u015fitlilik Raporu:<\/strong> Enerji D\u00f6n\u00fc\u015f\u00fcm S\u00fcrecini H\u0131zland\u0131rma\u201d ba\u015fl\u0131kl\u0131 raporunda \u00f6ne \u00e7\u0131kan <span style=\"text-decoration: underline;\">bilgiler \u015fu \u015fekilde:<\/span><\/p>\n<p><strong>&#8211; K\u00fcresel \u0131s\u0131nman\u0131n 1.5 dereceyle s\u0131n\u0131rland\u0131r\u0131lmas\u0131 hedefi: <\/strong>AXA raporunda, <strong>iklim de\u011fi\u015fikli\u011fi<\/strong> konusunda gerekli \u00f6nlemlerin al\u0131nmamas\u0131 halinde<em> k\u00fcresel \u0131s\u0131nman\u0131n<\/em> <strong>3,2 derece<\/strong>yi bulaca\u011f\u0131 ve daha uzun vadede bu seviyenin <strong>4,8 dereceye<\/strong> ula\u015faca\u011f\u0131 belirtiliyor. <strong>2100 y\u0131l\u0131na<\/strong> kadar \u0131s\u0131nman\u0131n <strong>1,5 derece<\/strong>yi a\u015fmamas\u0131 ve <strong>2050 y\u0131l\u0131<\/strong> itibariyle \u015firketin yapt\u0131\u011f\u0131 yat\u0131r\u0131mlar\u0131n<strong> &#8220;\u0131s\u0131nma potansiyeli\u201d<\/strong>nin de <strong>1,5 derece<\/strong> seviyesinde s\u0131n\u0131rl\u0131 kalmas\u0131<strong> AXA<\/strong>\u2019n\u0131n hedefleri aras\u0131nda yer al\u0131yor.<\/p>\n<p><strong>&#8211; \u0130klim finansman\u0131n\u0131n 2030\u2019a kadar 3-6 kat art\u0131r\u0131lmas\u0131: <\/strong>2023 y\u0131l\u0131na kadar ye\u015fil yat\u0131r\u0131mlar\u0131n\u0131n toplamda <strong>26 milyon euro<\/strong>\u2019yu bulmas\u0131n\u0131 hedefleyen <strong>AXA Grubu raporu<\/strong>nda, <strong>iklim de\u011fi\u015fikli\u011finin y\u0131k\u0131c\u0131 etkilerini<\/strong> en az seviyede tutmak i\u00e7in gerekli olan finansman\u0131n<strong> 2030 y\u0131l\u0131na<\/strong> kadar k\u00fcresel \u00e7apta <strong>3<\/strong> ila <strong>6 kat<\/strong> art\u0131r\u0131lmas\u0131 gerekti\u011fini ifade ediyor.<\/p>\n<p><strong>&#8211; AXA yat\u0131r\u0131mlar\u0131 kaynakl\u0131 karbon sal\u0131m\u0131n\u0131n % 20 azalt\u0131lmas\u0131: <\/strong>AXA Grubu, kendi yat\u0131r\u0131mlar\u0131ndan kaynakl\u0131 karbon sal\u0131m\u0131n\u0131 <strong>% 20<\/strong> oran\u0131nda azaltmaya \u00e7al\u0131\u015f\u0131yor.<\/p>\n<p><strong>&#8211; Net-S\u0131f\u0131r d\u00f6n\u00fc\u015f\u00fcm\u00fc: <\/strong>AXA Grubu, \u00fcyesi oldu\u011fu Net-S\u0131f\u0131r Varl\u0131k Sahibi Birlik, Net-S\u0131f\u0131r Sigorta Birli\u011fi ve Net-S\u0131f\u0131r Varl\u0131k Y\u00f6neticileri Giri\u015fimi gibi topluluklara olan \u00fcyeli\u011fiyle de karbon-n\u00f6tr ekonomilerin in\u015fas\u0131nda aktif rol oynuyor.<\/p>\n<p><strong>AXA Grubu iklim de\u011fi\u015fikli\u011fi stratejisi olumlu sonu\u00e7lar veriyor:\u00a0<\/strong>AXA Grubu\u2019nun raporunda, \u015firketin \u00e7evresel ayak izini azaltmak i\u00e7in <strong>2019-2021 y\u0131llar\u0131<\/strong> aras\u0131nda att\u0131\u011f\u0131 ad\u0131mlar\u0131n AXA\u2019n\u0131n mutlak karbondioksit sal\u0131m\u0131nda <strong>% 61<\/strong> azalma sa\u011flad\u0131\u011f\u0131 bilgisine de yer verildi.<\/p>","protected":false},"excerpt":{"rendered":"<p>Sorry, this entry is only available in Turkish. For the sake of viewer convenience, the content is shown below in the alternative language. You may click the link to switch the active language. AXA, insanl\u0131\u011f\u0131 uzun vadede etkileyen \u00f6nemli risk fakt\u00f6rlerini her y\u0131l sekt\u00f6r\u00fcn ve kamuoyunun bilgisine sunuyor. D\u00fcnya \u00e7ap\u0131nda \u00e7ok say\u0131da risk uzman\u0131 ve [&hellip;]<\/p>\n","protected":false},"author":1,"featured_media":160626,"comment_status":"open","ping_status":"open","sticky":false,"template":"","format":"standard","meta":[],"categories":[53,52],"tags":[105359,105364,61067,1564,105362,1999,37347,105358,10931,101437,1471,105366,105360,105361,105365,105363,96971,105356,62,105357],"views":568,"_links":{"self":[{"href":"https:\/\/www.enerjigazetesi.ist\/en\/wp-json\/wp\/v2\/posts\/160618"}],"collection":[{"href":"https:\/\/www.enerjigazetesi.ist\/en\/wp-json\/wp\/v2\/posts"}],"about":[{"href":"https:\/\/www.enerjigazetesi.ist\/en\/wp-json\/wp\/v2\/types\/post"}],"author":[{"embeddable":true,"href":"https:\/\/www.enerjigazetesi.ist\/en\/wp-json\/wp\/v2\/users\/1"}],"replies":[{"embeddable":true,"href":"https:\/\/www.enerjigazetesi.ist\/en\/wp-json\/wp\/v2\/comments?post=160618"}],"version-history":[{"count":0,"href":"https:\/\/www.enerjigazetesi.ist\/en\/wp-json\/wp\/v2\/posts\/160618\/revisions"}],"wp:featuredmedia":[{"embeddable":true,"href":"https:\/\/www.enerjigazetesi.ist\/en\/wp-json\/wp\/v2\/media\/160626"}],"wp:attachment":[{"href":"https:\/\/www.enerjigazetesi.ist\/en\/wp-json\/wp\/v2\/media?parent=160618"}],"wp:term":[{"taxonomy":"category","embeddable":true,"href":"https:\/\/www.enerjigazetesi.ist\/en\/wp-json\/wp\/v2\/categories?post=160618"},{"taxonomy":"post_tag","embeddable":true,"href":"https:\/\/www.enerjigazetesi.ist\/en\/wp-json\/wp\/v2\/tags?post=160618"}],"curies":[{"name":"wp","href":"https:\/\/api.w.org\/{rel}","templated":true}]}}