{"id":160525,"date":"2022-08-16T12:30:14","date_gmt":"2022-08-16T09:30:14","guid":{"rendered":"https:\/\/www.enerjigazetesi.ist\/?p=160525"},"modified":"2022-08-16T12:44:29","modified_gmt":"2022-08-16T09:44:29","slug":"enerjisa-uretim-yenilenebilir-yatirimlari-102-milyon-dolarlik-kredi-finansmani-anlasmasi","status":"publish","type":"post","link":"https:\/\/www.enerjigazetesi.ist\/en\/enerjisa-uretim-yenilenebilir-yatirimlari-102-milyon-dolarlik-kredi-finansmani-anlasmasi\/","title":{"rendered":"(Turkish) Enerjisa \u00dcretim&#8217;den Yenilenebilir Yat\u0131r\u0131mlar\u0131 \u0130\u00e7in 102 Milyon Dolarl\u0131k Anla\u015fma"},"content":{"rendered":"<p class=\"qtranxs-available-languages-message qtranxs-available-languages-message-en\">Sorry, this entry is only available in <a href=\"https:\/\/www.enerjigazetesi.ist\/tr\/wp-json\/wp\/v2\/posts\/160525\" class=\"qtranxs-available-language-link qtranxs-available-language-link-tr\" title=\"Turkish\">Turkish<\/a>. For the sake of viewer convenience, the content is shown below in the alternative language. You may click the link to switch the active language.<\/p><p><\/p>\n<h2>\u00c7anakkale, Da\u011fpazar\u0131 ve Bal\u0131kesir&#8217;de i\u015fletmede olan 212 MW kurulu g\u00fcc\u00fcnde toplam 3 r\u00fczgar santralinde enerji \u00fcretimi yapan Enerjisa \u00dcretim, yenilenebilir enerji alan\u0131ndaki yat\u0131r\u0131mlar\u0131na Kayseri\u2019de bulunan Erciyes RES ile s\u00fcrd\u00fcr\u00fcyor.<\/h2>\n<p>Bu yat\u0131r\u0131m\u0131 kapsamda <strong>HSBC<\/strong> ve i\u015ftirakleri ile<strong> 102 milyon dolar<\/strong> tutar\u0131nda kredi finansman\u0131 anla\u015fmas\u0131na imza atan <strong>Enerjisa \u00dcretim<\/strong>, r\u00fczgardaki toplam \u00fcretim kapasitesini<strong> 277 MW<\/strong> seviyesine \u00e7\u0131karmay\u0131 hedefliyor.\u00a0E\u015fzamanl\u0131 olarak <strong>150 MW<\/strong>\u2019l\u0131k <strong>hibrit g\u00fcne\u015f santral yat\u0131r\u0131mlar\u0131n\u0131<\/strong> s\u00fcrd\u00fcren \u015firketin <img loading=\"lazy\" class=\"alignright wp-image-160528\" src=\"https:\/\/www.enerjigazetesi.ist\/wp-content\/uploads\/2022\/08\/Enerjisa-UretimCFO-Mert-Yaycioglu.jpg\" alt=\"\" width=\"300\" height=\"280\" srcset=\"https:\/\/www.enerjigazetesi.ist\/wp-content\/uploads\/2022\/08\/Enerjisa-UretimCFO-Mert-Yaycioglu.jpg 521w, https:\/\/www.enerjigazetesi.ist\/wp-content\/uploads\/2022\/08\/Enerjisa-UretimCFO-Mert-Yaycioglu-300x280.jpg 300w, https:\/\/www.enerjigazetesi.ist\/wp-content\/uploads\/2022\/08\/Enerjisa-UretimCFO-Mert-Yaycioglu-429x400.jpg 429w, https:\/\/www.enerjigazetesi.ist\/wp-content\/uploads\/2022\/08\/Enerjisa-UretimCFO-Mert-Yaycioglu-54x50.jpg 54w, https:\/\/www.enerjigazetesi.ist\/wp-content\/uploads\/2022\/08\/Enerjisa-UretimCFO-Mert-Yaycioglu-500x466.jpg 500w\" sizes=\"(max-width: 300px) 100vw, 300px\" \/>faaliyete ge\u00e7irmeyi planlad\u0131\u011f\u0131 <strong>35 MW<\/strong> kurulu g\u00fcce sahip <strong>Hibrit G\u00fcne\u015f Santrali<\/strong> de <strong>102 milyon <\/strong>dolarl\u0131k <strong>finansman anla\u015fmas\u0131<\/strong> kapsam\u0131nda yer al\u0131yor.<\/p>\n<p>Enerjisa \u00dcretim CFO\u2019su Mert Yayc\u0131o\u011flu, <em>\u201c<strong>Enerjisa \u00dcretim<\/strong> olarak t\u00fcm yat\u0131r\u0131m planlar\u0131m\u0131z\u0131 <strong>yenilenebilir enerji hedefiyle<\/strong> ger\u00e7ekle\u015ftiriyoruz. \u00c7ok \u00f6nemsedi\u011fimiz, \u00fclkemizin<strong> yenilenebilir enerji hedefleri<\/strong> y\u00f6n\u00fcnden de \u00f6nemli bir katk\u0131 \u00fcretece\u011fini d\u00fc\u015f\u00fcnd\u00fc\u011f\u00fcm\u00fcz projelerimiz i\u00e7in<strong> kredi finansman\u0131 anla\u015fmas\u0131<\/strong>na, alan\u0131ndaki uzmanl\u0131\u011f\u0131na ve birikimine \u00e7ok g\u00fcvendi\u011fimiz <strong>HSBC<\/strong> ile imza atman\u0131n mutlulu\u011funu ya\u015f\u0131yoruz. <strong>HSBC ekipleri<\/strong> s\u00fcre\u00e7 boyunca \u00f6zellikle<strong> ye\u015fil mutabakat<\/strong> konusundaki <strong>uzmanl\u0131klar\u0131, yap\u0131c\u0131<\/strong> ve <strong>destekleyici tutumlar\u0131yla<\/strong> yan\u0131m\u0131zda oldular. \u0130\u015f birlikleri nedeniyle <strong>HSBC<\/strong> ve ba\u011fl\u0131 kurulu\u015flar\u0131n\u0131n yetkililerine ve eme\u011fi ge\u00e7en t\u00fcm \u00e7al\u0131\u015fanlara te\u015fekk\u00fcr ediyor; her iki <strong>kurum, \u00fclkemiz<\/strong> ve <strong>insan\u0131m\u0131z<\/strong> i\u00e7in hay\u0131rl\u0131, u\u011furlu olmas\u0131n\u0131 diliyorum\u201d<\/em> ifadelerini kulland\u0131.<\/p>\n<h3><strong>R\u00fczgarda hedef: 1.500 MW<\/strong><\/h3>\n<p><strong>Erciyes R\u00fczgar Enerjisi Santrali&#8217;nin<\/strong> yenilenebilir enerji alan\u0131ndaki en kapsaml\u0131 ve \u00f6nemli projelerden biri oldu\u011funun alt\u0131n\u0131 \u00e7izen Yayc\u0131o\u011flu, <em>\u201cHem <strong>\u015firketimiz<\/strong> hem de<strong> \u00fclkemiz<\/strong> i\u00e7in stratejik de\u011feri olan<strong> yat\u0131r\u0131mlar\u0131n finansman\u0131<\/strong> kapsam\u0131nda bu alanda d\u00fcnyan\u0131n en deneyimli kurulu\u015flar\u0131ndan biriyle i\u015f birli\u011fi sa\u011flad\u0131k. T\u00fcrkiye\u2019nin <strong>yenilenebilir enerji<\/strong> vizyonu yeniden \u015fekilleniyor. Biz de sekt\u00f6r\u00fcm\u00fcz\u00fcn \u00f6nc\u00fc \u015firketi olarak bu de\u011fi\u015fimi s\u00fcr\u00fcklemek ve bu alanda \u00fclkemizi daha iyi bir seviyeye<strong> ta\u015f\u0131mada aktif rol almak<\/strong> arzusunday\u0131z. Orta ve uzun vadeli <strong>yenilenebilir enerji hedefleri<\/strong>nin etkili olabilmesinde var\u0131lmak istenen kurulu g\u00fc\u00e7 seviyelerinin belirlenmesi ve rakamsal olarak ifade edilmesi \u00e7ok \u00f6nemli. <strong>Erciyes R\u00fczgar Enerjisi<\/strong> ve <strong>Hibrit G\u00fcne\u015f Santralleri<\/strong>miz ger\u00e7ekle\u015ftirecekleri temiz enerji \u00fcretimiyle gerek b\u00f6lge ve \u00fclke ekonomisi gerekse <strong>yenilenebilir enerji \u00fcretimi<\/strong> ve <strong>s\u00fcrd\u00fcr\u00fclebilirlik<\/strong> y\u00f6n\u00fcnden de\u011fer yaratacak. Bu projelerle birlikte <strong>temiz enerji \u00fcretiminde<\/strong> toplamda<strong> 100 MW<\/strong> artan bir kapasite s\u00f6z konusu olacak. <strong>R\u00fczgar enerjisinde<\/strong> hedefimizi ise<strong> 1.500 MW<\/strong> olarak belirledik\u201d<\/em> dedi.<\/p>\n<h3><strong>\u2018\u00dclkemizin d\u00fc\u015f\u00fck karbon ekonomisine ge\u00e7i\u015fini h\u0131zland\u0131rmak i\u00e7in farkl\u0131 finansman \u00e7\u00f6z\u00fcmleri hayata ge\u00e7iriyoruz\u2019<\/strong><\/h3>\n<p>Ticari ve Kurumsal Bankac\u0131l\u0131k taraf\u0131nda, <strong>2021 ba\u015f\u0131ndan<\/strong> bu yana farkl\u0131 i\u015flemlerle yakla\u015f\u0131k <strong>300 milyon dolarl\u0131k<\/strong><em> s\u00fcrd\u00fcr\u00fclebilirlik\/ye\u015fil temal\u0131<\/em> krediye arac\u0131l\u0131k ettiklerinin alt\u0131n\u0131 \u00e7izen <em>HSBC T\u00fcrkiye Kurumsal Bankac\u0131l\u0131k Genel M\u00fcd\u00fcr Yard\u0131mc\u0131s\u0131<\/em> <strong>Caner I\u015flak<\/strong>,<em> \u201c<strong>HSBC Grubu<\/strong> olarak <strong>Enerjisa \u00dcretim finansman<\/strong> s\u00fcrecini de ba\u015far\u0131yla tamamlad\u0131k. Aram\u0131zdaki i\u015f birli\u011fi ve sinerjinden dolay\u0131 <strong>Enerjisa \u00dcretim<\/strong>\u2019e te\u015fekk\u00fcr ediyoruz. <strong>S\u00fcrd\u00fcr\u00fclebilirlik<\/strong> ve<strong> ye\u015fil temal\u0131 finansman<\/strong>daki uzmanl\u0131\u011f\u0131m\u0131z, <strong>geni\u015f yat\u0131r\u0131mc\u0131 a\u011f\u0131m\u0131z<\/strong> ve grup olarak tecr\u00fcbemizle \u00e7al\u0131\u015fma ortaklar\u0131m\u0131za hedefleri konusunda<strong> \u00e7\u00f6z\u00fcm<\/strong> ve <strong>f\u0131rsatlar<\/strong> sunuyoruz. \u00dclkemizin <strong>d\u00fc\u015f\u00fck karbon ekonomisine<\/strong> ge\u00e7i\u015fini h\u0131zland\u0131rmak i\u00e7in reel sekt\u00f6re \u00f6nc\u00fcl\u00fck etmeyi ve farkl\u0131<strong> finansman \u00e7\u00f6z\u00fcmlerini<\/strong> hayata ge\u00e7irmeyi s\u00fcrd\u00fcr\u00fcyoruz\u201d<\/em> dedi.<\/p>","protected":false},"excerpt":{"rendered":"<p>Sorry, this entry is only available in Turkish. For the sake of viewer convenience, the content is shown below in the alternative language. You may click the link to switch the active language. \u00c7anakkale, Da\u011fpazar\u0131 ve Bal\u0131kesir&#8217;de i\u015fletmede olan 212 MW kurulu g\u00fcc\u00fcnde toplam 3 r\u00fczgar santralinde enerji \u00fcretimi yapan Enerjisa \u00dcretim, yenilenebilir enerji alan\u0131ndaki [&hellip;]<\/p>\n","protected":false},"author":1,"featured_media":160533,"comment_status":"open","ping_status":"open","sticky":false,"template":"","format":"standard","meta":[],"categories":[51,53,50],"tags":[3613,4427,105311,2375,18,35365,35638,105314,105313,105312,105315,48834,28884,312,1296,105,11887,85540,105316],"views":517,"_links":{"self":[{"href":"https:\/\/www.enerjigazetesi.ist\/en\/wp-json\/wp\/v2\/posts\/160525"}],"collection":[{"href":"https:\/\/www.enerjigazetesi.ist\/en\/wp-json\/wp\/v2\/posts"}],"about":[{"href":"https:\/\/www.enerjigazetesi.ist\/en\/wp-json\/wp\/v2\/types\/post"}],"author":[{"embeddable":true,"href":"https:\/\/www.enerjigazetesi.ist\/en\/wp-json\/wp\/v2\/users\/1"}],"replies":[{"embeddable":true,"href":"https:\/\/www.enerjigazetesi.ist\/en\/wp-json\/wp\/v2\/comments?post=160525"}],"version-history":[{"count":0,"href":"https:\/\/www.enerjigazetesi.ist\/en\/wp-json\/wp\/v2\/posts\/160525\/revisions"}],"wp:featuredmedia":[{"embeddable":true,"href":"https:\/\/www.enerjigazetesi.ist\/en\/wp-json\/wp\/v2\/media\/160533"}],"wp:attachment":[{"href":"https:\/\/www.enerjigazetesi.ist\/en\/wp-json\/wp\/v2\/media?parent=160525"}],"wp:term":[{"taxonomy":"category","embeddable":true,"href":"https:\/\/www.enerjigazetesi.ist\/en\/wp-json\/wp\/v2\/categories?post=160525"},{"taxonomy":"post_tag","embeddable":true,"href":"https:\/\/www.enerjigazetesi.ist\/en\/wp-json\/wp\/v2\/tags?post=160525"}],"curies":[{"name":"wp","href":"https:\/\/api.w.org\/{rel}","templated":true}]}}