{"id":160508,"date":"2022-08-16T00:29:22","date_gmt":"2022-08-15T21:29:22","guid":{"rendered":"https:\/\/www.enerjigazetesi.ist\/?p=160508"},"modified":"2022-08-16T00:34:24","modified_gmt":"2022-08-15T21:34:24","slug":"tupras-in-stratejik-donusum-plani-dogrultusu-nda-atilimlari-suruyor","status":"publish","type":"post","link":"https:\/\/www.enerjigazetesi.ist\/en\/tupras-in-stratejik-donusum-plani-dogrultusu-nda-atilimlari-suruyor\/","title":{"rendered":"(Turkish) &#8217;T\u00fcpra\u015f\u2019 Stratejik D\u00f6n\u00fc\u015f\u00fcm Plan\u0131 Do\u011frultusunda At\u0131l\u0131mlar At\u0131yor&#8230;"},"content":{"rendered":"<p class=\"qtranxs-available-languages-message qtranxs-available-languages-message-en\">Sorry, this entry is only available in <a href=\"https:\/\/www.enerjigazetesi.ist\/tr\/wp-json\/wp\/v2\/posts\/160508\" class=\"qtranxs-available-language-link qtranxs-available-language-link-tr\" title=\"Turkish\">Turkish<\/a>. For the sake of viewer convenience, the content is shown below in the alternative language. You may click the link to switch the active language.<\/p><p><\/p>\n<h2>T\u00fcpra\u015f 2022 y\u0131l\u0131n\u0131n 2&#8217;inci \u00e7eyre\u011fine ili\u015fkin finansal sonu\u00e7lar\u0131n\u0131 a\u00e7\u0131klad\u0131. \u015eirket, bu d\u00f6nemde %100\u2019l\u00fck kapasite kullan\u0131m\u0131yla 7,1 milyon ton \u00fcretim ve 7,3 milyon ton sat\u0131\u015f ger\u00e7ekle\u015ftirerek 136 milyar TL ciroya ula\u015ft\u0131.<\/h2>\n<p><strong>Modernizasyon, enerji verimlili\u011fi<\/strong> ve<strong> d\u00f6n\u00fc\u015f\u00fcme<\/strong> y\u00f6nelik yat\u0131r\u0131mlar\u0131n\u0131 t\u00fcm h\u0131z\u0131yla s\u00fcrd\u00fcren T\u00fcpra\u015f, <strong>2&#8217;inci<\/strong> \u00e7eyrekte<strong> %37<\/strong>\u2019si s\u00fcrd\u00fcr\u00fclebilirlik hedefine y\u00f6nelik olmak \u00fczere, toplam <strong>643 milyon TL<\/strong>\u2019lik yat\u0131r\u0131m harcamas\u0131 ger\u00e7ekle\u015ftirdi.<\/p>\n<h3><strong>Ham petrol ve akaryak\u0131t \u00fcr\u00fcnleri arz\u0131ndaki azal\u0131\u015f petrol piyasas\u0131 dinamiklerinde belirleyici olmaya devam ediyor<\/strong><\/h3>\n<h3><strong><img loading=\"lazy\" class=\"alignright wp-image-160511\" src=\"https:\/\/www.enerjigazetesi.ist\/wp-content\/uploads\/2022\/08\/tupras-in-stratejik-donusum-plani-dogrultusu-nda-atilimlari-suruyor-2.jpg\" alt=\"\" width=\"320\" height=\"207\" srcset=\"https:\/\/www.enerjigazetesi.ist\/wp-content\/uploads\/2022\/08\/tupras-in-stratejik-donusum-plani-dogrultusu-nda-atilimlari-suruyor-2.jpg 550w, https:\/\/www.enerjigazetesi.ist\/wp-content\/uploads\/2022\/08\/tupras-in-stratejik-donusum-plani-dogrultusu-nda-atilimlari-suruyor-2-300x194.jpg 300w, https:\/\/www.enerjigazetesi.ist\/wp-content\/uploads\/2022\/08\/tupras-in-stratejik-donusum-plani-dogrultusu-nda-atilimlari-suruyor-2-500x324.jpg 500w, https:\/\/www.enerjigazetesi.ist\/wp-content\/uploads\/2022\/08\/tupras-in-stratejik-donusum-plani-dogrultusu-nda-atilimlari-suruyor-2-77x50.jpg 77w\" sizes=\"(max-width: 320px) 100vw, 320px\" \/><\/strong><\/h3>\n<p>2022 y\u0131l\u0131n\u0131n <strong>2&#8217;inci \u00e7eyre\u011finde<\/strong>, Rusya\u2019ya uygulanan yapt\u0131r\u0131m paketlerinin s\u0131k\u0131la\u015ft\u0131r\u0131lmas\u0131, \u00fcretici \u00fclkelerdeki <strong>arz sorunlar\u0131n\u0131n<\/strong> devam etmesi ve <strong>sa\u011fl\u0131kl\u0131 akaryak\u0131t<\/strong> talebi <strong>Brent ham petrol fiyat\u0131<\/strong>n\u0131n <strong>100 $\/v<\/strong> seviyelerinin \u00fcst\u00fcnde seyretmesine neden oldu.<\/p>\n<p>2&#8217;inci \u00e7eyrekte pandemi sonras\u0131 artan talebi kar\u015f\u0131lamak \u00fczere <strong>T\u00fcpra\u015f<\/strong>\u2019\u0131n kapasite kullan\u0131m oran\u0131 <strong>%100<\/strong>\u2019e ula\u015ft\u0131. <strong>K\u00fcresel volatilitenin artt\u0131\u011f\u0131<\/strong> bu d\u00f6nemde <strong>disiplinli<\/strong> ve <strong>etkin finansman politikalar\u0131<\/strong> T\u00fcpra\u015f\u2019\u0131n g\u00fc\u00e7l\u00fc <strong>bilan\u00e7o y\u00f6netimini<\/strong> desteklemeye devam etti.<\/p>\n<p>Ayn\u0131 d\u00f6nemde benzer talep ve enerji \u00fcretimine y\u00f6nelik yap\u0131lan yat\u0131r\u0131mlar\u0131n azalmas\u0131n\u0131n bir sonucu olarak, enerji maliyetleri de <strong>tarihi y\u00fcksek seviyelere<\/strong> t\u0131rmand\u0131.<\/p>\n<h3><strong>S\u00fcrd\u00fcr\u00fclebilir havac\u0131l\u0131k yak\u0131t\u0131 \u00fcretmek i\u00e7in ilk \u00f6nemli ad\u0131m at\u0131ld\u0131<\/strong><\/h3>\n<p>Di\u011fer yandan T\u00fcpra\u015f, <strong>s\u00fcrd\u00fcr\u00fclebilir havac\u0131l\u0131k yak\u0131t\u0131<\/strong> \u00fcretiminde <strong>UOP Ecofining\u2122 teknolojisi<\/strong>nin kullan\u0131m\u0131 i\u00e7in d\u00fcnyan\u0131n \u00f6nde gelen teknoloji \u015firketlerinden <strong>Honeywell<\/strong> ile <strong>lisans anla\u015fmas\u0131<\/strong> imzalad\u0131. Kurulmas\u0131 planlanan tesiste, bu teknoloji kullan\u0131larak <strong>stratejik d\u00f6n\u00fc\u015f\u00fcm plan\u0131<\/strong>n\u0131n par\u00e7as\u0131 olan <strong>biyoyak\u0131t i\u015f alan\u0131na<\/strong> y\u00f6nelik ad\u0131mlar\u0131n s\u00fcrd\u00fcr\u00fclmesi hedefleniyor.<\/p>\n<h3><strong>T\u00fcpra\u015f s\u0131f\u0131r karbon elektrik \u00fcretimi alan\u0131nda ad\u0131mlar\u0131n\u0131 h\u0131zland\u0131r\u0131yor<\/strong><\/h3>\n<p><strong>Entek Elektrik<\/strong>\u2019in hisselerinin<strong> Aygaz<\/strong> ve<strong> Ko\u00e7 Holding<\/strong>\u2019den k\u0131smi b\u00f6l\u00fcnme yoluyla devral\u0131nmas\u0131na ili\u015fkin Nisan ay\u0131nda ba\u015flat\u0131lan s\u00fcre\u00e7te <strong>SPK onay\u0131<\/strong> al\u0131nd\u0131. \u0130\u015flem, ilgili \u015firketlerin <strong>25 A\u011fustos 2022<\/strong> tarihinde ger\u00e7ekle\u015ftirilecek <strong>Ola\u011fan\u00fcst\u00fc Genel Kurul toplant\u0131lar\u0131<\/strong>nda ortaklar\u0131n onay\u0131na sunulacak.<\/p>\n<p><strong>Entek<\/strong>\u2019in sahip oldu\u011fu mevcut kurulu <strong>yenilenebilir elektrik kapasitesi<\/strong> ve b\u00fcy\u00fcme planlar\u0131n\u0131n T\u00fcpra\u015f\u2019\u0131n stratejik hedefleriyle uyumu sayesinde <strong>s\u0131f\u0131r karbon elektrik<\/strong> alan\u0131nda at\u0131lan ad\u0131mlar h\u0131zlanm\u0131\u015f olacak. <strong>Stratejik d\u00f6n\u00fc\u015f\u00fcm plan\u0131<\/strong> do\u011frultusunda <strong>s\u0131f\u0131r karbon elektrik<\/strong> alan\u0131ndaki yat\u0131r\u0131mlar\u0131na da h\u0131z veren <strong>T\u00fcpra\u015f, K\u0131r\u0131kkale Rafinerisi<\/strong>&#8216;nde<strong> 12,6 MW<\/strong> G\u00fcne\u015f Enerjisi Santrali kurulumuna da ba\u015flam\u0131\u015f bulunuyor.<\/p>\n<p>T\u00fcpra\u015f, \u00fclkemizin <strong>akaryak\u0131t ihtiyac\u0131n\u0131<\/strong> kesintisiz kar\u015f\u0131lama g\u00f6revini yerine getirirken, bug\u00fcn oldu\u011fu gibi gelecekte de \u00fclkemizin\u00a0<strong>enerji sekt\u00f6r\u00fcnde liderli\u011fi<\/strong> hedefliyor. \u015eirket, her ko\u015ful alt\u0131nda ve her alanda oldu\u011fu gibi <strong>d\u00f6n\u00fc\u015f\u00fcm yolculu\u011fu<\/strong> boyunca da <strong>t\u00fcm faaliyetlerini<\/strong>\u00a0emniyetli i\u015fletme anlay\u0131\u015f\u0131yla\u00a0yerine getirerek\u00a0<strong>yetkin insan kayna\u011f\u0131<\/strong> ve <strong>k\u00fcresel rekabet g\u00fcc\u00fcyle<\/strong> t\u00fcm payda\u015flar\u0131 ve T\u00fcrkiye i\u00e7in katma de\u011fer olu\u015fturmaya devam edecek.<\/p>\n<table width=\"587\">\n<tbody>\n<tr>\n<td colspan=\"5\" width=\"100%\">\n<h3><strong>Operasyonel Veriler<\/strong><\/h3>\n<\/td>\n<\/tr>\n<tr>\n<td colspan=\"2\" width=\"52%\"><\/td>\n<td width=\"15%\"><strong>2\u00c7 2022<\/strong><\/td>\n<td width=\"15%\"><strong>2\u00c7 2021<\/strong><\/td>\n<td width=\"16%\"><strong>Fark (%)<\/strong><\/td>\n<\/tr>\n<tr>\n<td width=\"23%\"><strong>Operasyonel<\/strong><\/td>\n<td width=\"28%\"><strong>Toplam \u00dcretim<\/strong><\/td>\n<td width=\"15%\">7,1<\/td>\n<td width=\"15%\">6,5<\/td>\n<td width=\"16%\">9<\/td>\n<\/tr>\n<tr>\n<td width=\"23%\"><strong>(Milyon Ton)<\/strong><\/td>\n<td width=\"28%\"><strong>Toplam Sat\u0131\u015f<\/strong><\/td>\n<td width=\"15%\">7,3<\/td>\n<td width=\"15%\">6,9<\/td>\n<td width=\"16%\">6<\/td>\n<\/tr>\n<\/tbody>\n<\/table>\n<p><\/p>","protected":false},"excerpt":{"rendered":"<p>Sorry, this entry is only available in Turkish. For the sake of viewer convenience, the content is shown below in the alternative language. You may click the link to switch the active language. T\u00fcpra\u015f 2022 y\u0131l\u0131n\u0131n 2&#8217;inci \u00e7eyre\u011fine ili\u015fkin finansal sonu\u00e7lar\u0131n\u0131 a\u00e7\u0131klad\u0131. \u015eirket, bu d\u00f6nemde %100\u2019l\u00fck kapasite kullan\u0131m\u0131yla 7,1 milyon ton \u00fcretim ve 7,3 milyon [&hellip;]<\/p>\n","protected":false},"author":1,"featured_media":160512,"comment_status":"open","ping_status":"open","sticky":false,"template":"","format":"standard","meta":[],"categories":[53,44],"tags":[35344,12,50376,88650,105310],"views":368,"_links":{"self":[{"href":"https:\/\/www.enerjigazetesi.ist\/en\/wp-json\/wp\/v2\/posts\/160508"}],"collection":[{"href":"https:\/\/www.enerjigazetesi.ist\/en\/wp-json\/wp\/v2\/posts"}],"about":[{"href":"https:\/\/www.enerjigazetesi.ist\/en\/wp-json\/wp\/v2\/types\/post"}],"author":[{"embeddable":true,"href":"https:\/\/www.enerjigazetesi.ist\/en\/wp-json\/wp\/v2\/users\/1"}],"replies":[{"embeddable":true,"href":"https:\/\/www.enerjigazetesi.ist\/en\/wp-json\/wp\/v2\/comments?post=160508"}],"version-history":[{"count":0,"href":"https:\/\/www.enerjigazetesi.ist\/en\/wp-json\/wp\/v2\/posts\/160508\/revisions"}],"wp:featuredmedia":[{"embeddable":true,"href":"https:\/\/www.enerjigazetesi.ist\/en\/wp-json\/wp\/v2\/media\/160512"}],"wp:attachment":[{"href":"https:\/\/www.enerjigazetesi.ist\/en\/wp-json\/wp\/v2\/media?parent=160508"}],"wp:term":[{"taxonomy":"category","embeddable":true,"href":"https:\/\/www.enerjigazetesi.ist\/en\/wp-json\/wp\/v2\/categories?post=160508"},{"taxonomy":"post_tag","embeddable":true,"href":"https:\/\/www.enerjigazetesi.ist\/en\/wp-json\/wp\/v2\/tags?post=160508"}],"curies":[{"name":"wp","href":"https:\/\/api.w.org\/{rel}","templated":true}]}}