{"id":160365,"date":"2022-08-12T20:19:21","date_gmt":"2022-08-12T17:19:21","guid":{"rendered":"https:\/\/www.enerjigazetesi.ist\/?p=160365"},"modified":"2022-08-12T20:19:57","modified_gmt":"2022-08-12T17:19:57","slug":"galata-wind-ruzgari-2nci-ceyrekte-hizini-artirmayi-surduruyor","status":"publish","type":"post","link":"https:\/\/www.enerjigazetesi.ist\/en\/galata-wind-ruzgari-2nci-ceyrekte-hizini-artirmayi-surduruyor\/","title":{"rendered":"(Turkish) &#8217;Galata Wind R\u00fczgar\u0131&#8217; 2&#8217;nci \u00c7eyrekte H\u0131z\u0131n\u0131 Art\u0131rmay\u0131 S\u00fcrd\u00fcr\u00fcyor"},"content":{"rendered":"<p class=\"qtranxs-available-languages-message qtranxs-available-languages-message-en\">Sorry, this entry is only available in <a href=\"https:\/\/www.enerjigazetesi.ist\/tr\/wp-json\/wp\/v2\/posts\/160365\" class=\"qtranxs-available-language-link qtranxs-available-language-link-tr\" title=\"Turkish\">Turkish<\/a>. For the sake of viewer convenience, the content is shown below in the alternative language. You may click the link to switch the active language.<\/p><p><\/p>\n<h2>Giderek g\u00fc\u00e7lenen k\u00fcresel s\u00fcrd\u00fcr\u00fclebilirlik perspektifiyle ekonomik b\u00fcy\u00fcmede her ge\u00e7en g\u00fcn daha fazla rol \u00fcstlenen Galata Wind,<strong> \u2018temiz enerji\u2019ye<\/strong> \u00f6nc\u00fcl\u00fck etmeye ve b\u00fcy\u00fcmeye devam ediyor. <strong>2021 Nisan ay\u0131nda hisselerinin %30\u2019unu halka arz eden \u015firket, bir \u00f6nceki y\u0131la g\u00f6re r\u00fczgar\u0131n daha g\u00fc\u00e7l\u00fc esmesinin etkilerini finansal yans\u0131malarda da hissettirdi<\/strong>.<\/h2>\n<p>\u015eirket, <strong>FAV\u00d6K marj\u0131<\/strong>n\u0131 <strong>%87<\/strong> seviyesinde korurken,<strong> net bor\u00e7\/FAV\u00d6K<\/strong> oran\u0131n\u0131 ise <strong>0,32<\/strong> olarak ger\u00e7ekle\u015ftirmeyi ba\u015fard\u0131. <strong>Galata Wind <\/strong>b\u00f6ylece, <strong>%188<\/strong> art\u0131\u015fla<strong> 518 milyon TL <\/strong>seviyesinde<strong> gelir ve %2268 art\u0131\u015f ile 418 milyon TL vergi \u00f6ncesi kar elde etti<\/strong>. \u015eirketin bilan\u00e7osu<strong> ise y\u0131l sonuna g\u00f6re %28 art\u0131\u015f<\/strong> sa\u011flad\u0131.<\/p>\n<h3><strong>Ye\u015fil enerji pay\u0131n\u0131n y\u00fckselmesine katk\u0131 sa\u011flad\u0131<\/strong><\/h3>\n<div id=\"attachment_160370\" style=\"width: 330px\" class=\"wp-caption alignright\"><img aria-describedby=\"caption-attachment-160370\" loading=\"lazy\" class=\"wp-image-160370\" src=\"https:\/\/www.enerjigazetesi.ist\/wp-content\/uploads\/2022\/08\/galata-wind-ruzgari-2nci-ceyrekte-hizini-artirmayi-surduruyor-2.jpg\" alt=\"\" width=\"320\" height=\"291\" srcset=\"https:\/\/www.enerjigazetesi.ist\/wp-content\/uploads\/2022\/08\/galata-wind-ruzgari-2nci-ceyrekte-hizini-artirmayi-surduruyor-2.jpg 550w, https:\/\/www.enerjigazetesi.ist\/wp-content\/uploads\/2022\/08\/galata-wind-ruzgari-2nci-ceyrekte-hizini-artirmayi-surduruyor-2-300x273.jpg 300w, https:\/\/www.enerjigazetesi.ist\/wp-content\/uploads\/2022\/08\/galata-wind-ruzgari-2nci-ceyrekte-hizini-artirmayi-surduruyor-2-440x400.jpg 440w, https:\/\/www.enerjigazetesi.ist\/wp-content\/uploads\/2022\/08\/galata-wind-ruzgari-2nci-ceyrekte-hizini-artirmayi-surduruyor-2-55x50.jpg 55w, https:\/\/www.enerjigazetesi.ist\/wp-content\/uploads\/2022\/08\/galata-wind-ruzgari-2nci-ceyrekte-hizini-artirmayi-surduruyor-2-500x455.jpg 500w\" sizes=\"(max-width: 320px) 100vw, 320px\" \/><p id=\"caption-attachment-160370\" class=\"wp-caption-text\">Galata Wind CEO Burak Kuyan<\/p><\/div>\n<p>Portf\u00f6y\u00fcnde 3 adet<strong> R\u00fczgar Enerji Santrali (RES)<\/strong> ve iki adet <strong>G\u00fcne\u015f Enerji Santrali (GES)<\/strong> bulunduran Galata Wind; 2022\u2019nin ilk alt\u0131 ay\u0131nda r\u00fczg\u00e2r santrallerinden<strong> 344.798 MWh<\/strong>, g\u00fcne\u015f santrallerinden ise <strong>24.224 MWh<\/strong> elektrik \u00fcretimi ger\u00e7ekle\u015ftirdi. A\u00e7\u0131klanan sonu\u00e7lara g\u00f6re, elektrik \u00fcretiminde ge\u00e7en y\u0131l\u0131n ayn\u0131 d\u00f6nemine g\u00f6re <strong>%19,6<\/strong> art\u0131\u015f meydana gelirken; <strong>Ta\u015fp\u0131nar RES<\/strong>\u2019in bu y\u0131l tam kapasite \u00e7al\u0131\u015fmas\u0131 ve 2022 y\u0131l\u0131n\u0131n r\u00fczg\u00e2rl\u0131 ge\u00e7iyor olmas\u0131 sonu\u00e7larda en \u00f6nemli sebep olarak dikkat \u00e7ekti. <strong>T\u00fcrkiye\u2019de ise yenilenebilir kaynaklardan elektrik \u00fcretiminde ge\u00e7en y\u0131la g\u00f6re %16 art\u0131\u015f g\u00f6r\u00fcl\u00fcrken, bu art\u0131\u015f\u0131n %49 k\u0131sm\u0131 r\u00fczg\u00e2rdan, %22 <\/strong>k\u0131sm\u0131 ise<strong> g\u00fcne\u015ften meydana geldi.<\/strong> Galata Wind, b\u00fcy\u00fcme vizyonuyla hedefledi\u011fi \u00fczere T\u00fcrkiye\u2019deki <strong>yenilenebilir enerji santrallerinin<\/strong> artmas\u0131 ve toplam \u00fcretim i\u00e7indeki<strong> ye\u015fil enerji pay\u0131<\/strong>n\u0131n y\u00fckselmesine \u00f6nemli katk\u0131 sa\u011fl\u0131yor.<strong>\u00a0R\u00fczgar<\/strong> ve <strong>g\u00fcne\u015f<\/strong> \u00fcretimlerinin mevsimsel olarak en y\u00fcksek d\u00f6nemine girdi\u011fi <strong>3&#8217;\u00fcnc\u00fc \u00e7eyrekte<\/strong> bu katk\u0131 artarak devam edecektir.<\/p>\n<p><strong>2022 y\u0131l\u0131n\u0131n ilk yar\u0131s\u0131nda \u015firketin sat\u0131\u015f gelirleri ge\u00e7en y\u0131l\u0131n ilk 6 ay\u0131na g\u00f6re %188 artt\u0131<\/strong>. Dolar kurunda g\u00f6r\u00fclen y\u00fckselme, \u00fcretim performans\u0131ndaki art\u0131\u015f ve yukar\u0131 y\u00f6nl\u00fc <strong>elektrik fiyatlar\u0131<\/strong>, sat\u0131\u015f gelirlerinin artmas\u0131ndaki temel sebeplerin ba\u015f\u0131nda geliyor. Bu d\u00f6nemde <strong>serbest piyasa sat\u0131\u015f fiyat\u0131<\/strong> (PTF) ortalamas\u0131 <strong>1.698,42 TL\/MWh<\/strong> olarak ger\u00e7ekle\u015fmi\u015f ve ge\u00e7en y\u0131l\u0131n ayn\u0131 d\u00f6nemine g\u00f6re <strong>% 417<\/strong> art\u0131\u015f olmu\u015ftur. Y\u0131l\u0131n geri kalan\u0131nda ise<strong> elektrik fiyatlar\u0131ndaki art\u0131\u015f\u0131n<\/strong> devam etmesi \u00f6ng\u00f6r\u00fclmektedir.<\/p>\n<h3><strong>Burak Kuyan: \u201cYenilebilir enerjinin \u00f6nemi bir kez daha g\u00f6r\u00fcld\u00fc\u201d<\/strong><\/h3>\n<p><em>Galata Wind CEO<\/em>\u2019su <strong>Burak Kuyan<\/strong>, 2&#8217;inci \u00e7eyrek finansal sonu\u00e7lar\u0131 hakk\u0131nda <span style=\"text-decoration: underline;\">\u015funlar\u0131 s\u00f6yledi:<\/span> <em>\u201cT\u00fcrkiye elektrik piyasas\u0131n\u0131n \u015fu anki durumunda<strong> yenilenebilir enerjinin<\/strong> \u00f6nemi bir kez daha ve daha g\u00fc\u00e7l\u00fc \u015fekilde ortaya \u00e7\u0131kmaktad\u0131r. <strong>Galata Wind<\/strong>, halka arz\u0131 esnas\u0131nda taahh\u00fct etmi\u015f oldu\u011fu \u00fczere sadece yenilenebilir enerjiye yat\u0131r\u0131m yapmaktad\u0131r. Artan <strong>emtia fiyatlar\u0131, enerji arz\u0131 g\u00fcvenli\u011fi, iklim de\u011fi\u015fikli\u011fi, ekonomik krizler<\/strong> ve <strong>sava\u015flar<\/strong> ile g\u00fcndemi \u00e7ok me\u015fgul olan d\u00fcnyam\u0131z\u0131n uzun vadede <strong>ye\u015fil, temiz<\/strong> ve <strong>yenilenebilir enerjiye<\/strong> olan ihtiyac\u0131 ortadad\u0131r. \u015eirketimiz, \u00fclkemizde ve d\u00fcnyada bu ihtiyac\u0131 kar\u015f\u0131layan \u00f6nemli payda\u015flardan biri olmak vizyonunu g\u00fc\u00e7l\u00fc bir \u015fekilde devam ettirmektedir.\u201d<\/em><\/p>\n<h3><strong>S\u00fcrd\u00fcr\u00fclebilirlik hedefleri do\u011frultusunda ilerliyor<\/strong><\/h3>\n<p>Y\u0131ll\u0131k ortalama <strong>800 GWh<\/strong>\u2019l\u0131k elektrik \u00fcretme kapasitesine sahip olan<strong> Galata Wind<\/strong> santrallerinde y\u0131ll\u0131k ortalama <strong>400 bin ton<\/strong> karbon emisyon azalt\u0131m\u0131 ger\u00e7ekle\u015ftirilecektir. \u0130hra\u00e7 edilen <strong>Gold Standard<\/strong> ve <strong>VCS sertifikal\u0131 karbon kredilerinin<\/strong> sat\u0131\u015f\u0131ndan 2022 y\u0131l\u0131n\u0131n ilk yar\u0131s\u0131nda elde edilen gelir, \u015firketin gelirlerinin <strong>%4<\/strong>&#8216;\u00fcne ula\u015fm\u0131\u015ft\u0131r.<\/p>\n<p>\u015eirketin \u00f6nemsedi\u011fi s\u00fcrd\u00fcr\u00fclebilirlik \u00e7al\u0131\u015fmalar\u0131 kapsam\u0131nda ilk \u00e7eyrekte uluslararas\u0131 derecelendirme kurulu\u015fu <strong>Moody\u2019s ESG Solutions\u2019dan ESG (\u00c7evresel-Sosyal-Y\u00f6neti\u015fim)\u00a0endeksinde elde etti\u011fi 60 puanla A1 \u0130leri d\u00fczey derecesine<\/strong> ula\u015fan Galata Wind, <strong>karbon ayak izini azaltmaya<\/strong>, \u00e7al\u0131\u015fanlara y\u00f6nelik <strong>sa\u011fl\u0131k<\/strong> ve <strong>g\u00fcvenlik politikalar\u0131<\/strong>na, tedarik zincirlerinin y\u00f6netiminden inovasyona, sosyal sorumlulu\u011fu destekleyen g\u00fcvene dayal\u0131 bir kurumsal k\u00fclt\u00fcr yaratmaya ve 2030 s\u00fcrd\u00fcr\u00fclebilirlik hedeflerine h\u0131zla ilerliyor. \u0130kinci \u00e7eyrekte ise, <strong>Sustainalytics taraf\u0131ndan haz\u0131rlanan ESG risk raporunda Galata Wind\u2019in \u00c7evresel, Sosyal ve Y\u00f6neti\u015fim (&#8220;\u00c7SY&#8221;) Risk Derecelendirme Notu 19,9 ile \u201cD\u00fc\u015f\u00fck Risk\u201d kategorisinde yer ald\u0131.<\/strong> Rapordaki analizler neticesinde Galata Wind\u2019nin \u00c7SY ile ilgili en iyi uygulamalarla uyumlu ve <strong>\u00c7SY<\/strong> konular\u0131 i\u00e7in y\u00f6netim kurulu d\u00fczeyinde bir g\u00f6zetime sahip oldu\u011funun alt\u0131 \u00e7izildi. \u00c7SY <strong>Risk Derecelendirmesi Notu<\/strong>&#8216;na g\u00f6re, Galata Wind, <strong>Elektrik Hizmetleri (Utilities)<\/strong> sekt\u00f6r\u00fc i\u00e7inde <strong>675 \u015firket aras\u0131nda 80. s\u0131rada yer ald\u0131.<\/strong><\/p>","protected":false},"excerpt":{"rendered":"<p>Sorry, this entry is only available in Turkish. For the sake of viewer convenience, the content is shown below in the alternative language. You may click the link to switch the active language. Giderek g\u00fc\u00e7lenen k\u00fcresel s\u00fcrd\u00fcr\u00fclebilirlik perspektifiyle ekonomik b\u00fcy\u00fcmede her ge\u00e7en g\u00fcn daha fazla rol \u00fcstlenen Galata Wind, \u2018temiz enerji\u2019ye \u00f6nc\u00fcl\u00fck etmeye ve b\u00fcy\u00fcmeye [&hellip;]<\/p>\n","protected":false},"author":1,"featured_media":160369,"comment_status":"open","ping_status":"open","sticky":false,"template":"","format":"standard","meta":[],"categories":[51,53,49,50],"tags":[19,18,89633,105260,23131,19389,34960,26881,6532],"views":543,"_links":{"self":[{"href":"https:\/\/www.enerjigazetesi.ist\/en\/wp-json\/wp\/v2\/posts\/160365"}],"collection":[{"href":"https:\/\/www.enerjigazetesi.ist\/en\/wp-json\/wp\/v2\/posts"}],"about":[{"href":"https:\/\/www.enerjigazetesi.ist\/en\/wp-json\/wp\/v2\/types\/post"}],"author":[{"embeddable":true,"href":"https:\/\/www.enerjigazetesi.ist\/en\/wp-json\/wp\/v2\/users\/1"}],"replies":[{"embeddable":true,"href":"https:\/\/www.enerjigazetesi.ist\/en\/wp-json\/wp\/v2\/comments?post=160365"}],"version-history":[{"count":0,"href":"https:\/\/www.enerjigazetesi.ist\/en\/wp-json\/wp\/v2\/posts\/160365\/revisions"}],"wp:featuredmedia":[{"embeddable":true,"href":"https:\/\/www.enerjigazetesi.ist\/en\/wp-json\/wp\/v2\/media\/160369"}],"wp:attachment":[{"href":"https:\/\/www.enerjigazetesi.ist\/en\/wp-json\/wp\/v2\/media?parent=160365"}],"wp:term":[{"taxonomy":"category","embeddable":true,"href":"https:\/\/www.enerjigazetesi.ist\/en\/wp-json\/wp\/v2\/categories?post=160365"},{"taxonomy":"post_tag","embeddable":true,"href":"https:\/\/www.enerjigazetesi.ist\/en\/wp-json\/wp\/v2\/tags?post=160365"}],"curies":[{"name":"wp","href":"https:\/\/api.w.org\/{rel}","templated":true}]}}