{"id":160348,"date":"2022-08-12T12:50:44","date_gmt":"2022-08-12T09:50:44","guid":{"rendered":"https:\/\/www.enerjigazetesi.ist\/?p=160348"},"modified":"2022-08-12T12:50:44","modified_gmt":"2022-08-12T09:50:44","slug":"dogaya-saygi-projesiyle-kirsal-kalkinma-calismalari-suruyor","status":"publish","type":"post","link":"https:\/\/www.enerjigazetesi.ist\/en\/dogaya-saygi-projesiyle-kirsal-kalkinma-calismalari-suruyor\/","title":{"rendered":"(Turkish) \u2018Do\u011faya Sayg\u0131\u2019 Projesiyle &#8216;K\u0131rsal Kalk\u0131nma&#8217; \u00c7al\u0131\u015fmalar\u0131 S\u00fcr\u00fcyor"},"content":{"rendered":"<p class=\"qtranxs-available-languages-message qtranxs-available-languages-message-en\">Sorry, this entry is only available in <a href=\"https:\/\/www.enerjigazetesi.ist\/tr\/wp-json\/wp\/v2\/posts\/160348\" class=\"qtranxs-available-language-link qtranxs-available-language-link-tr\" title=\"Turkish\">Turkish<\/a>. For the sake of viewer convenience, the content is shown below in the alternative language. You may click the link to switch the active language.<\/p><p><\/p>\n<h2><strong>OPET, \u201cDo\u011faya Sayg\u0131 Projesi\u201d kapsam\u0131nda May\u0131s ay\u0131nda yeni bir \u00e7ehreye kavu\u015fan Bay\u0131r K\u00f6y\u00fc\u2019n\u00fcn ard\u0131ndan \u00c7\u00f6kertme, Bozalan, G\u00f6kbel ve Otmanlar k\u00f6yleri i\u00e7in \u00e7al\u0131\u015fmalar\u0131na h\u0131zla devam ediyor. Proje ile ge\u00e7ti\u011fimiz y\u0131l ya\u015fanan orman yang\u0131nlar\u0131ndan zarar g\u00f6ren k\u00f6ylerde, fiziksel de\u011fi\u015fim ve rehabilitasyon \u00e7al\u0131\u015fmalar\u0131 yap\u0131l\u0131yor.<\/strong><\/h2>\n<p>\u201cOPET Do\u011faya Sayg\u0131 Projesi\u201d kapsam\u0131nda <strong>Marmaris Bay\u0131r K\u00f6y\u00fc<\/strong>\u2019n\u00fcn ard\u0131ndan\u00a0<strong>Milas\u2019a<\/strong> ba\u011fl\u0131 <strong>\u00c7\u00f6kertme, G\u00f6kbel<\/strong> ve<strong> Bozalan k\u00f6yleri<\/strong> ile K\u00f6yce\u011fiz\u2019e ba\u011fl\u0131 <strong>Otmanlar k\u00f6y\u00fc<\/strong>ndeki \u00e7al\u0131\u015fmalar h\u0131zla devam ediyor. <strong>\u00c7\u00f6kertme, G\u00f6kbel, Bozalan ve Otmanlar\u2019\u0131n<\/strong>\u00a0s\u00fcrd\u00fcr\u00fclebilir kalk\u0131nmas\u0131na destek olmay\u0131 hedefleyen\u00a0proje kapsam\u0131nda, y\u0131l sonuna kadar <strong>Marmaris Osmaniye, Bodrum P\u0131narl\u0131belen (Etrim), \u0130rmene ve \u00c7aml\u0131k k\u00f6yleri<\/strong>nde de d\u00fczenlemeler ger\u00e7ekle\u015ftirilecek.<\/p>\n<h3><strong>FARKINDALIK VE E\u011e\u0130T\u0130M \u00c7ALI\u015eMALARINA ODAKLANILIYOR<\/strong><\/h3>\n<h3><strong><img loading=\"lazy\" class=\"alignright wp-image-160350\" src=\"https:\/\/www.enerjigazetesi.ist\/wp-content\/uploads\/2022\/08\/dogaya-saygi-projesiyle-kirsal-kalkinma-calismalari-suruyor-1.jpg\" alt=\"\" width=\"320\" height=\"229\" srcset=\"https:\/\/www.enerjigazetesi.ist\/wp-content\/uploads\/2022\/08\/dogaya-saygi-projesiyle-kirsal-kalkinma-calismalari-suruyor-1.jpg 526w, https:\/\/www.enerjigazetesi.ist\/wp-content\/uploads\/2022\/08\/dogaya-saygi-projesiyle-kirsal-kalkinma-calismalari-suruyor-1-300x215.jpg 300w, https:\/\/www.enerjigazetesi.ist\/wp-content\/uploads\/2022\/08\/dogaya-saygi-projesiyle-kirsal-kalkinma-calismalari-suruyor-1-500x358.jpg 500w, https:\/\/www.enerjigazetesi.ist\/wp-content\/uploads\/2022\/08\/dogaya-saygi-projesiyle-kirsal-kalkinma-calismalari-suruyor-1-70x50.jpg 70w\" sizes=\"(max-width: 320px) 100vw, 320px\" \/><\/strong><\/h3>\n<p>Do\u011faya Sayg\u0131 Projesi kapsam\u0131ndaki \u00e7al\u0131\u015fmalar;<strong> OPET<\/strong>\u2019in koordinasyonunda <em>Mu\u011fla Valili\u011fi, Marmaris Belediyesi, Kaymakaml\u0131k, Tar\u0131m ve Orman M\u00fcd\u00fcrl\u00fc\u011f\u00fc, Karayollar\u0131 M\u00fcd\u00fcrl\u00fc\u011f\u00fc, Do\u011fa Koruma ve Milli Park M\u00fcd\u00fcrl\u00fc\u011f\u00fc, K\u00fclt\u00fcr Turizm M\u00fcd\u00fcrl\u00fc\u011f\u00fc, \u00c7evre ve \u015eehircilik M\u00fcd\u00fcrl\u00fc\u011f\u00fc, Milli Emlak M\u00fcd\u00fcrl\u00fc\u011f\u00fc, Orman B\u00f6lge M\u00fcd\u00fcrl\u00fc\u011f\u00fc, AFAD ve M\u00fcft\u00fcl\u00fck<\/em> gibi<strong> kurum<\/strong> ve <strong>kurulu\u015flarla<\/strong> i\u015f birli\u011fi ile y\u00fcr\u00fct\u00fcl\u00fcyor. <strong>K\u00f6ylerde, fiziksel de\u011fi\u015fim<\/strong> ve<strong> rehabilitasyon \u00e7al\u0131\u015fmalar\u0131n\u0131n<\/strong> yan\u0131 s\u0131ra y\u00f6re halk\u0131na y\u00f6nelik e\u011fitim programlar\u0131 d\u00fczenlenerek, <strong>ekonomik<\/strong> ve<strong> sosyo-k\u00fclt\u00fcrel geli\u015fime de<\/strong> katk\u0131 sa\u011flamak hedefleniyor. Ayr\u0131ca ya\u015fanan <strong>orman yang\u0131nlar\u0131, iklim de\u011fi\u015fikli\u011fi<\/strong> ve di\u011fer<strong> do\u011fal afetlere ili\u015fkin<\/strong> fark\u0131ndal\u0131k yaratmak i\u00e7in e\u011fitim \u00e7al\u0131\u015fmalar\u0131 yap\u0131l\u0131yor. <strong>Mu\u011fla Valili\u011fi<\/strong>\u2019ne ba\u011fl\u0131 t\u00fcm ba\u011fl\u0131 kurum ve kurulu\u015flar ile Marmaris Belediyesi\u2019nin i\u015fbirli\u011finde y\u00fcr\u00fct\u00fclen proje, ayn\u0131 zamanda Mu\u011fla S\u0131tk\u0131 Ko\u00e7man \u00dcniversitesi\u2019nin akademisyenleri <em>Prof. Dr. Sel\u00e7uk Akt\u00fcrk, Prof. Dr. Adnan Diler, Prof. Dr. Saniye Dedeo\u011flu, Prof. Dr Ummuhan G\u00f6koval\u0131, Do\u00e7. Dr \u00d6nc\u00fc Ba\u015fo\u011flan Av\u015far, Do\u00e7. Dr. Serkan Dirlik, Do\u00e7. Dr. Rah\u015fan \u0130vgin Tunca ve Dr. \u00d6\u011fretim \u00dcyesi \u0130lke Tekin\u2019den bilimsel, mimari, arkeolojik ve iktisadi<\/em> konularda dan\u0131\u015fmanl\u0131k al\u0131narak geli\u015ftiriliyor.<\/p>\n<h3><strong>\u201cSORUNLARA KALICI \u00c7\u00d6Z\u00dcMLER SUNMAYI HEDEFL\u0130YORUZ\u201d<\/strong><\/h3>\n<p><em>OPET Y\u00f6netim Kurulu Kurucu \u00dcyesi<\/em> <strong>Nurten \u00d6zt\u00fcrk<\/strong>, yaz aylar\u0131 ile birlikte <strong>orman yang\u0131nlar\u0131n\u0131n<\/strong> ve riskinin de artt\u0131\u011f\u0131na dikkat \u00e7ekerek proje ile ilgili \u015fu bilgileri verdi; <em>\u201cGe\u00e7ti\u011fimiz y\u0131l hepimizi derinden \u00fczen orman yang\u0131nlar\u0131 ne yaz\u0131k ki bu y\u0131l da baz\u0131 b\u00f6lgelerimizde ya\u015fanmaya devam ediyor. <strong>Yang\u0131nlar\u0131<\/strong> ve <strong>yang\u0131n nedeniyle<\/strong>olu\u015fabilecek zarar\u0131<strong> en aza indirmenin<\/strong> en \u00f6nemli yolu, bu konudaki fark\u0131ndal\u0131\u011f\u0131 art\u0131rmak ve bilgi sahibi olmak. <strong>Do\u011faya Sayg\u0131 projemiz<\/strong> kapsam\u0131nda bir yandan zarar g\u00f6ren k\u00f6ylerimize destek veriyor, di\u011fer yandan e\u011fitim odakl\u0131 fark\u0131ndal\u0131k \u00e7al\u0131\u015fmalar\u0131 y\u00fcr\u00fct\u00fcyoruz. Yang\u0131ndan hem ekonomik hem de fiziksel olarak zarar g\u00f6ren k\u00f6ylerimizde yeni ge\u00e7im kaynaklar\u0131 olu\u015fturmak, <strong>k\u00f6ylerimizin s\u00fcrd\u00fcr\u00fclebilir kalk\u0131nmas\u0131na destek<\/strong> olmak i\u00e7in t\u00fcm kurum ve kurulu\u015flar\u0131m\u0131zla birlikte \u00e7al\u0131\u015f\u0131yoruz. K\u00f6ylerimizin tarihine, <strong>arkeolojik, k\u00fclt\u00fcrel<\/strong> ve <strong>tar\u0131msal zenginliklerine<\/strong> dikkat \u00e7ekerek <strong>k\u00f6y halk\u0131<\/strong> ile birlikte ger\u00e7ekle\u015ftirdi\u011fimiz projemiz, <strong>Bay\u0131r K\u00f6y\u00fc<\/strong>\u2019nden sonra Milas\u2019taki <strong>\u00c7\u00f6kertme, Bozalan<\/strong> ve <strong>G\u00f6kbel K\u00f6yleri<\/strong>\u2019nde de h\u0131zla devam ediyor. <strong>T\u00fcm k\u00f6y evleri<\/strong> ve <strong>k\u00f6y meydanlar\u0131nda<\/strong> y\u00fcr\u00fctt\u00fc\u011f\u00fcm\u00fcz mimari \u00e7al\u0131\u015fmalarla k\u00f6ylerimizi yeni bir \u00e7ehreye kavu\u015ftururken, <strong>halk e\u011fitim kurslar\u0131, kooperatif\u00e7ilik, k\u00f6ylerimize \u00f6zg\u00fc \u00fcr\u00fcnlerin<\/strong> co\u011frafi i\u015faret ba\u015fvurular\u0131 k\u00f6ylerimizin s\u00fcrd\u00fcr\u00fclebilir ekonomik kalk\u0131nmas\u0131 ve \u00fclkemizin geli\u015fimi i\u00e7in \u00e7al\u0131\u015f\u0131yoruz.\u201d<\/em><\/p>","protected":false},"excerpt":{"rendered":"<p>Sorry, this entry is only available in Turkish. For the sake of viewer convenience, the content is shown below in the alternative language. You may click the link to switch the active language. OPET, \u201cDo\u011faya Sayg\u0131 Projesi\u201d kapsam\u0131nda May\u0131s ay\u0131nda yeni bir \u00e7ehreye kavu\u015fan Bay\u0131r K\u00f6y\u00fc\u2019n\u00fcn ard\u0131ndan \u00c7\u00f6kertme, Bozalan, G\u00f6kbel ve Otmanlar k\u00f6yleri i\u00e7in \u00e7al\u0131\u015fmalar\u0131na [&hellip;]<\/p>\n","protected":false},"author":1,"featured_media":160351,"comment_status":"open","ping_status":"open","sticky":false,"template":"","format":"standard","meta":[],"categories":[53],"tags":[105248,105247,105250,105251,105249,70698,1243],"views":64,"_links":{"self":[{"href":"https:\/\/www.enerjigazetesi.ist\/en\/wp-json\/wp\/v2\/posts\/160348"}],"collection":[{"href":"https:\/\/www.enerjigazetesi.ist\/en\/wp-json\/wp\/v2\/posts"}],"about":[{"href":"https:\/\/www.enerjigazetesi.ist\/en\/wp-json\/wp\/v2\/types\/post"}],"author":[{"embeddable":true,"href":"https:\/\/www.enerjigazetesi.ist\/en\/wp-json\/wp\/v2\/users\/1"}],"replies":[{"embeddable":true,"href":"https:\/\/www.enerjigazetesi.ist\/en\/wp-json\/wp\/v2\/comments?post=160348"}],"version-history":[{"count":0,"href":"https:\/\/www.enerjigazetesi.ist\/en\/wp-json\/wp\/v2\/posts\/160348\/revisions"}],"wp:featuredmedia":[{"embeddable":true,"href":"https:\/\/www.enerjigazetesi.ist\/en\/wp-json\/wp\/v2\/media\/160351"}],"wp:attachment":[{"href":"https:\/\/www.enerjigazetesi.ist\/en\/wp-json\/wp\/v2\/media?parent=160348"}],"wp:term":[{"taxonomy":"category","embeddable":true,"href":"https:\/\/www.enerjigazetesi.ist\/en\/wp-json\/wp\/v2\/categories?post=160348"},{"taxonomy":"post_tag","embeddable":true,"href":"https:\/\/www.enerjigazetesi.ist\/en\/wp-json\/wp\/v2\/tags?post=160348"}],"curies":[{"name":"wp","href":"https:\/\/api.w.org\/{rel}","templated":true}]}}