{"id":16029,"date":"2013-10-01T17:22:45","date_gmt":"2013-10-01T14:22:45","guid":{"rendered":"https:\/\/www.enerjigazetesi.ist\/?p=16029"},"modified":"2013-10-01T17:22:45","modified_gmt":"2013-10-01T14:22:45","slug":"sanayide-enerji-verimliligi-odullendiriliyor","status":"publish","type":"post","link":"https:\/\/www.enerjigazetesi.ist\/en\/sanayide-enerji-verimliligi-odullendiriliyor\/","title":{"rendered":"(Turkish) Sanayide Enerji Verimlili\u011fi \u00d6d\u00fcllendiriliyor&#8230;"},"content":{"rendered":"<p class=\"qtranxs-available-languages-message qtranxs-available-languages-message-en\">Sorry, this entry is only available in <a href=\"https:\/\/www.enerjigazetesi.ist\/tr\/wp-json\/wp\/v2\/posts\/16029\" class=\"qtranxs-available-language-link qtranxs-available-language-link-tr\" title=\"Turkish\">Turkish<\/a>. For the sake of viewer convenience, the content is shown below in the alternative language. You may click the link to switch the active language.<\/p><p><strong>1. Gaziantep Sanayide Enerji Verimlili\u011fi \u00d6d\u00fclleri bu y\u0131l ilk kez Gaziantep B\u00fcy\u00fck\u015fehir Belediyesi ve S\u00fcrd\u00fcr\u00fclebilirlik Akademisi i\u015fbirli\u011fi ile d\u00fczenleniyor.<\/strong><\/p>\n<p>\u00d6d\u00fcller Aral\u0131k ay\u0131nda ger\u00e7ekle\u015ftirilecek olan 2. Gaziantep Enerji Zirvesi&#8217;nde sahiplerini bulacak.<\/p>\n<p>Kalk\u0131nmada lider \u015fehir Gaziantep&#8217;te; B\u00fcy\u00fck\u015fehir Belediyesi ve S\u00fcrd\u00fcr\u00fclebilirlik Akademisi i\u015fbirli\u011fi ile ilki ge\u00e7ti\u011fimiz y\u0131l T.C. Enerji ve Tabii Kaynaklar Bakan\u0131 Taner Y\u0131ld\u0131z&#8217;\u0131n kat\u0131l\u0131m\u0131yla ger\u00e7ekle\u015ftirilen Enerji Zirvesi, bu y\u0131l Aral\u0131k ay\u0131nda ikinci defa d\u00fczenleniyor.<\/p>\n<p>D\u00fcnyan\u0131n en h\u0131zl\u0131 b\u00fcy\u00fcyen ilk 10 \u015fehri aras\u0131nda yer alan ve T\u00fcrkiye&#8217;nin ilk \u0130klim De\u011fi\u015fikli\u011fi Eylem Plan\u0131, Pasif Ev ve Ekolojik Kent gibi projeleriyle s\u00fcrd\u00fcr\u00fclebilirlik alan\u0131nda bir\u00e7ok ba\u015far\u0131ya imza atan Gaziantep, 2. Enerji Zirvesi ile i\u015f d\u00fcnyas\u0131n\u0131 bulu\u015fturuyor.<\/p>\n<p>Her y\u0131l tekrarlanan b\u00f6lgenin enerji alan\u0131ndaki en b\u00fcy\u00fck organizasyonunda bir ilk ya\u015fanacak ve Sanayide Enerji Verimlili\u011fi \u00d6d\u00fclleri verilecek.<\/p>\n<p>Sanayide Enerji Verimlili\u011fi \u00d6d\u00fclleri,<a href=\"https:\/\/www.enerjigazetesi.ist\/wp-content\/uploads\/2013\/10\/sanayide-enerji-verimliligi-odullendiriliyor.jpg\"><img loading=\"lazy\" class=\"alignleft size-full wp-image-16030\" title=\"sanayide-enerji-verimliligi-odullendiriliyor\" src=\"https:\/\/www.enerjigazetesi.ist\/wp-content\/uploads\/2013\/10\/sanayide-enerji-verimliligi-odullendiriliyor.jpg\" alt=\"\" width=\"282\" height=\"206\" srcset=\"https:\/\/www.enerjigazetesi.ist\/wp-content\/uploads\/2013\/10\/sanayide-enerji-verimliligi-odullendiriliyor.jpg 282w, https:\/\/www.enerjigazetesi.ist\/wp-content\/uploads\/2013\/10\/sanayide-enerji-verimliligi-odullendiriliyor-68x50.jpg 68w\" sizes=\"(max-width: 282px) 100vw, 282px\" \/><\/a> enerji politikalar\u0131 ve s\u00fcrd\u00fcr\u00fclebilir kalk\u0131nma hedefleri do\u011frultusunda b\u00f6lgenin ger\u00e7ekle\u015ftirdi\u011fi ve ger\u00e7ekle\u015ftirmeyi planlad\u0131\u011f\u0131 \u00e7ok say\u0131daki ba\u015far\u0131l\u0131 uygulamay\u0131 payla\u015fmak ve di\u011fer projelerin geli\u015ftirilmesini te\u015fvik etmek amac\u0131yla d\u00fczenleniyor.<\/p>\n<p>Yeni yat\u0131r\u0131mlar i\u00e7in \u00f6nemli bir potansiyel olu\u015fturan Gaziantep&#8217;in Sanayi Odas\u0131, Ticaret Odas\u0131 ve Organize Sanayi B\u00f6lgesi M\u00fcd\u00fcrl\u00fc\u011f\u00fc gibi kurumlar\u0131n destekleriyle ger\u00e7ekle\u015ftirilen t\u00f6rende, \u00f6d\u00fcl sahipleri, T\u00fcrkiye&#8217;nin enerji alan\u0131ndaki \u00f6nemli isimlerinden olu\u015fan j\u00fcri \u00fcyeleri taraf\u0131ndan se\u00e7ilecek.<\/p>\n<p>\u00d6d\u00fcllere ba\u015fvuru yapan i\u015fletmeler, ba\u015far\u0131l\u0131 uygulamalar\u0131 ile Gaziantep ile G\u00fcneydo\u011fu Anadolu B\u00f6lgesi&#8217;ne \u00f6rnek te\u015fkil edecek iyi uygulamalar\u0131n\u0131 payla\u015facak.<\/p>\n<p>Gaziantep B\u00fcy\u00fck\u015fehir Belediyesi ve S\u00fcrd\u00fcr\u00fclebilirlik Akademisi i\u015fbirli\u011fi ile ger\u00e7ekle\u015ftirilecek olan 1. Gaziantep Enerji Verimlili\u011fi \u00d6d\u00fclleri, Aral\u0131k ay\u0131nda ger\u00e7ekle\u015ftirilecek Gaziantep Enerji Zirvesi&#8217;nde sahiplerine takdim edilecek.<\/p>\n<p>\u00d6d\u00fcllere <strong>son \u00f6n ba\u015fvuru<\/strong> tarihi <strong>7 Kas\u0131m 2013,<\/strong> <strong>son detayl\u0131 ba\u015fvuru<\/strong> tarihi ise <strong>15 Kas\u0131m 2013&#8217;t\u00fcr<\/strong>.<\/p>\n<p>Sanayide Enerji Verimlili\u011fi \u00d6d\u00fcl t\u00f6reni ve 2. Enerji Zirvesi &#8216;karbon n\u00f6tr&#8217; olarak d\u00fczenlenecek. Zirve ve \u00f6d\u00fcl t\u00f6reni s\u00fcresince \u00fcniversite \u00f6\u011frencileri taraf\u0131ndan ortaya \u00e7\u0131kan CO2 emisyonlar\u0131 hesaplanarak Zirve&#8217;nin karbon ayak izi silinecek.<\/p>\n<p><strong><span style=\"text-decoration: underline;\">\u0130leti\u015fim i\u00e7in:<\/span><\/strong><\/p>\n<p><strong>Gaziantep B\u00fcy\u00fck\u015fehir Belediyesi<\/strong>\u00a0\u00a0\u00a0 0342 211 12 00 (1805)<\/p>\n<p><strong>S\u00fcrd\u00fcr\u00fclebilirlik Akademisi<\/strong>\u00a0\u00a0\u00a0\u00a0\u00a0\u00a0\u00a0\u00a0\u00a0\u00a0\u00a0\u00a0\u00a0\u00a00212 274 25 16<\/p>\n<p><strong><\/strong><\/p>\n<p><strong><span style=\"text-decoration: underline;\">Detayl\u0131 Bilgi ve Ba\u015fvuru Formu i\u00e7in:<\/span><\/strong><\/p>\n<p><a href=\"http:\/\/www.surdurulebilirlikakademisi.com\/site\/\">http:\/\/www.surdurulebilirlikakademisi.com\/site\/<\/a><\/p>\n<p><a href=\"http:\/\/www.gaziantep-bld.gov.tr\/index.php\">http:\/\/www.gaziantep-bld.gov.tr\/index.php<\/a><\/p>\n<p>&nbsp;<\/p>\n<p><strong>Detayl\u0131 ba\u015fvuru formu<\/strong> en ge\u00e7 <strong>15 Kas\u0131m 2013<\/strong> tarihinde <a href=\"mailto:enerjiodulu@surakademi.com\">enerjiodulu@surakademi.com<\/a> adresine iletilmelidir.<\/p>\n<p>Yay\u0131nc\u0131: <a href=\"https:\/\/www.enerjigazetesi.ist\" target=\"_blank\">Enerji Gazetesi<\/a><\/p>","protected":false},"excerpt":{"rendered":"<p>Sorry, this entry is only available in Turkish. For the sake of viewer convenience, the content is shown below in the alternative language. You may click the link to switch the active language.1. Gaziantep Sanayide Enerji Verimlili\u011fi \u00d6d\u00fclleri bu y\u0131l ilk kez Gaziantep B\u00fcy\u00fck\u015fehir Belediyesi ve S\u00fcrd\u00fcr\u00fclebilirlik Akademisi i\u015fbirli\u011fi ile d\u00fczenleniyor. \u00d6d\u00fcller Aral\u0131k ay\u0131nda ger\u00e7ekle\u015ftirilecek [&hellip;]<\/p>\n","protected":false},"author":1,"featured_media":16030,"comment_status":"open","ping_status":"open","sticky":false,"template":"","format":"standard","meta":[],"categories":[53,52],"tags":[9177,63,67,1009,165,12,996,984,9178,487,1296,1423],"views":477,"_links":{"self":[{"href":"https:\/\/www.enerjigazetesi.ist\/en\/wp-json\/wp\/v2\/posts\/16029"}],"collection":[{"href":"https:\/\/www.enerjigazetesi.ist\/en\/wp-json\/wp\/v2\/posts"}],"about":[{"href":"https:\/\/www.enerjigazetesi.ist\/en\/wp-json\/wp\/v2\/types\/post"}],"author":[{"embeddable":true,"href":"https:\/\/www.enerjigazetesi.ist\/en\/wp-json\/wp\/v2\/users\/1"}],"replies":[{"embeddable":true,"href":"https:\/\/www.enerjigazetesi.ist\/en\/wp-json\/wp\/v2\/comments?post=16029"}],"version-history":[{"count":2,"href":"https:\/\/www.enerjigazetesi.ist\/en\/wp-json\/wp\/v2\/posts\/16029\/revisions"}],"predecessor-version":[{"id":16032,"href":"https:\/\/www.enerjigazetesi.ist\/en\/wp-json\/wp\/v2\/posts\/16029\/revisions\/16032"}],"wp:featuredmedia":[{"embeddable":true,"href":"https:\/\/www.enerjigazetesi.ist\/en\/wp-json\/wp\/v2\/media\/16030"}],"wp:attachment":[{"href":"https:\/\/www.enerjigazetesi.ist\/en\/wp-json\/wp\/v2\/media?parent=16029"}],"wp:term":[{"taxonomy":"category","embeddable":true,"href":"https:\/\/www.enerjigazetesi.ist\/en\/wp-json\/wp\/v2\/categories?post=16029"},{"taxonomy":"post_tag","embeddable":true,"href":"https:\/\/www.enerjigazetesi.ist\/en\/wp-json\/wp\/v2\/tags?post=16029"}],"curies":[{"name":"wp","href":"https:\/\/api.w.org\/{rel}","templated":true}]}}