{"id":160287,"date":"2022-08-11T10:38:23","date_gmt":"2022-08-11T07:38:23","guid":{"rendered":"https:\/\/www.enerjigazetesi.ist\/?p=160287"},"modified":"2022-08-11T10:40:03","modified_gmt":"2022-08-11T07:40:03","slug":"astor-avrupa-nin-gelismis-ulkelerine-ihracatini-yuzde-25-oraninda-artiracak","status":"publish","type":"post","link":"https:\/\/www.enerjigazetesi.ist\/en\/astor-avrupa-nin-gelismis-ulkelerine-ihracatini-yuzde-25-oraninda-artiracak\/","title":{"rendered":"(Turkish) &#8217;Astor&#8217; Avrupa&#8217;n\u0131n Geli\u015fmi\u015f \u00dclkelerine \u0130hracat\u0131n\u0131 % 25 Oran\u0131nda Art\u0131racak"},"content":{"rendered":"<p class=\"qtranxs-available-languages-message qtranxs-available-languages-message-en\">Sorry, this entry is only available in <a href=\"https:\/\/www.enerjigazetesi.ist\/tr\/wp-json\/wp\/v2\/posts\/160287\" class=\"qtranxs-available-language-link qtranxs-available-language-link-tr\" title=\"Turkish\">Turkish<\/a>. For the sake of viewer convenience, the content is shown below in the alternative language. You may click the link to switch the active language.<\/p><p><\/p>\n<h2><strong>Elektromekanik imalat sanayi sekt\u00f6r\u00fc markalar\u0131ndan Astor, 5 y\u0131l i\u00e7inde ihracat\u0131n\u0131 sat\u0131\u015flar\u0131n\u0131n % 40\u2019\u0131na \u00e7\u0131karmay\u0131, Avrupa pazar\u0131nda geli\u015fmi\u015f \u00fclkelere olan ihracatlar\u0131n\u0131 ise % 25 oran\u0131nda art\u0131rmay\u0131 hedefliyor.<\/strong><\/h2>\n<p>Elektromekanik imalat sanayi sekt\u00f6r\u00fcn\u00fcn \u00f6nde gelen i\u015fletmelerinden olan Astor,<strong>\u00a0G\u00fc\u00e7 Transformat\u00f6r\u00fc, Da\u011f\u0131t\u0131m Transformat\u00f6r\u00fc, Orta ve Y\u00fcksek Gerilim Anahtarlama \u00dcr\u00fcnleri<\/strong> olmak \u00fczere <strong>Ankara\u2019daki<\/strong> fabrikas\u0131nda \u00fcretime h\u0131z kesmeden s\u00fcrd\u00fcr\u00fcrken <strong>y\u00fcksek kalitedeki \u00fcr\u00fcnlerini<\/strong> yurt i\u00e7i ve d\u0131\u015f\u0131ndaki m\u00fc\u015fterilerle bulu\u015fturuyor. D\u00fcnyan\u0131n <strong>72 \u00fclkesine<\/strong> ihracat ger\u00e7ekle\u015ftiren Astor, yeni pazarlarla beraber <strong>ihracat hacmini<\/strong> ve <strong>gelirlerini art\u0131rmay\u0131<\/strong> hedefliyor.<\/p>\n<h3><strong><img loading=\"lazy\" class=\"alignright wp-image-160289\" src=\"https:\/\/www.enerjigazetesi.ist\/wp-content\/uploads\/2022\/08\/astor-avrupa-nin-gelismis-ulkelerine-ihracatini-yuzde-25-oraninda-artiracak-1.jpg\" alt=\"astor-avrupa-nin-gelismis-ulkelerine-ihracatini-yuzde-25-oraninda-artiracak\" width=\"320\" height=\"230\" srcset=\"https:\/\/www.enerjigazetesi.ist\/wp-content\/uploads\/2022\/08\/astor-avrupa-nin-gelismis-ulkelerine-ihracatini-yuzde-25-oraninda-artiracak-1.jpg 550w, https:\/\/www.enerjigazetesi.ist\/wp-content\/uploads\/2022\/08\/astor-avrupa-nin-gelismis-ulkelerine-ihracatini-yuzde-25-oraninda-artiracak-1-300x215.jpg 300w, https:\/\/www.enerjigazetesi.ist\/wp-content\/uploads\/2022\/08\/astor-avrupa-nin-gelismis-ulkelerine-ihracatini-yuzde-25-oraninda-artiracak-1-500x359.jpg 500w, https:\/\/www.enerjigazetesi.ist\/wp-content\/uploads\/2022\/08\/astor-avrupa-nin-gelismis-ulkelerine-ihracatini-yuzde-25-oraninda-artiracak-1-70x50.jpg 70w\" sizes=\"(max-width: 320px) 100vw, 320px\" \/>5 y\u0131l i\u00e7inde ihracat\u0131n % 40 seviyesine \u00e7\u0131kar\u0131lmas\u0131 hedefleniyor<\/strong><\/h3>\n<p>\u00dclkemizin gelece\u011fi i\u00e7in ihracat\u0131n stratejik \u00f6nem ta\u015f\u0131d\u0131\u011f\u0131n\u0131 vurgulayan <strong>Astor Genel M\u00fcd\u00fcr\u00fc Enver Ge\u00e7gel,<\/strong> <em>&#8220;\u00dclke ekonomimizin b\u00fcy\u00fcmesinde \u00f6n\u00fcm\u00fczdeki en \u00f6nemli f\u0131rsat\u0131 ihracat olarak g\u00f6r\u00fcyoruz. Astor olarak <strong>\u00fclke ihracat\u0131m\u0131z\u0131n<\/strong> geli\u015fimine katk\u0131 sa\u011flamak ve <strong>ihracat hedefine yakla\u015ft\u0131rmak<\/strong> i\u00e7in var g\u00fcc\u00fcm\u00fczle \u00e7al\u0131\u015f\u0131yoruz. Her ge\u00e7en y\u0131l ihracat\u0131m\u0131z\u0131 yakla\u015f\u0131k <strong>2 kat<\/strong> art\u0131rmay\u0131 ba\u015fard\u0131k. Hedefimiz \u00f6n\u00fcm\u00fczdeki <strong>5 y\u0131l<\/strong> i\u00e7inde ihracat\u0131m\u0131z\u0131 toplam sat\u0131\u015flar\u0131m\u0131z\u0131n <strong>% 40\u2019\u0131<\/strong> seviyesine \u00e7\u0131karmak&#8221;<\/em> dedi.<\/p>\n<h3><strong>&#8216;Astor&#8217; Avrupa<\/strong> ve <strong>ABD Pazar\u0131na Odakland\u0131<\/strong><\/h3>\n<p><strong>Avrupa<\/strong> ve <strong>ABD pazar\u0131na<\/strong> odakland\u0131klar\u0131n\u0131 dile getiren <strong>Enver Ge\u00e7gel,<\/strong> <em>&#8220;\u00d6ncelikli hedefimiz Avrupa pazar\u0131nda geli\u015fmi\u015f \u00fclkelere olan ihracat\u0131m\u0131z\u0131<strong> % 25<\/strong> oran\u0131nda art\u0131rmak. Ayn\u0131 zamanda <strong>ABD pazar\u0131na<\/strong> girerek bu pazarda da emin ad\u0131mlarla b\u00fcy\u00fcmeyi ama\u00e7l\u0131yoruz. Bu y\u00f6ndeki \u00e7al\u0131\u015fmalar\u0131m\u0131z devam ediyor. \u00d6n\u00fcm\u00fczdeki <strong>5 y\u0131l<\/strong> i\u00e7inde ABD\u2019ye \u00f6nemli \u00f6l\u00e7\u00fcde ihracat yapaca\u011f\u0131m\u0131z\u0131 \u00f6ng\u00f6r\u00fcyoruz. Bununla beraber <strong>elektrik \u00fcretim, iletim ve da\u011f\u0131t\u0131m sistemlerinde<\/strong> hem<strong> verimlilik<\/strong> hem de <strong>g\u00fcvenirlik<\/strong> a\u00e7\u0131s\u0131ndan <strong>transformat\u00f6r<\/strong> ve<strong> anahtarlama \u00fcr\u00fcnlerini<\/strong> yenilemek zorunda olan \u00fclkelerin, yenileme projelerinde \u00fcr\u00fcnlerimizle yer almak da hedeflerimiz aras\u0131nda bulunuyor. Ayr\u0131ca, \u00f6zellikle <strong>yenilenebilir enerji kaynaklar\u0131<\/strong>na ba\u011fl\u0131 <strong>elektrik \u00fcretiminin<\/strong> her ge\u00e7en y\u0131l daha da kritik \u00f6neme sahip oldu\u011fu g\u00fcn\u00fcm\u00fczde, yeni yat\u0131r\u0131mlarda da ASTOR marka \u00fcr\u00fcnlerin kullan\u0131lmas\u0131 \u00f6nemli stratejilerimiz aras\u0131nda yer al\u0131yor.<\/em><\/p>\n<p><em><strong>\u00dcretim verimlilik, kalite ve kapasite art\u0131\u015flar\u0131<\/strong> i\u00e7in ise robotik \u00fcretim sistemleri ba\u015fta olmak \u00fczere ihtiya\u00e7lar\u0131 analiz ederek devam eden yat\u0131r\u0131mlar\u0131m\u0131z mevcut. Planlad\u0131\u011f\u0131m\u0131z devam eden yat\u0131r\u0131mlar\u0131m\u0131z\u0131n tamamen devreye girmesi ile \u00fcretimde <strong>kaliteyi en \u00fcst noktaya<\/strong> ta\u015f\u0131may\u0131, <strong>verimlili\u011fimizi<\/strong> ve <strong>kapasitemizi art\u0131rmay\u0131<\/strong> hedefliyoruz. Bununla birlikte \u00f6zel transformat\u00f6rlerin testlerini yapabilmek ve \u00fcretim art\u0131\u015f\u0131na ba\u011fl\u0131 olarak test ihtiya\u00e7lar\u0131n\u0131 kar\u015f\u0131layabilmek i\u00e7in <strong>yeni test laboratuvarlar\u0131 da<\/strong> <strong>yat\u0131r\u0131m plan\u0131m\u0131z<\/strong> aras\u0131nda yer al\u0131yor.\u201d dedi<\/em>.<\/p>","protected":false},"excerpt":{"rendered":"<p>Sorry, this entry is only available in Turkish. For the sake of viewer convenience, the content is shown below in the alternative language. You may click the link to switch the active language. Elektromekanik imalat sanayi sekt\u00f6r\u00fc markalar\u0131ndan Astor, 5 y\u0131l i\u00e7inde ihracat\u0131n\u0131 sat\u0131\u015flar\u0131n\u0131n % 40\u2019\u0131na \u00e7\u0131karmay\u0131, Avrupa pazar\u0131nda geli\u015fmi\u015f \u00fclkelere olan ihracatlar\u0131n\u0131 ise % [&hellip;]<\/p>\n","protected":false},"author":1,"featured_media":160290,"comment_status":"open","ping_status":"open","sticky":false,"template":"","format":"standard","meta":[],"categories":[51,53],"tags":[105221,28614,105218,26353,105216,105217,105219,105220],"views":168,"_links":{"self":[{"href":"https:\/\/www.enerjigazetesi.ist\/en\/wp-json\/wp\/v2\/posts\/160287"}],"collection":[{"href":"https:\/\/www.enerjigazetesi.ist\/en\/wp-json\/wp\/v2\/posts"}],"about":[{"href":"https:\/\/www.enerjigazetesi.ist\/en\/wp-json\/wp\/v2\/types\/post"}],"author":[{"embeddable":true,"href":"https:\/\/www.enerjigazetesi.ist\/en\/wp-json\/wp\/v2\/users\/1"}],"replies":[{"embeddable":true,"href":"https:\/\/www.enerjigazetesi.ist\/en\/wp-json\/wp\/v2\/comments?post=160287"}],"version-history":[{"count":0,"href":"https:\/\/www.enerjigazetesi.ist\/en\/wp-json\/wp\/v2\/posts\/160287\/revisions"}],"wp:featuredmedia":[{"embeddable":true,"href":"https:\/\/www.enerjigazetesi.ist\/en\/wp-json\/wp\/v2\/media\/160290"}],"wp:attachment":[{"href":"https:\/\/www.enerjigazetesi.ist\/en\/wp-json\/wp\/v2\/media?parent=160287"}],"wp:term":[{"taxonomy":"category","embeddable":true,"href":"https:\/\/www.enerjigazetesi.ist\/en\/wp-json\/wp\/v2\/categories?post=160287"},{"taxonomy":"post_tag","embeddable":true,"href":"https:\/\/www.enerjigazetesi.ist\/en\/wp-json\/wp\/v2\/tags?post=160287"}],"curies":[{"name":"wp","href":"https:\/\/api.w.org\/{rel}","templated":true}]}}