{"id":160260,"date":"2022-08-10T11:38:00","date_gmt":"2022-08-10T08:38:00","guid":{"rendered":"https:\/\/www.enerjigazetesi.ist\/?p=160260"},"modified":"2022-08-10T11:38:00","modified_gmt":"2022-08-10T08:38:00","slug":"yesil-kalkinmada-ced-te-uyulacak-idari-ve-teknik-usul-ve-esaslar-belirlendi","status":"publish","type":"post","link":"https:\/\/www.enerjigazetesi.ist\/en\/yesil-kalkinmada-ced-te-uyulacak-idari-ve-teknik-usul-ve-esaslar-belirlendi\/","title":{"rendered":"(Turkish) Ye\u015fil Kalk\u0131nmada \u00c7ED&#8217;te Uyulacak \u0130dari ve Teknik Usul ve Esaslar Belirlendi"},"content":{"rendered":"<p class=\"qtranxs-available-languages-message qtranxs-available-languages-message-en\">Sorry, this entry is only available in <a href=\"https:\/\/www.enerjigazetesi.ist\/tr\/wp-json\/wp\/v2\/posts\/160260\" class=\"qtranxs-available-language-link qtranxs-available-language-link-tr\" title=\"Turkish\">Turkish<\/a>. For the sake of viewer convenience, the content is shown below in the alternative language. You may click the link to switch the active language.<\/p><p><\/p>\n<h2><strong>\u00c7evre, \u015eehircilik ve \u0130klim De\u011fi\u015fikli\u011fi Bakanl\u0131\u011f\u0131 taraf\u0131ndan haz\u0131rlanan \u00c7evresel Etki De\u011ferlendirmesi (\u00c7ED) s\u00fcrecinde uyulacak idari ve teknik usul ve esaslar\u0131 d\u00fczenleyen y\u00f6netmelik, 29 Temmuz 2022 tarih ve 31907 say\u0131l\u0131 Resmi Gazete\u2019de yay\u0131mland\u0131.<\/strong><\/h2>\n<p>Faaliyet ve projelerin \u00e7evreye olan etkileri g\u00f6z \u00f6n\u00fcne al\u0131narak<strong> Ek-1<\/strong> ve <strong>EK-2<\/strong> Listelerinde d\u00fczenlemeler i\u00e7eren yeni y\u00f6netmelik ile <strong>\u00c7ED Raporu haz\u0131rlanmas\u0131<\/strong> zorunlu olan <strong>faaliyetlerin say\u0131s\u0131<\/strong> artt\u0131r\u0131l\u0131rken <strong>Ek-2 Listesi\u2019nde<\/strong> yer alan <strong>faaliyetlerin\/projelerin<\/strong> de \u00e7evresel etkilerinin daha kapsaml\u0131 ve detayl\u0131 <img loading=\"lazy\" class=\"alignright wp-image-160263\" src=\"https:\/\/www.enerjigazetesi.ist\/wp-content\/uploads\/2022\/08\/yesil-kalkinmada-ced-te-uyulacak-idari-ve-teknik-usul-ve-esaslar-belirlendi.jpg\" alt=\"\" width=\"320\" height=\"239\" srcset=\"https:\/\/www.enerjigazetesi.ist\/wp-content\/uploads\/2022\/08\/yesil-kalkinmada-ced-te-uyulacak-idari-ve-teknik-usul-ve-esaslar-belirlendi.jpg 550w, https:\/\/www.enerjigazetesi.ist\/wp-content\/uploads\/2022\/08\/yesil-kalkinmada-ced-te-uyulacak-idari-ve-teknik-usul-ve-esaslar-belirlendi-300x224.jpg 300w, https:\/\/www.enerjigazetesi.ist\/wp-content\/uploads\/2022\/08\/yesil-kalkinmada-ced-te-uyulacak-idari-ve-teknik-usul-ve-esaslar-belirlendi-500x373.jpg 500w, https:\/\/www.enerjigazetesi.ist\/wp-content\/uploads\/2022\/08\/yesil-kalkinmada-ced-te-uyulacak-idari-ve-teknik-usul-ve-esaslar-belirlendi-67x50.jpg 67w\" sizes=\"(max-width: 320px) 100vw, 320px\" \/>incelenmesi i\u00e7in <strong>Ek-1 Listesi\u2019nde<\/strong> yer alan faaliyetlerde\/projelerde oldu\u011fu gibi<strong> k\u00fcm\u00fclatif etki<\/strong> de\u011ferlendirmesi yap\u0131lmas\u0131, <strong>\u00e7evresel<\/strong> ve<strong> sosyal eylem plan\u0131<\/strong> haz\u0131rlanmas\u0131, <strong>s\u00fcrd\u00fcr\u00fclebilirlik<\/strong> ve <strong>\u00e7evre izleme plan\u0131 haz\u0131rlanmas\u0131<\/strong> zorunlu hale getirildi.<em> S\u0131f\u0131r At\u0131k Plan\u0131, Sera Gaz\u0131 Azalt\u0131m\u0131 Plan\u0131, \u0130klim De\u011fi\u015fikli\u011fine Etkiler, \u00c7evre \u0130zleme Plan\u0131, \u00c7evresel ve Sosyal Y\u00f6netim Plan\u0131<\/em> gibi <strong>\u201cS\u00fcrd\u00fcr\u00fclebilirlik Plan\u0131\u201d<\/strong> ba\u015fl\u0131klar\u0131n\u0131n<strong> \u00c7ED Raporlar\u0131<\/strong>\u2019nda yer almas\u0131 zorunlu hale getirildi.<\/p>\n<p><strong>&#8211; G\u00fcne\u015f enerjisi<\/strong> ile ilgili d\u00fczenlemelerde, elektriksel g\u00fc\u00e7 ifadeleri (MWe), <strong>mekanik g\u00fc\u00e7<\/strong> (MWm) olarak g\u00fcncellendi.<\/p>\n<p>&#8211; Ek-2 41. madde, Proje alan\u0131 <strong>2 hektar<\/strong> ve \u00fczerinde veya kurulu g\u00fcc\u00fc <strong>1 MWm<\/strong> ve \u00fczerinde olan \u00e7at\u0131 ve cephe sistemleri hari\u00e7 g\u00fcne\u015f enerji santralleri olarak d\u00fczenlendi.<\/p>\n<p><strong>R\u00fczgar, jeotermal<\/strong> ve<strong> hidroelektrik<\/strong> i\u00e7in d\u00fczenlemeler de i\u00e7eren y\u00f6netmelikte, y\u0131ll\u0131k olarak <strong>1.5 milyon ton<\/strong> ve \u00fczerinde <strong>karbon yakalama<\/strong> ve<strong> jeolojik depolanma projeleri<\/strong> Ek-1 kapsam\u0131nda al\u0131n\u0131rken Ek-2 ile <strong>karbon yakalama<\/strong> ve <strong>depolama<\/strong> amac\u0131yla karbondioksitin <strong>boru hatlar\u0131 ile ta\u015f\u0131nmas\u0131<\/strong> d\u00fczenlemesi de ger\u00e7ekle\u015ftirildi.<\/p>\n<p><strong>Y\u00f6netmeli\u011fin tamam\u0131na ula\u015fmak i\u00e7in <a href=\"https:\/\/www.resmigazete.gov.tr\/eskiler\/2022\/07\/20220729-2.htm\" target=\"_blank\" rel=\"nofollow noopener\">TIKLAYIN &gt;&gt;&gt;<\/a><\/strong><\/p>","protected":false},"excerpt":{"rendered":"<p>Sorry, this entry is only available in Turkish. For the sake of viewer convenience, the content is shown below in the alternative language. You may click the link to switch the active language. \u00c7evre, \u015eehircilik ve \u0130klim De\u011fi\u015fikli\u011fi Bakanl\u0131\u011f\u0131 taraf\u0131ndan haz\u0131rlanan \u00c7evresel Etki De\u011ferlendirmesi (\u00c7ED) s\u00fcrecinde uyulacak idari ve teknik usul ve esaslar\u0131 d\u00fczenleyen y\u00f6netmelik, [&hellip;]<\/p>\n","protected":false},"author":1,"featured_media":160263,"comment_status":"open","ping_status":"open","sticky":false,"template":"","format":"standard","meta":[],"categories":[51,53,52,49],"tags":[5465,105208,55844,105207,105206,105205,4033,29165],"views":281,"_links":{"self":[{"href":"https:\/\/www.enerjigazetesi.ist\/en\/wp-json\/wp\/v2\/posts\/160260"}],"collection":[{"href":"https:\/\/www.enerjigazetesi.ist\/en\/wp-json\/wp\/v2\/posts"}],"about":[{"href":"https:\/\/www.enerjigazetesi.ist\/en\/wp-json\/wp\/v2\/types\/post"}],"author":[{"embeddable":true,"href":"https:\/\/www.enerjigazetesi.ist\/en\/wp-json\/wp\/v2\/users\/1"}],"replies":[{"embeddable":true,"href":"https:\/\/www.enerjigazetesi.ist\/en\/wp-json\/wp\/v2\/comments?post=160260"}],"version-history":[{"count":0,"href":"https:\/\/www.enerjigazetesi.ist\/en\/wp-json\/wp\/v2\/posts\/160260\/revisions"}],"wp:featuredmedia":[{"embeddable":true,"href":"https:\/\/www.enerjigazetesi.ist\/en\/wp-json\/wp\/v2\/media\/160263"}],"wp:attachment":[{"href":"https:\/\/www.enerjigazetesi.ist\/en\/wp-json\/wp\/v2\/media?parent=160260"}],"wp:term":[{"taxonomy":"category","embeddable":true,"href":"https:\/\/www.enerjigazetesi.ist\/en\/wp-json\/wp\/v2\/categories?post=160260"},{"taxonomy":"post_tag","embeddable":true,"href":"https:\/\/www.enerjigazetesi.ist\/en\/wp-json\/wp\/v2\/tags?post=160260"}],"curies":[{"name":"wp","href":"https:\/\/api.w.org\/{rel}","templated":true}]}}