{"id":160226,"date":"2022-08-09T18:27:26","date_gmt":"2022-08-09T15:27:26","guid":{"rendered":"https:\/\/www.enerjigazetesi.ist\/?p=160226"},"modified":"2022-08-09T18:30:34","modified_gmt":"2022-08-09T15:30:34","slug":"cevre-ve-enerji-teknolojileri-yarismasinda-en-iyi-sunumlara-odulleri-verildi","status":"publish","type":"post","link":"https:\/\/www.enerjigazetesi.ist\/en\/cevre-ve-enerji-teknolojileri-yarismasinda-en-iyi-sunumlara-odulleri-verildi\/","title":{"rendered":"(Turkish) \u00c7evre ve Enerji Teknolojileri Yar\u0131\u015fmas\u0131nda En \u0130yi Sunumlara \u00d6d\u00fclleri Verildi"},"content":{"rendered":"<p class=\"qtranxs-available-languages-message qtranxs-available-languages-message-en\">Sorry, this entry is only available in <a href=\"https:\/\/www.enerjigazetesi.ist\/tr\/wp-json\/wp\/v2\/posts\/160226\" class=\"qtranxs-available-language-link qtranxs-available-language-link-tr\" title=\"Turkish\">Turkish<\/a>. For the sake of viewer convenience, the content is shown below in the alternative language. You may click the link to switch the active language.<\/p><p><\/p>\n<h2>SANKO Holding\u2019in y\u00fcr\u00fct\u00fcc\u00fcl\u00fc\u011f\u00fcnde ger\u00e7ekle\u015ftirilen \u201c\u00c7evre ve Enerji Teknolojileri Yar\u0131\u015fmas\u0131\u201dnda finale kalan 85 tak\u0131m Trabzon\u2019da d\u00fczenlenen finalde yar\u0131\u015ft\u0131.<\/h2>\n<p>\u00c7evre temal\u0131 haz\u0131rlanan yar\u0131\u015fmada, <strong>8 bin 778 proje<\/strong> aras\u0131ndan se\u00e7ilerek finale kalan<strong> 85 tak\u0131m<\/strong> (377 \u00f6\u011frenci), projelerini j\u00fcri \u00f6n\u00fcnde sunma heyecan\u0131 ya\u015farken,<strong> 7 dalda<\/strong> d\u00fczenlenen ve <strong>3 g\u00fcn<\/strong> s\u00fcren yar\u0131\u015flar d\u00fczenlenen <strong>\u00f6d\u00fcl t\u00f6reniyle<\/strong> tamamland\u0131.<\/p>\n<p>\u00c7evre ve Enerji Teknolojileri Yar\u0131\u015fmas\u0131\u2019nda <strong>lise kategorisi<\/strong>nde <strong>en iyi sunum \u00f6d\u00fcl\u00fc<\/strong>ne de\u011fer g\u00f6r\u00fclen <strong>Antitoksik Tak\u0131m\u0131<\/strong> ile <strong>\u00fcniversite<\/strong> ve <strong>\u00fczeri kategorisinden<\/strong> en iyi sunum \u00f6d\u00fcl\u00fcn\u00fc kazanan <strong>SU-T4E tak\u0131m\u0131<\/strong>na \u00f6d\u00fcllerini Trabzon Valisi<strong> \u0130smail Ustao\u011flu<\/strong>, B\u00fcy\u00fck\u015fehir Belediye Ba\u015fkan\u0131 <strong>Murat Zorluo\u011flu<\/strong>,\u00a0TEKNOFEST Genel Sekreteri ve T3 Vakf\u0131 M\u00fcd\u00fcr\u00fc<strong> \u00d6mer K\u00f6k\u00e7am<\/strong> ile SANKO Holding Bilgi Teknolojileri Koordinat\u00f6r\u00fc <strong>K\u00f6ksal K\u00fc\u00e7\u00fckada<\/strong> birlikte takdim ettiler.<\/p>\n<h3><strong>R\u00fczgar T\u00fcrbinlerinde Buzlanma \u00d6nleyici Proje Be\u011feni Kazand\u0131<\/strong><\/h3>\n<p>\u0130ran\u2019dan e\u011fitim i\u00e7in T\u00fcrkiye\u2019ye gelen ve e\u011fitimlerine <strong>Sabanc\u0131 \u00dcniversitesi<\/strong>\u2019nde devam eden <strong>Shaghayegh Saeidiharzand<\/strong> ve <strong>Dr. Abdoali Sadaghiani<\/strong>\u2019nin geli\u015ftirdi\u011fi <strong>R\u00fczgar T\u00fcrbinleri<\/strong> \u0130\u00e7in <em>Buzlanma \u00d6nleyici Proje \u00dcniversite<\/em> ve \u00dczeri Seviyesinde <strong>en iyi sunum \u00f6d\u00fcl\u00fcne<\/strong> de\u011fer g\u00f6r\u00fcld\u00fc.<em><img loading=\"lazy\" class=\"alignright wp-image-160228\" src=\"https:\/\/www.enerjigazetesi.ist\/wp-content\/uploads\/2022\/08\/ruzgar-turbini.jpg\" alt=\"\" width=\"320\" height=\"214\" srcset=\"https:\/\/www.enerjigazetesi.ist\/wp-content\/uploads\/2022\/08\/ruzgar-turbini.jpg 550w, https:\/\/www.enerjigazetesi.ist\/wp-content\/uploads\/2022\/08\/ruzgar-turbini-300x200.jpg 300w, https:\/\/www.enerjigazetesi.ist\/wp-content\/uploads\/2022\/08\/ruzgar-turbini-500x334.jpg 500w, https:\/\/www.enerjigazetesi.ist\/wp-content\/uploads\/2022\/08\/ruzgar-turbini-75x50.jpg 75w, https:\/\/www.enerjigazetesi.ist\/wp-content\/uploads\/2022\/08\/ruzgar-turbini-450x300.jpg 450w\" sizes=\"(max-width: 320px) 100vw, 320px\" \/><\/em><\/p>\n<p><strong>Buzlanman\u0131n r\u00fczgar t\u00fcrbinleri<\/strong>nin performans\u0131n\u0131 <strong>% 20- 50<\/strong> aras\u0131nda d\u00fc\u015f\u00fcrd\u00fc\u011f\u00fcn\u00fc an\u0131msatan <strong>Shaghayegh Saeidiharzand<\/strong>, projeyle ilgili <span style=\"text-decoration: underline;\">\u015fu bilgileri payla\u015ft\u0131:<\/span><\/p>\n<p><em>&#8220;R\u00fczgar t\u00fcrbinlerinde olu\u015fan <strong>buzlanma enerji verimlili\u011fini<\/strong> d\u00fc\u015f\u00fcr\u00fcyor. Ayn\u0131 zamanda <strong>Buzlanma t\u00fcrbin kanatlar\u0131nda<\/strong> y\u0131pranmaya yol a\u00e7t\u0131\u011f\u0131 i\u00e7in \u00e7evreye de zarar veriyor. Kaplama sayesinde hem <strong>malzemeleri koruyoruz<\/strong> hem de <strong>\u00e7evre kirlili\u011fini<\/strong> \u00f6nl\u00fcyoruz.<\/em><\/p>\n<p><em><strong>S\u00fcper hidrofobik<\/strong> ve<strong> ya\u011flanm\u0131\u015f ince bir nanokaplama<\/strong> geli\u015ftirdik. \u00c7al\u0131\u015fmalar\u0131m\u0131za g\u00f6re \u00e7ok olumlu sonu\u00e7lar elde ettik. En iyi sunum \u00f6d\u00fcl\u00fcn\u00fc ald\u0131\u011f\u0131m\u0131z i\u00e7in mutluyuz. \u0130nsanl\u0131\u011fa faydal\u0131 olacak projelerimizi destekleyen SANKO Ailesine, proje tak\u0131m\u0131nda yer alan de\u011ferli hocalar\u0131m\u0131z Prof. Ali Ko\u015far ile Do\u00e7. Dr. Alp Y\u00fcr\u00fcm ve TEKNOFEST ekibine te\u015fekk\u00fcr ediyoruz.&#8221;<\/em><\/p>\n<h3><strong>Liseli \u00d6\u011frencilerden Olta Bal\u0131k\u00e7\u0131lar\u0131 \u0130\u00e7in \u00c7evre Dostu A\u011f\u0131rl\u0131k<\/strong><\/h3>\n<p>\u0130zmir \u00d6zel Eraslan Anadolu Lisesi <strong>12\u2019nci s\u0131n\u0131f<\/strong> \u00f6\u011frencileri <strong>Ada Demir<\/strong> ve <strong>Zeren Kaynak<\/strong>\u2019\u0131n dan\u0131\u015fman <img loading=\"lazy\" class=\"alignleft wp-image-160229\" src=\"https:\/\/www.enerjigazetesi.ist\/wp-content\/uploads\/2022\/08\/olta-balikciligi-cevre-dostu-agirlik.jpg\" alt=\"\" width=\"320\" height=\"214\" srcset=\"https:\/\/www.enerjigazetesi.ist\/wp-content\/uploads\/2022\/08\/olta-balikciligi-cevre-dostu-agirlik.jpg 550w, https:\/\/www.enerjigazetesi.ist\/wp-content\/uploads\/2022\/08\/olta-balikciligi-cevre-dostu-agirlik-300x200.jpg 300w, https:\/\/www.enerjigazetesi.ist\/wp-content\/uploads\/2022\/08\/olta-balikciligi-cevre-dostu-agirlik-500x334.jpg 500w, https:\/\/www.enerjigazetesi.ist\/wp-content\/uploads\/2022\/08\/olta-balikciligi-cevre-dostu-agirlik-75x50.jpg 75w, https:\/\/www.enerjigazetesi.ist\/wp-content\/uploads\/2022\/08\/olta-balikciligi-cevre-dostu-agirlik-450x300.jpg 450w\" sizes=\"(max-width: 320px) 100vw, 320px\" \/>\u00f6\u011fretmenleri <strong>Muhammet \u00c7oruh rehberli\u011finde<\/strong> haz\u0131rlad\u0131klar\u0131 <strong>Olta Bal\u0131k\u00e7\u0131lar\u0131 \u0130\u00e7in \u00c7evre Dostu A\u011f\u0131rl\u0131k projesi<\/strong> de j\u00fcri de\u011ferlendirmesi sonucunda <strong>Lise Seviyesinde<\/strong> en iyi sunum \u00f6d\u00fcl\u00fc ald\u0131.<\/p>\n<p><strong>Olta bal\u0131k\u00e7\u0131lar\u0131n\u0131n<\/strong> a\u011f\u0131rl\u0131k olarak kulland\u0131\u011f\u0131 <strong>a\u011f\u0131r metal<\/strong> olan ekosisteme ve canl\u0131 ya\u015fam\u0131na<strong> toksik etki<\/strong> g\u00f6steren <strong>kur\u015funa alternatif<\/strong> olarak <strong>\u00e7evre dostu, m\u0131knat\u0131s yard\u0131m\u0131<\/strong> ile <strong>geri toplanabilen galvaniz kaplama<\/strong> ile korozyonu \u00f6nleyen ve <strong>en az 10 y\u0131l<\/strong> paslanmayan demirden yap\u0131lm\u0131\u015f \u00fcr\u00fcnler elde ettiklerini anlatan <strong>Ada Demir<\/strong>, yap\u0131lan <strong>viskozite, manyetizma<\/strong> ve <strong>tuzlu suda bekletme deneyleri<\/strong> sonucunda bal\u0131k\u00e7\u0131 kur\u015funu yerine ayn\u0131 verimi alarak kullan\u0131labilece\u011fini g\u00f6zlediklerini s\u00f6yledi.<\/p>\n<h3><strong>Yenilik\u00e7i Fikirlerin Geli\u015ftirilmesi Hedefleniyor<\/strong><\/h3>\n<p><strong>\u00c7evre ve Enerji Teknolojileri Yar\u0131\u015fmas\u0131<\/strong> ile toplumda <strong>yenilenebilir enerji kaynaklar\u0131<\/strong>n\u0131n kullan\u0131m\u0131 ve <strong>enerji verimlili\u011fi<\/strong> k\u00fclt\u00fcr\u00fc olu\u015fturulmas\u0131, <strong>verimlilik<\/strong> ve<strong> \u00e7evre<\/strong> konular\u0131nda fark\u0131ndal\u0131\u011f\u0131n art\u0131r\u0131larak <strong>yenilik\u00e7i<\/strong> ve <strong>teknolojik fikirlerin geli\u015ftirilmesi<\/strong> hedefleniyor.<\/p>","protected":false},"excerpt":{"rendered":"<p>Sorry, this entry is only available in Turkish. For the sake of viewer convenience, the content is shown below in the alternative language. You may click the link to switch the active language. SANKO Holding\u2019in y\u00fcr\u00fct\u00fcc\u00fcl\u00fc\u011f\u00fcnde ger\u00e7ekle\u015ftirilen \u201c\u00c7evre ve Enerji Teknolojileri Yar\u0131\u015fmas\u0131\u201dnda finale kalan 85 tak\u0131m Trabzon\u2019da d\u00fczenlenen finalde yar\u0131\u015ft\u0131. \u00c7evre temal\u0131 haz\u0131rlanan yar\u0131\u015fmada, 8 [&hellip;]<\/p>\n","protected":false},"author":1,"featured_media":160230,"comment_status":"open","ping_status":"open","sticky":false,"template":"","format":"standard","meta":[],"categories":[51,53,50],"tags":[105195,80005,105196,25056,56602,79965],"views":721,"_links":{"self":[{"href":"https:\/\/www.enerjigazetesi.ist\/en\/wp-json\/wp\/v2\/posts\/160226"}],"collection":[{"href":"https:\/\/www.enerjigazetesi.ist\/en\/wp-json\/wp\/v2\/posts"}],"about":[{"href":"https:\/\/www.enerjigazetesi.ist\/en\/wp-json\/wp\/v2\/types\/post"}],"author":[{"embeddable":true,"href":"https:\/\/www.enerjigazetesi.ist\/en\/wp-json\/wp\/v2\/users\/1"}],"replies":[{"embeddable":true,"href":"https:\/\/www.enerjigazetesi.ist\/en\/wp-json\/wp\/v2\/comments?post=160226"}],"version-history":[{"count":0,"href":"https:\/\/www.enerjigazetesi.ist\/en\/wp-json\/wp\/v2\/posts\/160226\/revisions"}],"wp:featuredmedia":[{"embeddable":true,"href":"https:\/\/www.enerjigazetesi.ist\/en\/wp-json\/wp\/v2\/media\/160230"}],"wp:attachment":[{"href":"https:\/\/www.enerjigazetesi.ist\/en\/wp-json\/wp\/v2\/media?parent=160226"}],"wp:term":[{"taxonomy":"category","embeddable":true,"href":"https:\/\/www.enerjigazetesi.ist\/en\/wp-json\/wp\/v2\/categories?post=160226"},{"taxonomy":"post_tag","embeddable":true,"href":"https:\/\/www.enerjigazetesi.ist\/en\/wp-json\/wp\/v2\/tags?post=160226"}],"curies":[{"name":"wp","href":"https:\/\/api.w.org\/{rel}","templated":true}]}}