{"id":160164,"date":"2022-08-08T22:19:08","date_gmt":"2022-08-08T19:19:08","guid":{"rendered":"https:\/\/www.enerjigazetesi.ist\/?p=160164"},"modified":"2022-08-08T23:04:59","modified_gmt":"2022-08-08T20:04:59","slug":"kadin-girisimci-destegi-ile-kadin-girisimcilere-151-milyar-tl-destek-verildi","status":"publish","type":"post","link":"https:\/\/www.enerjigazetesi.ist\/en\/kadin-girisimci-destegi-ile-kadin-girisimcilere-151-milyar-tl-destek-verildi\/","title":{"rendered":"(Turkish) Kad\u0131n Giri\u015fimci Deste\u011fiyle Kad\u0131n Giri\u015fimcilere 15,1 Milyar TL Destek Verildi"},"content":{"rendered":"<p class=\"qtranxs-available-languages-message qtranxs-available-languages-message-en\">Sorry, this entry is only available in <a href=\"https:\/\/www.enerjigazetesi.ist\/tr\/wp-json\/wp\/v2\/posts\/160164\" class=\"qtranxs-available-language-link qtranxs-available-language-link-tr\" title=\"Turkish\">Turkish<\/a>. For the sake of viewer convenience, the content is shown below in the alternative language. You may click the link to switch the active language.<\/p><p><\/p>\n<h2>Halkbank&#8217;\u0131n kad\u0131n giri\u015fimcilerle bir araya gelmek ve onlara yeni i\u015f alanlar\u0131ndaki f\u0131rsatlar\u0131 tan\u0131tmak \u00fczere hayata ge\u00e7irdi\u011fi \u00dcreten Kad\u0131nlar Bulu\u015fmalar\u0131, Rize&#8217;de devam etti.<\/h2>\n<p><strong>Gen\u00e7 Giri\u015fimci Destek Paketi<\/strong>\u2019nden faydalanan giri\u015fimci kad\u0131nlara \u00fcretkenliklerini desteklemek amac\u0131yla kredilerinin sembolik olarak takdim edildi\u011fi bulu\u015fmada, <strong>\u201cMarka Kooperatifler\u201d<\/strong> ve <strong>\u201c\u0130lham Veren Kad\u0131nlar\u201d<\/strong> panelleri d\u00fczenlendi.<\/p>\n<p><img loading=\"lazy\" class=\"alignright wp-image-160177\" src=\"https:\/\/www.enerjigazetesi.ist\/wp-content\/uploads\/2022\/08\/enerji-nin-yeni-krali-gunes-enerjisi.jpg\" alt=\"\" width=\"320\" height=\"242\" srcset=\"https:\/\/www.enerjigazetesi.ist\/wp-content\/uploads\/2022\/08\/enerji-nin-yeni-krali-gunes-enerjisi.jpg 550w, https:\/\/www.enerjigazetesi.ist\/wp-content\/uploads\/2022\/08\/enerji-nin-yeni-krali-gunes-enerjisi-300x227.jpg 300w, https:\/\/www.enerjigazetesi.ist\/wp-content\/uploads\/2022\/08\/enerji-nin-yeni-krali-gunes-enerjisi-500x378.jpg 500w, https:\/\/www.enerjigazetesi.ist\/wp-content\/uploads\/2022\/08\/enerji-nin-yeni-krali-gunes-enerjisi-66x50.jpg 66w\" sizes=\"(max-width: 320px) 100vw, 320px\" \/>Kad\u0131n giri\u015fimcileri dinlemeyi, talep ve ihtiya\u00e7lar\u0131n\u0131 anlamay\u0131 ve kendi \u00e7\u00f6z\u00fcm \u00f6nerilerini payla\u015fmay\u0131 hedeflediklerini belirten\u00a0<strong>Halkbank Genel M\u00fcd\u00fcr\u00fc Osman Arslan<\/strong>\u00a0<span style=\"text-decoration: underline;\">\u015funlar\u0131 s\u00f6yledi:<\/span><\/p>\n<p><em>\u201cSahada olmak, m\u00fc\u015fterilerimize yak\u0131nl\u0131k, samimiyet ve s\u0131cakl\u0131k her zaman \u00f6nceli\u011fimiz olmu\u015ftur. \u00a0Bug\u00fcn bizleri bir araya getiren etkinlik dizisine, ge\u00e7ti\u011fimiz y\u0131l D\u00fcnya Kad\u0131nlar G\u00fcn\u00fc\u2019nde duyurdu\u011fumuz ve kad\u0131n giri\u015fimcilere uygun ko\u015fullarda finansman sa\u011flamay\u0131 hedefledi\u011fimiz<strong> Kad\u0131n Giri\u015fimci Kredi Destek Paketi<\/strong>miz vesile oldu. Kad\u0131nlar\u0131 i\u015f ya\u015fam\u0131na kat\u0131l\u0131m konusunda te\u015fvik etmek, onlar\u0131 birer giri\u015fimci olarak hayallerine ko\u015farken desteklemek amac\u0131yla \u00e7\u0131kt\u0131\u011f\u0131m\u0131z bu yolda, \u00e7ok k\u0131sa s\u00fcre i\u00e7inde b\u00fcy\u00fck mesafe kat ettik. T\u00fcrkiye genelinde <strong>132 bine yak\u0131n kad\u0131n giri\u015fimciye<\/strong> deste\u011fimizi ula\u015ft\u0131rd\u0131k. T\u00fcm bu i\u015flemler sonucunda <strong>15,1 milyar TL<\/strong>&#8216;yi hay\u0131rlara vesile olaca\u011f\u0131na inand\u0131\u011f\u0131m\u0131z giri\u015fimler i\u00e7in<strong> kredi<\/strong> olarak kulland\u0131rd\u0131k. Bu \u00e7al\u0131\u015fmalar\u0131n meyvelerini hep birlikte toplayaca\u011f\u0131m\u0131za ve \u00fclkemiz insanlar\u0131n\u0131n ya\u015famlar\u0131na de\u011fer katacak <strong>giri\u015fimler kazand\u0131raca\u011f\u0131m\u0131za<\/strong> inan\u0131yorum.\u201d<\/em><\/p>\n<p><strong>\u201cDo\u011fu Karadeniz\u2019de 6 bine yak\u0131n kad\u0131n giri\u015fimciye 606 milyon TL kredi kulland\u0131rd\u0131k\u201d<\/strong><\/p>\n<p>Halkbank&#8217;\u0131n Do\u011fu Karadeniz b\u00f6lgesinde<strong> 52<\/strong> \u015fubeyle faaliyet g\u00f6sterdi\u011fi ve toplam <strong>737 ki\u015fiyi<\/strong> istihdam etti\u011fi bilgilerini veren\u00a0<strong>Arslan<\/strong>\u00a0<span style=\"text-decoration: underline;\">\u015funlar\u0131 ifade etti:<\/span><\/p>\n<p><em>\u201cB\u00f6lge&#8217;nin ekonomik geli\u015fimine b\u00fcy\u00fck \u00f6nem veren bankam\u0131z, bu b\u00f6lgede sosyal ya\u015fam\u0131 \u00e7ok iyi tan\u0131yan ekiplerle \u00e7al\u0131\u015fmaktad\u0131r. B\u00f6lgedeki i\u015fletmelere \u00f6zel \u00e7\u00f6z\u00fcmler geli\u015ftiren saha arkada\u015flar\u0131m\u0131z, ekonomik canl\u0131l\u0131\u011f\u0131 devam ettirmek \u00fczere <strong>esnaf<\/strong> ve<strong> KOB\u0130\u2019lerin finansal ihtiya\u00e7lar\u0131na<\/strong> uygun ko\u015fullarda \u00e7\u00f6z\u00fcm sa\u011flayabilmek i\u00e7in canla ba\u015fla \u00e7al\u0131\u015fmaktad\u0131r. Karadeniz b\u00f6lgesinde yo\u011fun \u00e7al\u0131\u015ft\u0131\u011f\u0131m\u0131z alanlardan biri de kad\u0131n giri\u015fimcilerdir. Bug\u00fcne kadar y\u00fcr\u00fctt\u00fc\u011f\u00fcm\u00fcz \u00e7al\u0131\u015fmalar\u0131n sonucunda, Do\u011fu Karadeniz B\u00f6lgesi&#8217;nde <strong>6 bine yak\u0131n kad\u0131n giri\u015fimci<\/strong>, verdi\u011fimiz desteklerden yararlanm\u0131\u015ft\u0131r. Hayallerine ortak olmaktan b\u00fcy\u00fck mutluluk duydu\u011fumuz bu giri\u015fimcilerin toplam kredi hacmi de <strong>606 milyon TL<\/strong>&#8216;yi a\u015fm\u0131\u015ft\u0131r.\u201d<\/em><\/p>\n<p><strong>Arslan,\u00a0<\/strong>verdikleri kredilerin hangi i\u015flemlerde kullan\u0131ld\u0131\u011f\u0131na, i\u015fletmenin ve T\u00fcrkiye ekonomisinin b\u00fcy\u00fcmesine ne gibi katk\u0131lar sa\u011flad\u0131\u011f\u0131na \u00e7ok \u00f6nem verdiklerini belirterek \u015funlar\u0131 s\u00f6yledi:<\/p>\n<p><em>\u201cBu konuda yapt\u0131\u011f\u0131m\u0131z \u00e7al\u0131\u015fmalarda; sa\u011flad\u0131\u011f\u0131m\u0131z kredilerin \u00f6ncelikli olarak i\u015fletme bor\u00e7lar\u0131n\u0131 \u00f6demede kullan\u0131ld\u0131\u011f\u0131n\u0131 g\u00f6r\u00fcyoruz. Bu verinin, bankam\u0131z\u0131n \u00e7al\u0131\u015fmalar\u0131n\u0131n \u00fclkemizde \u00e7arklar\u0131n d\u00f6nmeye devam etmesi ve her t\u00fcrl\u00fc ekonomik ko\u015fulda istihdam\u0131n s\u00fcrmesi bak\u0131m\u0131ndan \u00f6nemini bir kez daha ortaya koydu\u011funa inan\u0131yoruz. Bunun yan\u0131nda \u00fcretim kapasitesi art\u0131rma,<strong> yeni ekipman yat\u0131r\u0131m\u0131<\/strong> ve <strong>\u00fcr\u00fcn geli\u015ftirme<\/strong> gibi i\u015fletmelerin katma de\u011fer \u00fcretimini destekleyen alanlarda da bir yo\u011funla\u015fma olmas\u0131ndan memnunuz. <strong>Ba\u015flang\u0131\u00e7 sermayesi<\/strong> olarak bu deste\u011fi kullanan t\u00fcm giri\u015fimcilere de yollar\u0131n\u0131n a\u00e7\u0131k olmas\u0131n\u0131 diliyoruz.\u201d\u00a0<\/em><\/p>\n<p><strong>Arslan<\/strong>, kad\u0131n giri\u015fimcili\u011fine katk\u0131 sa\u011flayaca\u011f\u0131na inand\u0131klar\u0131 bir \u00fcr\u00fcn\u00fcn\u00fcn de Paraf \u00dcreten Kad\u0131n Kredi Kart\u0131 oldu\u011funu ifade ederek,\u00a0<em>\u201cBu \u00fcr\u00fcn\u00fc, <strong>8 Mart D\u00fcnya Kad\u0131nlar G\u00fcn\u00fc<\/strong>\u2019nde ilk kez tan\u0131tt\u0131k. K\u0131sa s\u00fcre i\u00e7inde de b\u00fcy\u00fck talep ald\u0131k.\u00a0P<strong>araf \u00dcreten Kad\u0131n Kredi Kart\u0131m\u0131z<\/strong> ile kad\u0131n giri\u015fimcilere \u00fccretsiz, faizsiz <strong>5 taksit imkan\u0131<\/strong> sunuyoruz.\u00a0<strong>Kad\u0131n giri\u015fimcilere \u00f6zel<\/strong> kredi kart\u0131m\u0131z\u0131n sa\u011flad\u0131\u011f\u0131 avantajlar\u0131 \u00f6zel g\u00fcnlerde ilave paraf para ile geni\u015fletmeyi hedefliyoruz.\u201d<\/em> ifadelerini kulland\u0131.<\/p>\n<h3><strong>\u201cKooperatiflerde markala\u015fman\u0131n \u00f6n planda olmas\u0131 gerekti\u011fine inan\u0131yoruz\u201d<\/strong><\/h3>\n<p>Ge\u00e7ti\u011fimiz y\u0131l T\u00fcrkiye\u2019deki kad\u0131n kooperatiflerine y\u00f6nelik bir saha \u00e7al\u0131\u015fmas\u0131n\u0131 ger\u00e7ekle\u015ftirdiklerini ve bu \u00e7al\u0131\u015fmalardaki g\u00f6zlemlerimizden yola \u00e7\u0131karak Kad\u0131n Kooperatifleri Destek Paketi\u2019ni hayata ge\u00e7irdiklerini belirten\u00a0<strong>Arslan<\/strong>\u00a0<span style=\"text-decoration: underline;\">\u015funlar\u0131 s\u00f6yledi:<\/span><\/p>\n<p><em>\u201cKooperatiflerde markala\u015fman\u0131n \u00f6n planda olmas\u0131 gerekti\u011fine inanarak bu y\u0131lki bulu\u015fmalar\u0131m\u0131zda kooperatif temsilcilerimiz ile bir araya geliyor; onlarla markala\u015fma, pazarlama ve sosyal medya konular\u0131nda e\u011fitim ve bilgilendirme \u00e7al\u0131\u015fmalar\u0131 yap\u0131yoruz. Etkinliklerimizde <strong>kooperatiflerimiz<\/strong>, stantlar\u0131n\u0131 a\u00e7arak <strong>el eme\u011fi \u00fcr\u00fcnlerini<\/strong> kat\u0131l\u0131mc\u0131lara sergileme f\u0131rsat\u0131 bulmaktad\u0131r. Kooperatiflere \u00e7\u0131kt\u0131klar\u0131 bu yolda ba\u015far\u0131lar dilerim. \u0130\u015f ya\u015fam\u0131na kat\u0131lan kad\u0131nlar\u0131n, <strong>g\u00fcnl\u00fck becerileri<\/strong> kadar <strong>teoride bilgi sahibi olmalar\u0131<\/strong> da bizim i\u00e7in \u00e7ok \u00f6nemlidir. Bu nedenle kad\u0131n giri\u015fimcilerin e\u011fitim ihtiya\u00e7lar\u0131n\u0131 kar\u015f\u0131lamak ve her an bilgiye ula\u015fabilmeleri amac\u0131yla \u00dcreten Kad\u0131nlar Akademisi\u2019ni hayata ge\u00e7irdik. Online ula\u015f\u0131labilen <strong>\u00dcreten Kad\u0131nlar Akademisi<\/strong>\u2019nde \u015fu an <strong>130\u2019dan fazla<\/strong> e\u011fitim bulunmaktad\u0131r. <strong>Nakit ak\u0131\u015f y\u00f6netiminden sat\u0131\u015f-pazarlama tekniklerine, marka y\u00f6netiminden dijitalle\u015fme <\/strong>ve <strong>e-ticaret uygulamalar\u0131na<\/strong> dek giri\u015fimcilerin ihtiya\u00e7 duyabilece\u011fi t\u00fcm konulara yer verilmektedir.\u201d<\/em><\/p>\n<h3><strong>Halkbank\u2019tan giri\u015fimci gen\u00e7lere azami 350 bin TL\u2019ye kadar gen\u00e7 giri\u015fimci kredisi<\/strong><\/h3>\n<p>Halkbank kad\u0131nlara y\u00f6nelik bu \u00e7al\u0131\u015fmalar\u0131n yan\u0131nda, gelece\u011fe \u0131\u015f\u0131k olan t\u00fcm gen\u00e7lerin i\u015f hayat\u0131nda var olmalar\u0131 ve varl\u0131klar\u0131n\u0131 s\u00fcrd\u00fcrebilmeleri amac\u0131yla da destekler veriyor. <strong>\u00dcniversite mezunu<\/strong>, mezun oldu\u011fu b\u00f6l\u00fcmle ilgili herhangi bir <strong>i\u015f tecr\u00fcbesi olmayan<\/strong> ve bu alanda<strong> kendi i\u015fini kurmak<\/strong> isteyen veya <strong>kendi i\u015fini kurmu\u015f<\/strong> olan gen\u00e7lerimizin desteklenmesini hedefleyen banka, <strong>35 ya\u015f\u0131n\u0131 a\u015fmam\u0131\u015f<\/strong> giri\u015fimcilere y\u00f6nelik gen\u00e7 giri\u015fimci kredisini, azami <strong>350 bin TL<\/strong> limitle ve <strong>60 aya varan<\/strong> vade f\u0131rsat\u0131yla sunuyor.<\/p>\n<h3><strong>\u201cMarka Kooperatifler\u201d ve \u201c\u0130lham Veren Kad\u0131nlar\u201d panelleri ile \u00f6rnek ba\u015far\u0131 hik\u00e2yeleri payla\u015f\u0131ld\u0131<\/strong><\/h3>\n<p>Halkbank \u00dcreten Kad\u0131nlar Rize Bulu\u015fmas\u0131\u2019nda <strong>\u201cMarka Kooperatifler\u201d<\/strong> ve <strong>\u201c\u0130lham Veren Kad\u0131nlar\u201d<\/strong> panelleri d\u00fczenlendi. Ebru Erke moderat\u00f6rl\u00fc\u011f\u00fcnde ger\u00e7ekle\u015fen \u201cMarka Kooperatifler\u201d panelinde, ba\u015far\u0131 elde etmi\u015f kad\u0131n kooperatiflerinin temsilcileri deneyimlerini aktard\u0131. <em>Ordu Kad\u0131n Eme\u011fi Kad\u0131n Giri\u015fimi \u00dcretimi ve \u0130\u015fletme Kooperatifi Y\u00f6netim Kurulu Ba\u015fkan\u0131 Nurcan Kocamano\u011flu, Hopa Kad\u0131n Giri\u015fimi ve \u0130\u015fletme Kooperatifi Y\u00f6netim Kurulu Ba\u015fkan\u0131 Neziha Topalo\u011flu ve Kad\u0131nlar Dokuyor Kad\u0131n Giri\u015fimi \u00dcretim ve \u0130\u015fletme Kooperatifi Y\u00f6netim Kurulu Ba\u015fkan\u0131 Sibel Toy<\/em> panelin konu\u015fmac\u0131lar\u0131 aras\u0131nda yer ald\u0131lar.<\/p>\n<p><strong>Zeynep T\u00fcrko\u011flu<\/strong> moderat\u00f6rl\u00fc\u011f\u00fcnde d\u00fczenlenen \u201c\u0130lham Veren Kad\u0131nlar\u201d paneline ise;<em> Do\u011fu\u015f \u00c7ay Y\u00f6netim Kurulu \u00dcyesi Harika Karakan Batall\u0131, TT Farm Y\u00f6netim Kurulu Ba\u015fkan\u0131 Elif \u00c7ak\u0131ro\u011flu ve Kral Pestil K\u00f6me Y\u00f6netim Kurulu Ba\u015fkan\u0131 Nurcan \u00d6zdemir<\/em> konu\u015fmac\u0131 olarak kat\u0131ld\u0131.<\/p>","protected":false},"excerpt":{"rendered":"<p>Sorry, this entry is only available in Turkish. For the sake of viewer convenience, the content is shown below in the alternative language. You may click the link to switch the active language. Halkbank&#8217;\u0131n kad\u0131n giri\u015fimcilerle bir araya gelmek ve onlara yeni i\u015f alanlar\u0131ndaki f\u0131rsatlar\u0131 tan\u0131tmak \u00fczere hayata ge\u00e7irdi\u011fi \u00dcreten Kad\u0131nlar Bulu\u015fmalar\u0131, Rize&#8217;de devam etti. [&hellip;]<\/p>\n","protected":false},"author":1,"featured_media":160171,"comment_status":"open","ping_status":"open","sticky":false,"template":"","format":"standard","meta":[],"categories":[53,157],"tags":[105180,5351,105178,105181,63728,93532,105179],"views":96,"_links":{"self":[{"href":"https:\/\/www.enerjigazetesi.ist\/en\/wp-json\/wp\/v2\/posts\/160164"}],"collection":[{"href":"https:\/\/www.enerjigazetesi.ist\/en\/wp-json\/wp\/v2\/posts"}],"about":[{"href":"https:\/\/www.enerjigazetesi.ist\/en\/wp-json\/wp\/v2\/types\/post"}],"author":[{"embeddable":true,"href":"https:\/\/www.enerjigazetesi.ist\/en\/wp-json\/wp\/v2\/users\/1"}],"replies":[{"embeddable":true,"href":"https:\/\/www.enerjigazetesi.ist\/en\/wp-json\/wp\/v2\/comments?post=160164"}],"version-history":[{"count":0,"href":"https:\/\/www.enerjigazetesi.ist\/en\/wp-json\/wp\/v2\/posts\/160164\/revisions"}],"wp:featuredmedia":[{"embeddable":true,"href":"https:\/\/www.enerjigazetesi.ist\/en\/wp-json\/wp\/v2\/media\/160171"}],"wp:attachment":[{"href":"https:\/\/www.enerjigazetesi.ist\/en\/wp-json\/wp\/v2\/media?parent=160164"}],"wp:term":[{"taxonomy":"category","embeddable":true,"href":"https:\/\/www.enerjigazetesi.ist\/en\/wp-json\/wp\/v2\/categories?post=160164"},{"taxonomy":"post_tag","embeddable":true,"href":"https:\/\/www.enerjigazetesi.ist\/en\/wp-json\/wp\/v2\/tags?post=160164"}],"curies":[{"name":"wp","href":"https:\/\/api.w.org\/{rel}","templated":true}]}}