{"id":160119,"date":"2022-08-08T11:28:19","date_gmt":"2022-08-08T08:28:19","guid":{"rendered":"https:\/\/www.enerjigazetesi.ist\/?p=160119"},"modified":"2022-08-08T11:37:08","modified_gmt":"2022-08-08T08:37:08","slug":"oedas-2022-yilinin-ilk-6-ayinda-7-380-km-elektrik-dagitim-hatti-bakimi-yapti","status":"publish","type":"post","link":"https:\/\/www.enerjigazetesi.ist\/en\/oedas-2022-yilinin-ilk-6-ayinda-7-380-km-elektrik-dagitim-hatti-bakimi-yapti\/","title":{"rendered":"(Turkish) Oeda\u015f 2022 Y\u0131l\u0131n\u0131n \u0130lk 6 Ay\u0131nda 7.380 Km Elektrik Da\u011f\u0131t\u0131m Hatt\u0131 Bak\u0131m\u0131 Yapt\u0131"},"content":{"rendered":"<p class=\"qtranxs-available-languages-message qtranxs-available-languages-message-en\">Sorry, this entry is only available in <a href=\"https:\/\/www.enerjigazetesi.ist\/tr\/wp-json\/wp\/v2\/posts\/160119\" class=\"qtranxs-available-language-link qtranxs-available-language-link-tr\" title=\"Turkish\">Turkish<\/a>. For the sake of viewer convenience, the content is shown below in the alternative language. You may click the link to switch the active language.<\/p><p><\/p>\n<h2>Afyonkarahisar, Bilecik, Eski\u015fehir, K\u00fctahya ve U\u015fak illerinin elektrik da\u011f\u0131t\u0131m hizmetini veren <strong>Osmangazi Elektrik Da\u011f\u0131t\u0131m A.\u015e (OEDA\u015e) taraf\u0131ndan<\/strong> g\u00fcvenli ve s\u00fcrd\u00fcr\u00fclebilir elektrik arz\u0131 sunulmak \u00fczere ger\u00e7ekle\u015ftirilen \u00e7al\u0131\u015fmalara h\u0131z verildi.<\/h2>\n<p><strong>1,8 milyon<\/strong> <strong>abone<\/strong> ile yakla\u015f\u0131k <strong>3 milyon ki\u015fi<\/strong>nin hayat\u0131na dokunan kurulu\u015f, y\u0131l\u0131n ilk yar\u0131s\u0131nda yapt\u0131\u011f\u0131<img loading=\"lazy\" class=\"alignright wp-image-160126\" src=\"https:\/\/www.enerjigazetesi.ist\/wp-content\/uploads\/2022\/08\/oedas-2022-yilinin-ilk-6-ayinda-7-380-km-elektrik-dagitim-hatti-bakimi-yapti-2.jpg\" alt=\"\" width=\"300\" height=\"279\" srcset=\"https:\/\/www.enerjigazetesi.ist\/wp-content\/uploads\/2022\/08\/oedas-2022-yilinin-ilk-6-ayinda-7-380-km-elektrik-dagitim-hatti-bakimi-yapti-2.jpg 550w, https:\/\/www.enerjigazetesi.ist\/wp-content\/uploads\/2022\/08\/oedas-2022-yilinin-ilk-6-ayinda-7-380-km-elektrik-dagitim-hatti-bakimi-yapti-2-300x279.jpg 300w, https:\/\/www.enerjigazetesi.ist\/wp-content\/uploads\/2022\/08\/oedas-2022-yilinin-ilk-6-ayinda-7-380-km-elektrik-dagitim-hatti-bakimi-yapti-2-431x400.jpg 431w, https:\/\/www.enerjigazetesi.ist\/wp-content\/uploads\/2022\/08\/oedas-2022-yilinin-ilk-6-ayinda-7-380-km-elektrik-dagitim-hatti-bakimi-yapti-2-54x50.jpg 54w, https:\/\/www.enerjigazetesi.ist\/wp-content\/uploads\/2022\/08\/oedas-2022-yilinin-ilk-6-ayinda-7-380-km-elektrik-dagitim-hatti-bakimi-yapti-2-500x465.jpg 500w\" sizes=\"(max-width: 300px) 100vw, 300px\" \/> <strong>bak\u0131m \u00e7al\u0131\u015fmalar\u0131na<\/strong> ili\u015fkin rakamlar\u0131 a\u00e7\u0131klad\u0131. Buna g\u00f6re OEDA\u015e, <strong>4.513 km<\/strong> al\u00e7ak gerilim, <strong>2.817 km<\/strong> orta gerilim olmak \u00fczere toplam <strong>7.380 km<\/strong> elektrik da\u011f\u0131t\u0131m hatt\u0131,<strong> 2.105 adet<\/strong> <em>da\u011f\u0131t\u0131m trafosu<\/em> ve <strong>7.154 adet<\/strong> ayd\u0131nlatma armat\u00fcr\u00fcne y\u00f6nelik bak\u0131mlar\u0131 ger\u00e7ekle\u015ftirdi.<\/p>\n<h3><strong>Muzaffer Yal\u00e7\u0131n: \u201cEnerjimizle \u015fehirlerimizi ayd\u0131nlatmaya devam edece\u011fiz\u201d<\/strong><\/h3>\n<p><strong>Bak\u0131m \u00e7al\u0131\u015fmalar\u0131<\/strong> hakk\u0131nda bilgiler payla\u015fan<strong> OEDA\u015e <\/strong><strong>Direkt\u00f6r\u00fc Muzaffer Yal\u00e7\u0131n, <\/strong><em>\u201cFaaliyet g\u00f6sterdi\u011fimiz \u015fehirlerde <strong>elektrik da\u011f\u0131t\u0131m hizmetini<\/strong> Avrupa standartlar\u0131nda ve y\u00fcksek kaliteyle sa\u011flamak i\u00e7in s\u00fcrekli bak\u0131m, onar\u0131m \u00e7al\u0131\u015fmalar\u0131 ger\u00e7ekle\u015ftiriyoruz. Bu kapsamda y\u0131l\u0131n ilk <strong>6 ay\u0131nda<\/strong> da <strong>5<\/strong> \u015fehrimizde <strong>200 ki\u015filik<\/strong> ekibimizle sahada<strong> 7.380 kilometrelik<\/strong> hat i\u00e7in <strong>planl\u0131 \u00e7al\u0131\u015fmalar\u0131m\u0131z\u0131<\/strong> tamamlad\u0131k. Y\u0131l\u0131n <strong>2&#8217;inci yar\u0131s\u0131nda da<\/strong> s\u00fcrd\u00fcrece\u011fimiz <strong>al\u00e7ak<\/strong> ve <strong>orta gerilim<\/strong> <strong>elektrik da\u011f\u0131t\u0131m hatlar\u0131<\/strong> ve <strong>da\u011f\u0131t\u0131m trafosu bak\u0131mlar\u0131<\/strong> ile y\u0131l sonunda <strong>plans\u0131z elektrik kesintileri<\/strong>ni <strong>% 20<\/strong> oran\u0131nda azaltmay\u0131 hedefliyoruz. D\u00fczenli olarak kontrol edip, bak\u0131mlar\u0131n\u0131 ger\u00e7ekle\u015ftirdi\u011fimiz <strong>armat\u00fcrler<\/strong> ile de hizmet verdi\u011fimiz \u015fehirlerimizi <strong>enerjimizle ayd\u0131nlatmaya<\/strong> devam edece\u011fiz\u201d<\/em> ifadelerini kulland\u0131.<\/p>","protected":false},"excerpt":{"rendered":"<p>Sorry, this entry is only available in Turkish. For the sake of viewer convenience, the content is shown below in the alternative language. You may click the link to switch the active language. Afyonkarahisar, Bilecik, Eski\u015fehir, K\u00fctahya ve U\u015fak illerinin elektrik da\u011f\u0131t\u0131m hizmetini veren Osmangazi Elektrik Da\u011f\u0131t\u0131m A.\u015e (OEDA\u015e) taraf\u0131ndan g\u00fcvenli ve s\u00fcrd\u00fcr\u00fclebilir elektrik arz\u0131 [&hellip;]<\/p>\n","protected":false},"author":1,"featured_media":160125,"comment_status":"open","ping_status":"open","sticky":false,"template":"","format":"standard","meta":[],"categories":[51,53],"tags":[15777,102986,93479,15016,26353,105165,9749,102874,105164,37933],"views":120,"_links":{"self":[{"href":"https:\/\/www.enerjigazetesi.ist\/en\/wp-json\/wp\/v2\/posts\/160119"}],"collection":[{"href":"https:\/\/www.enerjigazetesi.ist\/en\/wp-json\/wp\/v2\/posts"}],"about":[{"href":"https:\/\/www.enerjigazetesi.ist\/en\/wp-json\/wp\/v2\/types\/post"}],"author":[{"embeddable":true,"href":"https:\/\/www.enerjigazetesi.ist\/en\/wp-json\/wp\/v2\/users\/1"}],"replies":[{"embeddable":true,"href":"https:\/\/www.enerjigazetesi.ist\/en\/wp-json\/wp\/v2\/comments?post=160119"}],"version-history":[{"count":0,"href":"https:\/\/www.enerjigazetesi.ist\/en\/wp-json\/wp\/v2\/posts\/160119\/revisions"}],"wp:featuredmedia":[{"embeddable":true,"href":"https:\/\/www.enerjigazetesi.ist\/en\/wp-json\/wp\/v2\/media\/160125"}],"wp:attachment":[{"href":"https:\/\/www.enerjigazetesi.ist\/en\/wp-json\/wp\/v2\/media?parent=160119"}],"wp:term":[{"taxonomy":"category","embeddable":true,"href":"https:\/\/www.enerjigazetesi.ist\/en\/wp-json\/wp\/v2\/categories?post=160119"},{"taxonomy":"post_tag","embeddable":true,"href":"https:\/\/www.enerjigazetesi.ist\/en\/wp-json\/wp\/v2\/tags?post=160119"}],"curies":[{"name":"wp","href":"https:\/\/api.w.org\/{rel}","templated":true}]}}