{"id":160090,"date":"2022-08-07T13:11:07","date_gmt":"2022-08-07T10:11:07","guid":{"rendered":"https:\/\/www.enerjigazetesi.ist\/?p=160090"},"modified":"2022-08-07T13:13:32","modified_gmt":"2022-08-07T10:13:32","slug":"izocam-insanlik-ve-dunya-icin-iyi-gelecek-hedefiyle-ambalajlarini-yeniledi","status":"publish","type":"post","link":"https:\/\/www.enerjigazetesi.ist\/en\/izocam-insanlik-ve-dunya-icin-iyi-gelecek-hedefiyle-ambalajlarini-yeniledi\/","title":{"rendered":"(Turkish) \u0130zocam &#8216;\u0130nsanl\u0131k ve D\u00fcnya \u0130\u00e7in \u0130yi Gelecek&#8217; Hedefiyle Ambalajlar\u0131n\u0131 Yeniledi"},"content":{"rendered":"<p class=\"qtranxs-available-languages-message qtranxs-available-languages-message-en\">Sorry, this entry is only available in <a href=\"https:\/\/www.enerjigazetesi.ist\/tr\/wp-json\/wp\/v2\/posts\/160090\" class=\"qtranxs-available-language-link qtranxs-available-language-link-tr\" title=\"Turkish\">Turkish<\/a>. For the sake of viewer convenience, the content is shown below in the alternative language. You may click the link to switch the active language.<\/p><p><\/p>\n<h2>Yal\u0131t\u0131m sekt\u00f6r\u00fc markalar\u0131ndan \u0130zocam, Birle\u015fmi\u015f Milletler\u2019in (BM) S\u00fcrd\u00fcr\u00fclebilir Kalk\u0131nma i\u00e7in belirledi\u011fi k\u00fcresel ama\u00e7lara olan katk\u0131s\u0131n\u0131 vurgulayacak \u015fekilde, insan sa\u011fl\u0131\u011f\u0131na ve \u00e7evreye duyarl\u0131l\u0131\u011f\u0131n\u0131 da ifade ederek ambalajlar\u0131n\u0131 yeniden tasarlamaya devam ediyor.<\/h2>\n<p>Yar\u0131 \u015feffaf beyaz olan <strong>\u0130zocam Foamboard<\/strong>\u2019un yeni ambalajlar\u0131nda, \u00fcr\u00fcn\u00fcn <strong>Kalk\u0131nma Ama\u00e7lar\u0131na<\/strong> yapt\u0131\u011f\u0131 katk\u0131lara yer vermenin yan\u0131nda bu \u00fcr\u00fcn\u00fcn <em>hekzabromosiklododekan,<\/em> <strong>bromlu alev geciktirici (HBCD)<\/strong> i\u00e7ermedi\u011fine de vurgu yap\u0131l\u0131yor.<\/p>\n<p><img loading=\"lazy\" class=\"alignright wp-image-160093\" src=\"https:\/\/www.enerjigazetesi.ist\/wp-content\/uploads\/2022\/08\/izocam-insanlik-ve-dunya-icin-iyi-gelecek-hedefiyle-ambalajlarini-yeniledi.jpg\" alt=\"\" width=\"320\" height=\"247\" srcset=\"https:\/\/www.enerjigazetesi.ist\/wp-content\/uploads\/2022\/08\/izocam-insanlik-ve-dunya-icin-iyi-gelecek-hedefiyle-ambalajlarini-yeniledi.jpg 550w, https:\/\/www.enerjigazetesi.ist\/wp-content\/uploads\/2022\/08\/izocam-insanlik-ve-dunya-icin-iyi-gelecek-hedefiyle-ambalajlarini-yeniledi-300x231.jpg 300w, https:\/\/www.enerjigazetesi.ist\/wp-content\/uploads\/2022\/08\/izocam-insanlik-ve-dunya-icin-iyi-gelecek-hedefiyle-ambalajlarini-yeniledi-500x385.jpg 500w, https:\/\/www.enerjigazetesi.ist\/wp-content\/uploads\/2022\/08\/izocam-insanlik-ve-dunya-icin-iyi-gelecek-hedefiyle-ambalajlarini-yeniledi-65x50.jpg 65w, https:\/\/www.enerjigazetesi.ist\/wp-content\/uploads\/2022\/08\/izocam-insanlik-ve-dunya-icin-iyi-gelecek-hedefiyle-ambalajlarini-yeniledi-260x200.jpg 260w\" sizes=\"(max-width: 320px) 100vw, 320px\" \/>\u0130zocam Foamboard \u00fcr\u00fcn\u00fcn\u00fcn yeni ambalaj\u0131, \u00fcr\u00fcn\u00fcn s\u00fcrd\u00fcr\u00fclebilirli\u011fe ve BM\u2019nin k\u00fcresel ama\u00e7lar\u0131na do\u011frudan yapt\u0131\u011f\u0131 <strong>8 katk\u0131ya<\/strong> yer veriyor. <em>\u0130zocam Genel Direkt\u00f6r\u00fc<\/em> <strong>Murat Savc\u0131<\/strong>, BM taraf\u0131ndan k\u00fcresel <strong>iklim de\u011fi\u015fikli\u011fi ile m\u00fccadele<\/strong> kapsam\u0131nda geli\u015ftirilen ve <strong>2030 y\u0131l\u0131na kadar<\/strong> tamamlanmas\u0131 beklenen S\u00fcrd\u00fcr\u00fclebilir Kalk\u0131nma i\u00e7in K\u00fcresel Ama\u00e7lar kapsam\u0131nda<strong> \u0130zocam Foamboard<\/strong>\u2019un da katk\u0131s\u0131n\u0131 \u00f6n plana \u00e7\u0131karmay\u0131 ve sekt\u00f6r profesyonelleri aras\u0131nda fark\u0131ndal\u0131\u011f\u0131 art\u0131rmay\u0131 hedeflediklerini belirtti.<\/p>\n<p>Savc\u0131, \u0130zocam Foamboard\u2019un yeni ambalaj\u0131 ile ilgili <span style=\"text-decoration: underline;\">\u015funlar\u0131 s\u00f6yledi:<\/span> <em>\u201c\u0130zocam, \u00fcr\u00fcnlerinin sahip oldu\u011fu \u00f6zellikler sayesinde \u015fimdiye kadar <strong>Birle\u015fmi\u015f Milletler<\/strong>\u2019in <strong>S\u00fcrd\u00fcr\u00fclebilir Kalk\u0131nma<\/strong> i\u00e7in belirledi\u011fi <strong>17 k\u00fcresel amac\u0131n<\/strong> pek \u00e7o\u011funa katk\u0131 sa\u011fl\u0131yor. \u00dcr\u00fcnlerimizin insan sa\u011fl\u0131\u011f\u0131na zarars\u0131z olmas\u0131, <strong>enerji tasarrufu<\/strong> sa\u011flamas\u0131 ve<strong> s\u00fcrd\u00fcr\u00fclebilirli\u011fe<\/strong> olan katk\u0131s\u0131 nedeniyle BM\u2019nin <strong>17 k\u00fcresel amac\u0131<\/strong> aras\u0131nda yer alan<strong> \u2018Sa\u011fl\u0131k ve Kaliteli Ya\u015fam\u2019, \u2018Eri\u015filebilir ve Temiz Enerji\u2019, \u2018\u0130nsana Yak\u0131\u015f\u0131r \u0130\u015f ve Ekonomik B\u00fcy\u00fcme\u2019, \u2018Sanayi, Yenilik\u00e7ilik ve Altyap\u0131\u2019, \u2018S\u00fcrd\u00fcr\u00fclebilir \u015eehirler ve Topluluklar\u2019, \u2018Sorumlu \u00dcretim ve T\u00fcketim\u2019, \u2018\u0130klim Eylemi\u2019 <\/strong>ve<strong> \u2018Ama\u00e7lar i\u00e7in Ortakl\u0131klar\u2019<\/strong> gibi <strong>8 \u00f6nemli amaca<\/strong> ula\u015f\u0131lmas\u0131nda \u00fczerimize d\u00fc\u015feni yap\u0131yoruz. Ancak gerek son kullan\u0131c\u0131n\u0131n gerekse sekt\u00f6r profesyonellerinin <strong>yal\u0131t\u0131m \u00fcr\u00fcn\u00fc<\/strong> se\u00e7imini bu fark\u0131ndal\u0131kla yapmas\u0131, bu \u00fcr\u00fcnlerin <strong>karbon sal\u0131m\u0131n\u0131 azalt\u0131m\u0131na<\/strong> olan katk\u0131s\u0131n\u0131 bilmesi ve kendisine <strong>k\u0131sa<\/strong> ve <strong>uzun vadede<\/strong> sa\u011flayaca\u011f\u0131 faydaya odaklanmas\u0131 konusunda da \u00f6nc\u00fc olmaya devam etmek istedik ve bu vurguyu ambalajlar\u0131m\u0131za ta\u015f\u0131d\u0131k\u201d ifadelerini kulland\u0131.<\/em><\/p>","protected":false},"excerpt":{"rendered":"<p>Sorry, this entry is only available in Turkish. For the sake of viewer convenience, the content is shown below in the alternative language. You may click the link to switch the active language. Yal\u0131t\u0131m sekt\u00f6r\u00fc markalar\u0131ndan \u0130zocam, Birle\u015fmi\u015f Milletler\u2019in (BM) S\u00fcrd\u00fcr\u00fclebilir Kalk\u0131nma i\u00e7in belirledi\u011fi k\u00fcresel ama\u00e7lara olan katk\u0131s\u0131n\u0131 vurgulayacak \u015fekilde, insan sa\u011fl\u0131\u011f\u0131na ve \u00e7evreye duyarl\u0131l\u0131\u011f\u0131n\u0131 [&hellip;]<\/p>\n","protected":false},"author":1,"featured_media":160095,"comment_status":"open","ping_status":"open","sticky":false,"template":"","format":"standard","meta":[],"categories":[53,52],"tags":[43014,105160,80451,43365,105161],"views":195,"_links":{"self":[{"href":"https:\/\/www.enerjigazetesi.ist\/en\/wp-json\/wp\/v2\/posts\/160090"}],"collection":[{"href":"https:\/\/www.enerjigazetesi.ist\/en\/wp-json\/wp\/v2\/posts"}],"about":[{"href":"https:\/\/www.enerjigazetesi.ist\/en\/wp-json\/wp\/v2\/types\/post"}],"author":[{"embeddable":true,"href":"https:\/\/www.enerjigazetesi.ist\/en\/wp-json\/wp\/v2\/users\/1"}],"replies":[{"embeddable":true,"href":"https:\/\/www.enerjigazetesi.ist\/en\/wp-json\/wp\/v2\/comments?post=160090"}],"version-history":[{"count":0,"href":"https:\/\/www.enerjigazetesi.ist\/en\/wp-json\/wp\/v2\/posts\/160090\/revisions"}],"wp:featuredmedia":[{"embeddable":true,"href":"https:\/\/www.enerjigazetesi.ist\/en\/wp-json\/wp\/v2\/media\/160095"}],"wp:attachment":[{"href":"https:\/\/www.enerjigazetesi.ist\/en\/wp-json\/wp\/v2\/media?parent=160090"}],"wp:term":[{"taxonomy":"category","embeddable":true,"href":"https:\/\/www.enerjigazetesi.ist\/en\/wp-json\/wp\/v2\/categories?post=160090"},{"taxonomy":"post_tag","embeddable":true,"href":"https:\/\/www.enerjigazetesi.ist\/en\/wp-json\/wp\/v2\/tags?post=160090"}],"curies":[{"name":"wp","href":"https:\/\/api.w.org\/{rel}","templated":true}]}}