{"id":160020,"date":"2022-08-04T22:33:30","date_gmt":"2022-08-04T19:33:30","guid":{"rendered":"https:\/\/www.enerjigazetesi.ist\/?p=160020"},"modified":"2022-08-04T22:33:30","modified_gmt":"2022-08-04T19:33:30","slug":"ayvalik-uluslararasi-film-festivalinin-acilis-filmi-ayrilma-karari-oldu","status":"publish","type":"post","link":"https:\/\/www.enerjigazetesi.ist\/en\/ayvalik-uluslararasi-film-festivalinin-acilis-filmi-ayrilma-karari-oldu\/","title":{"rendered":"(Turkish) Ayval\u0131k Uluslararas\u0131 Film Festivali\u2019nin A\u00e7\u0131l\u0131\u015f Filmi &#8216;Ayr\u0131lma Karar\u0131&#8217; Oldu"},"content":{"rendered":"<p class=\"qtranxs-available-languages-message qtranxs-available-languages-message-en\">Sorry, this entry is only available in <a href=\"https:\/\/www.enerjigazetesi.ist\/tr\/wp-json\/wp\/v2\/posts\/160020\" class=\"qtranxs-available-language-link qtranxs-available-language-link-tr\" title=\"Turkish\">Turkish<\/a>. For the sake of viewer convenience, the content is shown below in the alternative language. You may click the link to switch the active language.<\/p><p><\/p>\n<h2><strong>Bu y\u0131l Seyir Derne\u011fi taraf\u0131ndan ilk kez d\u00fczenlenecek Ayval\u0131k Uluslararas\u0131 Film Festivali\u2019nin a\u00e7\u0131l\u0131\u015f filmi, 2022 Cannes Film Festivali\u2019nde En \u0130yi Y\u00f6netmen \u00f6d\u00fcl\u00fcne lay\u0131k g\u00f6r\u00fclen <em>\u201cAyr\u0131lma Karar\u0131 (Decision to Leave)\u201d<\/em> oldu. B\u00fcy\u00fck ses getiren Park Chan-Wook imzal\u0131 film, 16 Eyl\u00fcl 2022 ak\u015fam\u0131 Ayval\u0131k B\u00fcy\u00fck Park Amfitiyatro\u2019da a\u00e7\u0131l\u0131\u015f t\u00f6reninin ard\u0131ndan g\u00f6sterilecek. Direkt\u00f6rl\u00fc\u011f\u00fcn\u00fc Azize Tan\u2019\u0131n \u00fcstlendi\u011fi Ayval\u0131k Uluslararas\u0131 Film Festivali, 16-21 Eyl\u00fcl 2022 tarihleri aras\u0131nda y\u0131l\u0131n merakla beklenen, d\u00fcnya festivallerinde ad\u0131n\u0131 duyuran yerli ve yabanc\u0131 yap\u0131mlar\u0131 izleyiciyle bulu\u015fturacak.<\/strong><\/h2>\n<p><strong>Ayval\u0131k\u2019ta<\/strong> bu y\u0131l kurulan <strong>Seyir Derne\u011fi<\/strong> ge\u00e7ti\u011fimiz g\u00fcnlerde sona eren <strong>Ayval\u0131k A\u00e7\u0131k Hava Film Geceleri<\/strong>\u2019nin ard\u0131ndan <strong>Ayval\u0131k Uluslararas\u0131 Film Festivali\u2019<\/strong>nin haz\u0131rl\u0131klar\u0131na ba\u015flad\u0131. Ayval\u0131k\u2019\u0131 ba\u015fta sinema olmak \u00fczere<strong> farkl\u0131 sanat dallar\u0131<\/strong> i\u00e7in bir merkez haline getirmeyi ama\u00e7layan <strong>Seyir Derne\u011fi<\/strong>, y\u0131l boyunca farkl\u0131 projeler \u00fcretmeyi ve<strong> Ayval\u0131k d\u0131\u015f\u0131nda da<\/strong> k\u00fclt\u00fcr sanat etkinlikleri <img loading=\"lazy\" class=\"alignright wp-image-160023\" src=\"https:\/\/www.enerjigazetesi.ist\/wp-content\/uploads\/2022\/08\/ayvalik-uluslararasi-film-festivalinin-acilis-filmi-ayrilma-karari-oldu.jpg\" alt=\"\" width=\"320\" height=\"177\" srcset=\"https:\/\/www.enerjigazetesi.ist\/wp-content\/uploads\/2022\/08\/ayvalik-uluslararasi-film-festivalinin-acilis-filmi-ayrilma-karari-oldu.jpg 551w, https:\/\/www.enerjigazetesi.ist\/wp-content\/uploads\/2022\/08\/ayvalik-uluslararasi-film-festivalinin-acilis-filmi-ayrilma-karari-oldu-300x166.jpg 300w, https:\/\/www.enerjigazetesi.ist\/wp-content\/uploads\/2022\/08\/ayvalik-uluslararasi-film-festivalinin-acilis-filmi-ayrilma-karari-oldu-500x276.jpg 500w, https:\/\/www.enerjigazetesi.ist\/wp-content\/uploads\/2022\/08\/ayvalik-uluslararasi-film-festivalinin-acilis-filmi-ayrilma-karari-oldu-80x44.jpg 80w\" sizes=\"(max-width: 320px) 100vw, 320px\" \/>d\u00fczenlemeyi hedefliyor. Bu ama\u00e7la da <strong>16-21 Eyl\u00fcl 2022<\/strong> tarihlerinde Ayval\u0131k\u2019ta d\u00fczenlenecek festivalin ard\u0131ndan <strong>24<\/strong> ve <strong>25 Eyl\u00fcl<\/strong> tarihleri aras\u0131nda <strong>festival program\u0131ndan<\/strong> \u00f6zel bir se\u00e7ki, <strong>Diyarbak\u0131r\u2019da<\/strong> g\u00f6sterilecek.<\/p>\n<p>Festivallerin d\u00fczenlendi\u011fi \u015fehirle ba\u011f\u0131n\u0131n fark\u0131nda olarak yola \u00e7\u0131kan ve yar\u0131\u015fma i\u00e7ermeyen <strong>Ayval\u0131k Uluslararas\u0131 Film Festivali<\/strong>; film se\u00e7kisi, filmlerle ili\u015fkili <em>s\u00f6yle\u015filer, g\u00fcncel meselelere dair paneller, \u00e7ocuklar i\u00e7in d\u00fczenlenecek at\u00f6lyeler ve film g\u00f6sterimleri<\/em> ile dolu dolu bir programa sahip. Festivalde ayr\u0131ca, T\u00fcrkiye\u2019nin farkl\u0131 \u00fcniversitelerinden gelecek \u00f6\u011frencilerle d\u00fczenlenecek <strong>Gen\u00e7 Sinema program\u0131<\/strong>yla gen\u00e7 sinemac\u0131lara sinema profesyonelleri ile bulu\u015fma f\u0131rsat\u0131 yarat\u0131lacak, ayn\u0131 zamanda \u00f6\u011frenciler festival organizasyonunda g\u00f6rev alacak.<\/p>\n<h3><strong>FEST\u0130VAL, <em>\u201cAYRILMA KARARI (DECISION TO LEAVE)\u201d <\/em>ile BA\u015eLAYACAK!<\/strong><\/h3>\n<p>Direkt\u00f6rl\u00fc\u011f\u00fcn\u00fc <strong>Azize Tan<\/strong>\u2019\u0131n, program dan\u0131\u015fmanl\u0131\u011f\u0131n\u0131 <strong>Fatih \u00d6zg\u00fcven<\/strong>\u2019in \u00fcstlendi\u011fi <strong>Ayval\u0131k<\/strong> <strong>Uluslararas\u0131 Film Festivali<\/strong>\u2019nin a\u00e7\u0131l\u0131\u015f\u0131n\u0131, yak\u0131n d\u00f6nem G\u00fcney Kore sinemas\u0131n\u0131n usta y\u00f6netmeni <strong>Park Chan-Wook<\/strong>\u2019un merakla beklenen son filmi <strong><em>\u201cAyr\u0131lma Karar\u0131 (Decision to Leave)\u201d<\/em><\/strong> yapacak. <strong>2022 Cannes Film Festivali<\/strong>\u2019nde <strong>En \u0130yi Y\u00f6netmen \u00f6d\u00fcl\u00fc<\/strong>ne lay\u0131k g\u00f6r\u00fclen ve ele\u015ftirmenlerden tam not alan film, ara\u015ft\u0131rd\u0131\u011f\u0131 cinayetin \u015f\u00fcphelisi <strong>kad\u0131na \u00e2\u015f\u0131k olan<\/strong> ve<strong> soru\u015fturma<\/strong> ile<strong> duygular\u0131<\/strong> aras\u0131nda s\u0131k\u0131\u015f\u0131p kalan bir <strong>dedektifin hik\u00e2yesini<\/strong> konu al\u0131yor.<\/p>\n<p>Festival se\u00e7kisinde bu y\u0131lki Cannes Film Festivali\u2019nde izleyiciyle ilk kez bulu\u015fan y\u0131l\u0131n iddial\u0131 yap\u0131mlar\u0131 yer al\u0131yor. <strong><em>Shoplifters<\/em>, <em>Like Father Like Son<\/em>, <em>After Life<\/em><\/strong> filmleriyle tan\u0131d\u0131\u011f\u0131m\u0131z <strong>Kore-Eda Hirokazu<\/strong>\u2019nun bebeklerine bakamayacak durumda olan ebeveynlerin kimliklerini gizleyerek bebeklerini Bebek Kutusu olarak adland\u0131r\u0131lan kutulara b\u0131rakmalar\u0131n\u0131 konu ald\u0131\u011f\u0131 filmi <strong><em>\u201cBebek Servisi (Broker)\u201d <\/em><\/strong>da bunlardan biri. Cannes Film Festivali\u2019nde Ek\u00fcmenik J\u00fcri \u00d6d\u00fcl\u00fc\u2019n\u00fc alan film, ba\u015frol\u00fcnde yer alan Oscar \u00f6d\u00fcll\u00fc Parasite filminin y\u0131ld\u0131z\u0131 <strong>Song Kang-Ho<\/strong>\u2019ya En \u0130yi Erkek Oyuncu \u00d6d\u00fcl\u00fc\u2019n\u00fc kazand\u0131rd\u0131.<\/p>\n<p><strong>Cannes Film Festivali\u2019nde<\/strong> Y\u00f6netmenlerin <strong>On Be\u015f G\u00fcn\u00fc<\/strong> b\u00f6l\u00fcm\u00fcnde yar\u0131\u015fan ve ge\u00e7en y\u0131l <em>Bergman Adas\u0131<\/em> filmiyle izleyiciyle bulu\u015fan <strong>Mia Hansen-L\u00f8ve<\/strong>\u2019\u0131n, k\u00fc\u00e7\u00fck k\u0131z\u0131yla ya\u015fayan ve hasta babas\u0131 i\u00e7in uygun bir bak\u0131mevi arayan gen\u00e7 bir kad\u0131n\u0131 oda\u011f\u0131na ald\u0131\u011f\u0131 <strong><em>\u201cG\u00fczel Bir Sabah (One Fine Morning)\u201d<\/em><\/strong> ve Cannes Film Festivali J\u00fcri \u00d6zel \u00d6d\u00fcl\u00fc kazanan, Baltazar adl\u0131 bir e\u015fe\u011fin bir Polonya sirkinde ba\u015flayan ve bir \u0130talyan mezbahas\u0131nda biten hik\u00e2yesini konu alan, <strong>84 ya\u015f\u0131ndaki<\/strong> y\u00f6netmen <strong>Jerzy Skolimowski<\/strong> imzal\u0131 <strong><em>\u201cEO\u201d<\/em><\/strong> da Ayval\u0131k\u2019ta izleyiciyle bulu\u015facak.<\/p>\n<p>Programda yer alan filmlerden bir di\u011feri ise<strong> Cannes Film Festivali<\/strong>\u2019nde J\u00fcri B\u00fcy\u00fck \u00d6d\u00fcl\u00fc kazanan <strong>Claire Denis<\/strong>\u2019nin, Denis Johnson\u2019\u0131n ayn\u0131 adl\u0131 roman\u0131ndan uyarlad\u0131\u011f\u0131 <strong><em>\u201cThe Stars at Noon\u201d<\/em><\/strong>. Film, <strong>1984 y\u0131l\u0131nda<\/strong> Nikaragua\u2019da gizemli bir <strong>i\u015f insan\u0131<\/strong> ve<strong> inat\u00e7\u0131 bir gazeteci<\/strong> aras\u0131nda tansiyonu y\u00fcksek bir ortamda geli\u015fen romantik ili\u015fkiyi konu al\u0131yor.<\/p>\n<p>Cannes Film Festivali\u2019nde <strong>75. Y\u0131l \u00d6zel \u00d6d\u00fcl\u00fc<\/strong>\u2019n\u00fc kazanan <strong>Jean-Pierre Dardenne <\/strong>ve<strong> Luc Dardenne<\/strong>, Ayval\u0131k\u2019ta g\u00f6sterilecek filmleri <strong><em>\u201cTori And Lokita\u201d<\/em><\/strong>da \u00fclkelerinden birlikte ka\u00e7m\u0131\u015f, aralar\u0131nda kan ba\u011f\u0131 olmamas\u0131na ra\u011fmen Avrupa\u2019da oturma izni alabilmek i\u00e7in karde\u015f olduklar\u0131n\u0131 kan\u0131tlamalar\u0131 gereken <strong>Tori<\/strong> ve <strong>Lokita<\/strong> isimli iki \u00e7ocu\u011fun hayat m\u00fccadelesine odaklan\u0131yor.<\/p>\n<p><strong>Charlotte Wells<\/strong>\u2019in, bir kad\u0131n\u0131n \u00e7ocukken babas\u0131yla T\u00fcrkiye\u2019de \u00e7\u0131kt\u0131\u011f\u0131 bir tatili anlatt\u0131\u011f\u0131, <strong>Cannes Film Festivali Ele\u015ftirmenler Haftas\u0131<\/strong> kapsam\u0131nda g\u00f6sterilen ve \u00e7ekimleri <strong>Mu\u011fla\u2019da<\/strong> ger\u00e7ekle\u015ftirilen duygu y\u00fckl\u00fc filmi <strong><em>\u201cG\u00fcne\u015f Sonras\u0131 (Aftersun)\u201d<\/em><\/strong>; <strong>Manuela Martelli<\/strong>\u2019nin 1976\u2019da \u015eili\u2019de Pinochet d\u00f6neminde bir kad\u0131n\u0131n kendisini, beklemedi\u011fi bir m\u00fccadele i\u00e7inde buldu\u011fu filmi <strong><em>\u201c1976\u201d<\/em><\/strong>; Screen Dergisi taraf\u0131ndan 2021 y\u0131l\u0131nda Gelece\u011fin Y\u0131ld\u0131zlar\u0131 aras\u0131nda g\u00f6sterilen <strong>Thomas Hardiman<\/strong>\u2019\u0131n, birbirinden eksantrik kuaf\u00f6rlerin yer ald\u0131\u011f\u0131 y\u0131l\u0131n kuaf\u00f6r\u00fc yar\u0131\u015fmas\u0131 s\u0131ras\u0131nda ger\u00e7ekle\u015fen bir cinayet sonras\u0131 geli\u015fen olaylar\u0131 konu ald\u0131\u011f\u0131 <strong><em>\u201cMedusa Delux\u201d<\/em><\/strong> ve bu y\u0131l <strong>Cannes Film Festivali<\/strong>\u2019nde Y\u00f6netmenlerin <strong>On Be\u015f G\u00fcn\u00fc<\/strong> b\u00f6l\u00fcm\u00fcnde g\u00f6sterilen <strong>Erige Sehiri<\/strong> imzal\u0131, bir grup <strong>Tunuslu incir hasat\u00e7\u0131s\u0131n\u0131n hayatlar\u0131n\u0131<\/strong> anlatan <strong><em>\u201cUnder the Fig Trees\u201d<\/em><\/strong> \u00f6n\u00fcm\u00fczdeki y\u0131llarda ad\u0131n\u0131 s\u0131k duyaca\u011f\u0131m\u0131z y\u00f6netmenlerin<strong> Ayval\u0131k\u2019ta<\/strong> izleyiciyle bulu\u015facak<strong> ilk uzun metraj filmleri.<\/strong><\/p>\n<p>G\u00f6sterimleri <strong>Vural Sinemas\u0131<\/strong>\u2019nda ve <strong>Ayval\u0131k B\u00fcy\u00fck Park Amfitiyatro<\/strong>\u2019da ger\u00e7ekle\u015fecek <strong>Ayval\u0131k<\/strong> <strong>Uluslararas\u0131 Film Festivali<\/strong>\u2019nde izlenebilecek di\u011fer filmler ise ilerleyen g\u00fcnlerde a\u00e7\u0131klanacak. Festival biletleri 09 Eyl\u00fcl 2022\u2019de<strong> Biletix\u2019te<\/strong> sat\u0131\u015fa \u00e7\u0131kacak.<\/p>","protected":false},"excerpt":{"rendered":"<p>Sorry, this entry is only available in Turkish. For the sake of viewer convenience, the content is shown below in the alternative language. You may click the link to switch the active language. Bu y\u0131l Seyir Derne\u011fi taraf\u0131ndan ilk kez d\u00fczenlenecek Ayval\u0131k Uluslararas\u0131 Film Festivali\u2019nin a\u00e7\u0131l\u0131\u015f filmi, 2022 Cannes Film Festivali\u2019nde En \u0130yi Y\u00f6netmen \u00f6d\u00fcl\u00fcne [&hellip;]<\/p>\n","protected":false},"author":1,"featured_media":160023,"comment_status":"open","ping_status":"open","sticky":false,"template":"","format":"standard","meta":[],"categories":[51,53],"tags":[105141,105142,105140,105143,105144,71735],"views":104,"_links":{"self":[{"href":"https:\/\/www.enerjigazetesi.ist\/en\/wp-json\/wp\/v2\/posts\/160020"}],"collection":[{"href":"https:\/\/www.enerjigazetesi.ist\/en\/wp-json\/wp\/v2\/posts"}],"about":[{"href":"https:\/\/www.enerjigazetesi.ist\/en\/wp-json\/wp\/v2\/types\/post"}],"author":[{"embeddable":true,"href":"https:\/\/www.enerjigazetesi.ist\/en\/wp-json\/wp\/v2\/users\/1"}],"replies":[{"embeddable":true,"href":"https:\/\/www.enerjigazetesi.ist\/en\/wp-json\/wp\/v2\/comments?post=160020"}],"version-history":[{"count":0,"href":"https:\/\/www.enerjigazetesi.ist\/en\/wp-json\/wp\/v2\/posts\/160020\/revisions"}],"wp:featuredmedia":[{"embeddable":true,"href":"https:\/\/www.enerjigazetesi.ist\/en\/wp-json\/wp\/v2\/media\/160023"}],"wp:attachment":[{"href":"https:\/\/www.enerjigazetesi.ist\/en\/wp-json\/wp\/v2\/media?parent=160020"}],"wp:term":[{"taxonomy":"category","embeddable":true,"href":"https:\/\/www.enerjigazetesi.ist\/en\/wp-json\/wp\/v2\/categories?post=160020"},{"taxonomy":"post_tag","embeddable":true,"href":"https:\/\/www.enerjigazetesi.ist\/en\/wp-json\/wp\/v2\/tags?post=160020"}],"curies":[{"name":"wp","href":"https:\/\/api.w.org\/{rel}","templated":true}]}}