{"id":159988,"date":"2022-08-04T11:18:24","date_gmt":"2022-08-04T08:18:24","guid":{"rendered":"https:\/\/www.enerjigazetesi.ist\/?p=159988"},"modified":"2022-08-04T11:19:45","modified_gmt":"2022-08-04T08:19:45","slug":"dicle-elektrik-cudi-festivalinde-yer-aldi","status":"publish","type":"post","link":"https:\/\/www.enerjigazetesi.ist\/en\/dicle-elektrik-cudi-festivalinde-yer-aldi\/","title":{"rendered":"(Turkish) Dicle Elektrik Cudi Festivali\u2019nde Yer Ald\u0131"},"content":{"rendered":"<p class=\"qtranxs-available-languages-message qtranxs-available-languages-message-en\">Sorry, this entry is only available in <a href=\"https:\/\/www.enerjigazetesi.ist\/tr\/wp-json\/wp\/v2\/posts\/159988\" class=\"qtranxs-available-language-link qtranxs-available-language-link-tr\" title=\"Turkish\">Turkish<\/a>. For the sake of viewer convenience, the content is shown below in the alternative language. You may click the link to switch the active language.<\/p><p><\/p>\n<h2><strong>Dicle Elektrik, bu y\u0131l 2&#8217;incisi ger\u00e7ekle\u015ftirilen Cudi Festivali\u2019ne kat\u0131l\u0131m sa\u011flarken Hz. Nuh\u2019un gemisinin oturdu\u011fu yer olarak rivayet edilen 2.114 rak\u0131ml\u0131 Sefine b\u00f6lgesinde stant a\u00e7t\u0131. <\/strong><\/h2>\n<p><strong>\u015e\u0131rnak Valili\u011fi<\/strong> taraf\u0131ndan <strong>40 y\u0131l<\/strong> aradan sonra ge\u00e7en y\u0131l yeniden d\u00fczenlenmeye ba\u015flanan Cudi Festivali\u2019nin ikincisi b\u00fcy\u00fck tufanda <strong>Hz. Nuh<\/strong>\u2019un gemisinin oturdu\u011fu yer oldu\u011fu rivayet edilen alanda <img loading=\"lazy\" class=\"alignright wp-image-159992\" src=\"https:\/\/www.enerjigazetesi.ist\/wp-content\/uploads\/2022\/08\/dicle-elektrik-cudi-festivalinde-stant-acti-3.jpg\" alt=\"\" width=\"320\" height=\"212\" srcset=\"https:\/\/www.enerjigazetesi.ist\/wp-content\/uploads\/2022\/08\/dicle-elektrik-cudi-festivalinde-stant-acti-3.jpg 550w, https:\/\/www.enerjigazetesi.ist\/wp-content\/uploads\/2022\/08\/dicle-elektrik-cudi-festivalinde-stant-acti-3-300x199.jpg 300w, https:\/\/www.enerjigazetesi.ist\/wp-content\/uploads\/2022\/08\/dicle-elektrik-cudi-festivalinde-stant-acti-3-500x332.jpg 500w, https:\/\/www.enerjigazetesi.ist\/wp-content\/uploads\/2022\/08\/dicle-elektrik-cudi-festivalinde-stant-acti-3-75x50.jpg 75w, https:\/\/www.enerjigazetesi.ist\/wp-content\/uploads\/2022\/08\/dicle-elektrik-cudi-festivalinde-stant-acti-3-450x300.jpg 450w\" sizes=\"(max-width: 320px) 100vw, 320px\" \/>renkli g\u00f6r\u00fcnt\u00fclerle ger\u00e7ekle\u015fti.<\/p>\n<p>Haz\u0131rl\u0131klar\u0131 g\u00fcnler \u00f6ncesinden ba\u015flayan Cudi Festivali i\u00e7in b\u00f6lgeden <strong>kad\u0131nl\u0131 erkekli<\/strong> y\u00fczlerce ki\u015fi sabah\u0131n ilk \u0131\u015f\u0131klar\u0131yla <strong>Cudi Da\u011f\u0131<\/strong>\u2019n\u0131n zirvesine gitmek \u00fczere yola koyuldu. Yo\u011fun kat\u0131l\u0131m nedeniyle yol boyunca uzun ara\u00e7 kuyruklar\u0131 olu\u015ftu. Geceden gidenler ise ate\u015f yak\u0131p kamp kurdu.<\/p>\n<h3><strong>2 bin 114 rak\u0131ml\u0131 alanda festival<\/strong><\/h3>\n<p><strong>Cudi Da\u011f\u0131<\/strong>&#8216;nda <strong>Hz.Nuh\u2019un gemisinin<\/strong> oturdu\u011fu yer oldu\u011fu rivayet edilen<strong> 2.114 rak\u0131ml\u0131<\/strong> <strong>Sefine b\u00f6lgesi<\/strong>ndeki festivale <em>\u0130\u00e7i\u015fleri Bakan\u0131 S\u00fcleyman Soylu, Diyanet \u0130\u015fleri Ba\u015fkan\u0131 Ali Erba\u015f, \u015e\u0131rnak Valisi Osman Bilgin, \u015e\u0131rnak Belediye Ba\u015fkan\u0131 Mehmet Yarka, \u015e\u0131rnak \u00dcniversitesi Rekt\u00f6r\u00fc Prof. Dr. Mehmet <img loading=\"lazy\" class=\"alignleft wp-image-159990\" src=\"https:\/\/www.enerjigazetesi.ist\/wp-content\/uploads\/2022\/08\/dicle-elektrik-cudi-festivalinde-stant-acti-2.jpg\" alt=\"\" width=\"320\" height=\"204\" srcset=\"https:\/\/www.enerjigazetesi.ist\/wp-content\/uploads\/2022\/08\/dicle-elektrik-cudi-festivalinde-stant-acti-2.jpg 550w, https:\/\/www.enerjigazetesi.ist\/wp-content\/uploads\/2022\/08\/dicle-elektrik-cudi-festivalinde-stant-acti-2-300x191.jpg 300w, https:\/\/www.enerjigazetesi.ist\/wp-content\/uploads\/2022\/08\/dicle-elektrik-cudi-festivalinde-stant-acti-2-500x319.jpg 500w, https:\/\/www.enerjigazetesi.ist\/wp-content\/uploads\/2022\/08\/dicle-elektrik-cudi-festivalinde-stant-acti-2-78x50.jpg 78w\" sizes=\"(max-width: 320px) 100vw, 320px\" \/>Emin Erkan, \u015e\u0131rnak Jandarma B\u00f6lge Komutan\u0131 T\u00fcmgeneral Tekin Aktemur ve Dicle Elektrik Da\u011f\u0131t\u0131m \u015e\u0131rnak \u0130l M\u00fcd\u00fcr\u00fc Tekin T\u00fcrk<\/em> ile di\u011fer yetkililer de kat\u0131ld\u0131.<\/p>\n<p>Sefine b\u00f6lgesinde namaz k\u0131l\u0131p dualar ettikten sonra g\u00fcvercin u\u00e7uran yetkililer, ard\u0131ndan vatanda\u015flarla birlikte topluca festival alan\u0131na y\u00fcr\u00fcd\u00fc. Festivalde <strong>Grup Tillo<\/strong> ve <strong>Hatay Medeniyetler Korosu<\/strong> etkinliklerinin yan\u0131nda <strong>u\u00e7urtmalar u\u00e7uruldu, \u015fark\u0131lar, t\u00fcrk\u00fcler<\/strong> e\u015fli\u011finde halaylar \u00e7ekildi.<\/p>\n<h3><strong>Dicle Elektrik stant kurdu<\/strong><\/h3>\n<p>Festivale kurumsal olarak kat\u0131larak stant a\u00e7an Dicle Elektrik ayn\u0131 zamanda alana kurdu\u011fu<strong> ge\u00e7ici trafo<\/strong> ve <strong>jenerat\u00f6rlerle<\/strong> festival alan\u0131n\u0131n <strong>t\u00fcm enerji ihtiyac\u0131n\u0131<\/strong> kar\u015f\u0131lad\u0131. Dicle Elektrik stand\u0131nda vatanda\u015flar\u0131n sorular\u0131n\u0131 yan\u0131tlayan <strong>Dicle Elektrik M\u00fc\u015fteri Memnuniyet Merkezi (3M)<\/strong> g\u00f6revlileri, ziyaret\u00e7ilere \u00e7ocuklar i\u00e7in haz\u0131rlanan ve i\u00e7erisinde <em>kuru boya kalemi, tangram, balon, renkli ke\u00e7eli kalem, solo test oyunu, d\u00fcz ak\u0131m elektrik devre seti<\/em> ve <em>\u015feker <\/em>bulunan <strong>hediye paketleri<\/strong> verdi. Ayr\u0131ca Dicle Elektrik\u2019in kurumsal yay\u0131n organ\u0131 olan<strong> Dicle Akt\u00fcel dergisi<\/strong> de vatanda\u015flar\u0131n ilgi oda\u011f\u0131 oldu.<\/p>\n<p>B\u00fcy\u00fck ilgi g\u00f6ren Dicle Elektrik stand\u0131n\u0131 <strong>\u0130\u00e7i\u015fleri Bakan\u0131 S\u00fcleyman Soylu<\/strong> da ziyaret ederek \u00e7al\u0131\u015fanlarla sohbet etti.<\/p>","protected":false},"excerpt":{"rendered":"<p>Sorry, this entry is only available in Turkish. For the sake of viewer convenience, the content is shown below in the alternative language. You may click the link to switch the active language. Dicle Elektrik, bu y\u0131l 2&#8217;incisi ger\u00e7ekle\u015ftirilen Cudi Festivali\u2019ne kat\u0131l\u0131m sa\u011flarken Hz. Nuh\u2019un gemisinin oturdu\u011fu yer olarak rivayet edilen 2.114 rak\u0131ml\u0131 Sefine b\u00f6lgesinde [&hellip;]<\/p>\n","protected":false},"author":1,"featured_media":159991,"comment_status":"open","ping_status":"open","sticky":false,"template":"","format":"standard","meta":[],"categories":[51,53],"tags":[105133,12240,26353,105134],"views":80,"_links":{"self":[{"href":"https:\/\/www.enerjigazetesi.ist\/en\/wp-json\/wp\/v2\/posts\/159988"}],"collection":[{"href":"https:\/\/www.enerjigazetesi.ist\/en\/wp-json\/wp\/v2\/posts"}],"about":[{"href":"https:\/\/www.enerjigazetesi.ist\/en\/wp-json\/wp\/v2\/types\/post"}],"author":[{"embeddable":true,"href":"https:\/\/www.enerjigazetesi.ist\/en\/wp-json\/wp\/v2\/users\/1"}],"replies":[{"embeddable":true,"href":"https:\/\/www.enerjigazetesi.ist\/en\/wp-json\/wp\/v2\/comments?post=159988"}],"version-history":[{"count":0,"href":"https:\/\/www.enerjigazetesi.ist\/en\/wp-json\/wp\/v2\/posts\/159988\/revisions"}],"wp:featuredmedia":[{"embeddable":true,"href":"https:\/\/www.enerjigazetesi.ist\/en\/wp-json\/wp\/v2\/media\/159991"}],"wp:attachment":[{"href":"https:\/\/www.enerjigazetesi.ist\/en\/wp-json\/wp\/v2\/media?parent=159988"}],"wp:term":[{"taxonomy":"category","embeddable":true,"href":"https:\/\/www.enerjigazetesi.ist\/en\/wp-json\/wp\/v2\/categories?post=159988"},{"taxonomy":"post_tag","embeddable":true,"href":"https:\/\/www.enerjigazetesi.ist\/en\/wp-json\/wp\/v2\/tags?post=159988"}],"curies":[{"name":"wp","href":"https:\/\/api.w.org\/{rel}","templated":true}]}}