{"id":159968,"date":"2022-08-03T11:26:31","date_gmt":"2022-08-03T08:26:31","guid":{"rendered":"https:\/\/www.enerjigazetesi.ist\/?p=159968"},"modified":"2022-08-03T11:26:31","modified_gmt":"2022-08-03T08:26:31","slug":"teknolojide-en-onemli-kaynagimiz-insan","status":"publish","type":"post","link":"https:\/\/www.enerjigazetesi.ist\/en\/teknolojide-en-onemli-kaynagimiz-insan\/","title":{"rendered":"(Turkish) Teknolojide En \u00d6nemli Kayna\u011f\u0131m\u0131z \u0130nsan"},"content":{"rendered":"<p class=\"qtranxs-available-languages-message qtranxs-available-languages-message-en\">Sorry, this entry is only available in <a href=\"https:\/\/www.enerjigazetesi.ist\/tr\/wp-json\/wp\/v2\/posts\/159968\" class=\"qtranxs-available-language-link qtranxs-available-language-link-tr\" title=\"Turkish\">Turkish<\/a>. For the sake of viewer convenience, the content is shown below in the alternative language. You may click the link to switch the active language.<\/p><p><\/p>\n<h2><strong>&#8220;Teknolojinin en \u00f6nemli kayna\u011f\u0131 insand\u0131r&#8221;<\/strong> diyen Hal\u0131c\u0131<strong> Group CEO&#8217;su ve Toplum 5.0<\/strong> <em>Akademi Y\u00f6netim Kurulu Ba\u015fkan\u0131<\/em><strong> Dr. H\u00fcseyin Hal\u0131c\u0131,<\/strong> bir firmadaki <strong>insan kayna\u011f\u0131<\/strong> ya da <strong>insan sermayesinin<\/strong> o firmadaki farkl\u0131l\u0131k yaratan en \u00f6nemli parametre oldu\u011funu vurgulad\u0131.<\/h2>\n<h2>&#8220;GEL\u0130\u015eM\u0130\u015e \u00dcLKELER\u0130N HEGEMONYASINDA ALGILANMAMALI&#8221;<strong><img loading=\"lazy\" class=\"alignright wp-image-159969\" src=\"https:\/\/www.enerjigazetesi.ist\/wp-content\/uploads\/2022\/08\/Dr.Huseyin-Halici_152509548.jpg\" alt=\"\" width=\"320\" height=\"214\" srcset=\"https:\/\/www.enerjigazetesi.ist\/wp-content\/uploads\/2022\/08\/Dr.Huseyin-Halici_152509548.jpg 550w, https:\/\/www.enerjigazetesi.ist\/wp-content\/uploads\/2022\/08\/Dr.Huseyin-Halici_152509548-300x200.jpg 300w, https:\/\/www.enerjigazetesi.ist\/wp-content\/uploads\/2022\/08\/Dr.Huseyin-Halici_152509548-500x334.jpg 500w, https:\/\/www.enerjigazetesi.ist\/wp-content\/uploads\/2022\/08\/Dr.Huseyin-Halici_152509548-75x50.jpg 75w, https:\/\/www.enerjigazetesi.ist\/wp-content\/uploads\/2022\/08\/Dr.Huseyin-Halici_152509548-450x300.jpg 450w\" sizes=\"(max-width: 320px) 100vw, 320px\" \/><\/strong><\/h2>\n<p>Dr. Hal\u0131c\u0131; teknolojiyi geli\u015fmi\u015f \u00fclkelerin <strong>hegemonyas\u0131nda alg\u0131lamamak<\/strong> ve <strong>bu psikolojiden\u00a0kurtulmak<\/strong> gerekti\u011fini ifade ederek, T\u00fcrkiye&#8217;nin ba\u015fta <strong>savunma sanayi<\/strong> olmak \u00fczere bu konuda geli\u015fim g\u00f6sterdi\u011fini ve at\u0131l\u0131m i\u00e7inde oldu\u011funu ancak daha fazlas\u0131na ihtiya\u00e7 oldu\u011funu dile getirdi.<\/p>\n<p>Gelecek i\u00e7in teknolojiyi kullanan tarafta olmaktan ziyade geli\u015ftiren tarafta olunmas\u0131 gerekti\u011fini belirten <strong>Dr. Hal\u0131c\u0131; <\/strong><em>kullan\u0131ld\u0131\u011f\u0131 takdirde ise insanl\u0131k i\u00e7in daha do\u011fru, daha faydal\u0131 i\u015flerde kullan\u0131lmas\u0131n\u0131 \u00f6nerdi.<\/em><\/p>\n<h3>&#8220;TEKNOLOJ\u0130YE POZ\u0130T\u0130F BAKILMASI GEREK\u0130R&#8221;<\/h3>\n<p><strong>Yapay zekan\u0131n<\/strong> bir \u00e7ocu\u011fa benzedi\u011fini ve nas\u0131l yeti\u015ftirilirse \u00f6yle geli\u015fti\u011fini kaydeden <strong>Dr. Hal\u0131c\u0131, <\/strong><em>&#8220;Yapay zekadan korkmamal\u0131y\u0131z. Bunu geli\u015ftiren de ortaya \u00e7\u0131karan da insand\u0131r.&#8221;<\/em> dedi.<\/p>\n<p><strong>Yapay zekan\u0131n hakimiyeti<\/strong> ve<strong> robotlar\u0131n insanlar\u0131n yapt\u0131\u011f\u0131 i\u015fleri elinden almas\u0131 konusuna da<\/strong> de\u011finen, bug\u00fcn bir robotun devreye al\u0131nmas\u0131 <strong>i\u00e7in bile 2-3 ay \u00e7al\u0131\u015f\u0131ld\u0131\u011f\u0131n\u0131 ve bu nedenle teknolojiye pozitif bak\u0131lmas\u0131 gerekti\u011fini<\/strong> kaydeden <strong>Dr. Hal\u0131c\u0131, <\/strong><em>&#8220;Bak\u0131\u015f a\u00e7\u0131s\u0131n\u0131 de\u011fi\u015ftirirsek, o zaman teknolojiye daha pozitif bak\u0131yoruz. Pozitif bak\u0131nca seviyoruz, sevince ilgili duyuyoruz, ilgi duyunca da \u00e7al\u0131\u015fmaya ba\u015fl\u0131yoruz.&#8221; <\/em>ifadelerini kulland\u0131.<\/p>\n<h3>&#8220;ANCAK MASAYI HEP B\u0130RL\u0130KTE TA\u015eIRSAK BA\u015eARIYA ULA\u015eIRIZ&#8221;<\/h3>\n<p><strong>\u00d6zel sekt\u00f6r<\/strong>, <strong>kamu, akademi<\/strong> ve<strong> STK&#8217;lar\u0131n birlikte<\/strong> y\u00fcr\u00fctt\u00fckleri i\u015flerin ba\u015far\u0131ya ula\u015faca\u011f\u0131n\u0131 belirten Dr. Hal\u0131c\u0131, bu payda\u015flar\u0131n bir arada \u00e7al\u0131\u015ft\u0131\u011f\u0131 takdirde iyi bir sonu\u00e7 elde edilebilece\u011fini s\u00f6yleyerek <span style=\"text-decoration: underline;\">\u015fu \u00f6rne\u011fi payla\u015ft\u0131:<\/span><\/p>\n<p><em>&#8220;\u00d6rne\u011fin bir masay\u0131 ele alal\u0131m. Masay\u0131 \u00f6zel <strong>sekt\u00f6r, kamu, akademi<\/strong> ve<strong> STK&#8217;lar\u0131n hi\u00e7biri tek ba\u015f\u0131na kald\u0131ramaz.<\/strong> Ancak hep birlikte kald\u0131rd\u0131klar\u0131 takdirde ba\u015far\u0131 gelir. Ben bunun olaca\u011f\u0131na inan\u0131yorum.&#8221;<\/em><\/p>","protected":false},"excerpt":{"rendered":"<p>Sorry, this entry is only available in Turkish. For the sake of viewer convenience, the content is shown below in the alternative language. You may click the link to switch the active language. &#8220;Teknolojinin en \u00f6nemli kayna\u011f\u0131 insand\u0131r&#8221; diyen Hal\u0131c\u0131 Group CEO&#8217;su ve Toplum 5.0 Akademi Y\u00f6netim Kurulu Ba\u015fkan\u0131 Dr. H\u00fcseyin Hal\u0131c\u0131, bir firmadaki insan [&hellip;]<\/p>\n","protected":false},"author":19,"featured_media":159980,"comment_status":"open","ping_status":"open","sticky":false,"template":"","format":"standard","meta":[],"categories":[53,157],"tags":[47970,52259,3176,105132],"views":137,"_links":{"self":[{"href":"https:\/\/www.enerjigazetesi.ist\/en\/wp-json\/wp\/v2\/posts\/159968"}],"collection":[{"href":"https:\/\/www.enerjigazetesi.ist\/en\/wp-json\/wp\/v2\/posts"}],"about":[{"href":"https:\/\/www.enerjigazetesi.ist\/en\/wp-json\/wp\/v2\/types\/post"}],"author":[{"embeddable":true,"href":"https:\/\/www.enerjigazetesi.ist\/en\/wp-json\/wp\/v2\/users\/19"}],"replies":[{"embeddable":true,"href":"https:\/\/www.enerjigazetesi.ist\/en\/wp-json\/wp\/v2\/comments?post=159968"}],"version-history":[{"count":0,"href":"https:\/\/www.enerjigazetesi.ist\/en\/wp-json\/wp\/v2\/posts\/159968\/revisions"}],"wp:featuredmedia":[{"embeddable":true,"href":"https:\/\/www.enerjigazetesi.ist\/en\/wp-json\/wp\/v2\/media\/159980"}],"wp:attachment":[{"href":"https:\/\/www.enerjigazetesi.ist\/en\/wp-json\/wp\/v2\/media?parent=159968"}],"wp:term":[{"taxonomy":"category","embeddable":true,"href":"https:\/\/www.enerjigazetesi.ist\/en\/wp-json\/wp\/v2\/categories?post=159968"},{"taxonomy":"post_tag","embeddable":true,"href":"https:\/\/www.enerjigazetesi.ist\/en\/wp-json\/wp\/v2\/tags?post=159968"}],"curies":[{"name":"wp","href":"https:\/\/api.w.org\/{rel}","templated":true}]}}