{"id":159926,"date":"2022-08-01T10:03:41","date_gmt":"2022-08-01T07:03:41","guid":{"rendered":"https:\/\/www.enerjigazetesi.ist\/?p=159926"},"modified":"2022-08-01T10:03:41","modified_gmt":"2022-08-01T07:03:41","slug":"tredas-ipg-ye-imza-atan-ilk-elektrik-dagitim-sirketi-oldu","status":"publish","type":"post","link":"https:\/\/www.enerjigazetesi.ist\/en\/tredas-ipg-ye-imza-atan-ilk-elektrik-dagitim-sirketi-oldu\/","title":{"rendered":"(Turkish) &#8217;TREDA\u015e&#8217; \u0130PG\u2019ye \u0130mza Atan \u0130lk Elektrik Da\u011f\u0131t\u0131m \u015eirketi Oldu"},"content":{"rendered":"<p class=\"qtranxs-available-languages-message qtranxs-available-languages-message-en\">Sorry, this entry is only available in <a href=\"https:\/\/www.enerjigazetesi.ist\/tr\/wp-json\/wp\/v2\/posts\/159926\" class=\"qtranxs-available-language-link qtranxs-available-language-link-tr\" title=\"Turkish\">Turkish<\/a>. For the sake of viewer convenience, the content is shown below in the alternative language. You may click the link to switch the active language.<\/p><p><\/p>\n<h2><strong>Trakya Elektrik Da\u011f\u0131t\u0131m A.\u015e. (TREDA\u015e), gelecek nesillere ya\u015fanabilir bir d\u00fcnya b\u0131rakmak hedefiyle y\u00fcr\u00fctt\u00fc\u011f\u00fc s\u00fcrd\u00fcr\u00fclebilirlik \u00e7al\u0131\u015fmalar\u0131na bir yenisini daha ekledi. TREDA\u015e, plastik t\u00fcketimini azaltmay\u0131 ama\u00e7layan \u0130\u015f D\u00fcnyas\u0131 Plastik Giri\u015fimi\u2019ne (\u0130PG) imza atan T\u00fcrkiye\u2019deki ilk elektrik da\u011f\u0131t\u0131m \u015firketi oldu.<\/strong><\/h2>\n<p><strong>Trakya B\u00f6lgesi<\/strong>\u2019nde <strong>3 ilde<\/strong> hizmet veren<strong> TREDA\u015e<\/strong>, 20 bin kilometrekare alanda, <strong>2 milyonu a\u015fk\u0131n<\/strong> ki\u015fiye <strong>elektrik da\u011f\u0131t\u0131m hizmeti<\/strong>ni, kaliteli ve s\u00fcrekli vermek i\u00e7in \u00e7al\u0131\u015fmalar\u0131n\u0131 aral\u0131ks\u0131z s\u00fcrd\u00fcr\u00fcyor. <img loading=\"lazy\" class=\"alignright wp-image-159929\" src=\"https:\/\/www.enerjigazetesi.ist\/wp-content\/uploads\/2022\/08\/tredas-ipg-ye-imza-atan-ilk-elektrik-dagitim-sirketi-oldu.jpeg\" alt=\"\" width=\"300\" height=\"276\" srcset=\"https:\/\/www.enerjigazetesi.ist\/wp-content\/uploads\/2022\/08\/tredas-ipg-ye-imza-atan-ilk-elektrik-dagitim-sirketi-oldu.jpeg 682w, https:\/\/www.enerjigazetesi.ist\/wp-content\/uploads\/2022\/08\/tredas-ipg-ye-imza-atan-ilk-elektrik-dagitim-sirketi-oldu-300x276.jpeg 300w, https:\/\/www.enerjigazetesi.ist\/wp-content\/uploads\/2022\/08\/tredas-ipg-ye-imza-atan-ilk-elektrik-dagitim-sirketi-oldu-435x400.jpeg 435w, https:\/\/www.enerjigazetesi.ist\/wp-content\/uploads\/2022\/08\/tredas-ipg-ye-imza-atan-ilk-elektrik-dagitim-sirketi-oldu-54x50.jpeg 54w, https:\/\/www.enerjigazetesi.ist\/wp-content\/uploads\/2022\/08\/tredas-ipg-ye-imza-atan-ilk-elektrik-dagitim-sirketi-oldu-500x460.jpeg 500w\" sizes=\"(max-width: 300px) 100vw, 300px\" \/>Gelecek nesillere ya\u015fanabilir bir d\u00fcnya b\u0131rakmak amac\u0131yla s\u00fcrd\u00fcr\u00fclebilirlik \u00e7al\u0131\u015fmalar\u0131na bir yenisini daha ekleyen TREDA\u015e, <strong>plastik kullan\u0131m\u0131n\u0131 azaltma<\/strong> konusunda imza atan ilk elektrik da\u011f\u0131t\u0131m \u015firketi olarak \u0130PG\u2019de yerini ald\u0131.<\/p>\n<p>Plastik ambalajlar\u0131n \u00e7e\u015fitli sebeplerle deniz ekosistemlerine kar\u0131\u015ft\u0131\u011f\u0131n\u0131, y\u0131lda yakla\u015f\u0131k 8 milyon ton plastik at\u0131\u011f\u0131n denizlere ve okyanuslara ula\u015ft\u0131\u011f\u0131n\u0131 g\u00f6steren rapor ve ara\u015ft\u0131rmalar oldu\u011funu belirten<strong>\u00a0TREDA\u015e Genel M\u00fcd\u00fcr\u00fc Re\u015fit Bilgili<\/strong>, \u201c<em>Plastik kirlili\u011fi ile m\u00fccadeleyi bir ad\u0131m \u00f6teye ta\u015f\u0131yarak <strong>\u0130\u015f D\u00fcnyas\u0131 Plastik Giri\u015fimi\u2019<\/strong>nin \u00e7a\u011fr\u0131s\u0131na cevap verdik. \u00c7ocuklar\u0131m\u0131za daha iyi bir gelecek b\u0131rakmak ve daha ya\u015fanabilir bir d\u00fcnya i\u00e7in \u00e7\u00f6z\u00fcm\u00fcn bir par\u00e7as\u0131 olmak istedik. \u015eirketimiz faaliyet alan\u0131nda <strong>\u00e7evresel, sosyal<\/strong> ve <strong>y\u00f6neti\u015fim<\/strong> alanlar\u0131nda y\u00fcr\u00fctt\u00fc\u011f\u00fcm\u00fcz \u00e7al\u0131\u015fmalar\u0131 destekleyen bu giri\u015fimin bir par\u00e7as\u0131 olmaktan dolay\u0131 mutluyuz<\/em>\u201d ifadelerini kulland\u0131.<\/p>\n<p>TREDA\u015e, \u0130\u015f D\u00fcnyas\u0131 Plastik Giri\u015fimi\u2019nin imzac\u0131lar\u0131ndan biri olarak, <strong>plastik kullan\u0131m\u0131n\u0131 azaltma<\/strong>, \u00f6nleme ve geri d\u00f6n\u00fc\u015f\u00fcm\u00fcn\u00fc sa\u011flama noktas\u0131nda d\u00fczenli raporlamalar\u0131n\u0131<strong> \u0130PG\u2019ye<\/strong> sunaca\u011f\u0131n\u0131 taahh\u00fct etti.<\/p>\n<p>TREDA\u015e, d\u00fcnyadaki ya\u015fam\u0131n s\u00fcrd\u00fcr\u00fclebilirli\u011fine katk\u0131 sa\u011flayacak ve bu konuyla ilgili fark\u0131ndal\u0131k yaratacak t\u00fcm \u00e7abalar\u0131,<strong> s\u00fcrd\u00fcr\u00fclebilirlik<\/strong> misyonu \u00e7er\u00e7evesinde desteklemenin yan\u0131 s\u0131ra, \u015firket i\u015fleyi\u015finin de merkezine koyuyor. <strong>\u201cPlasti\u011fi azalt, ya\u015fam\u0131 \u00e7o\u011falt\u201d<\/strong> mottosuyla <strong>gereksiz plastik<\/strong> ve <strong>tek kullan\u0131ml\u0131k plastik<\/strong> \u00fcr\u00fcnlerinin kullan\u0131m\u0131n\u0131 azaltmay\u0131 ama\u00e7layan TREDA\u015e, hizmet verdi\u011fi <strong>24 lokasyonda<\/strong> <em>plastikte d\u00f6ng\u00fcsel ekonomiye<\/em> ge\u00e7i\u015fe katk\u0131 sa\u011flamay\u0131 hedefliyor.<\/p>","protected":false},"excerpt":{"rendered":"<p>Sorry, this entry is only available in Turkish. For the sake of viewer convenience, the content is shown below in the alternative language. You may click the link to switch the active language. Trakya Elektrik Da\u011f\u0131t\u0131m A.\u015e. (TREDA\u015e), gelecek nesillere ya\u015fanabilir bir d\u00fcnya b\u0131rakmak hedefiyle y\u00fcr\u00fctt\u00fc\u011f\u00fc s\u00fcrd\u00fcr\u00fclebilirlik \u00e7al\u0131\u015fmalar\u0131na bir yenisini daha ekledi. TREDA\u015e, plastik t\u00fcketimini [&hellip;]<\/p>\n","protected":false},"author":1,"featured_media":159930,"comment_status":"open","ping_status":"open","sticky":false,"template":"","format":"standard","meta":[],"categories":[51,53],"tags":[76848,76842,102070,37956,105123,66320],"views":164,"_links":{"self":[{"href":"https:\/\/www.enerjigazetesi.ist\/en\/wp-json\/wp\/v2\/posts\/159926"}],"collection":[{"href":"https:\/\/www.enerjigazetesi.ist\/en\/wp-json\/wp\/v2\/posts"}],"about":[{"href":"https:\/\/www.enerjigazetesi.ist\/en\/wp-json\/wp\/v2\/types\/post"}],"author":[{"embeddable":true,"href":"https:\/\/www.enerjigazetesi.ist\/en\/wp-json\/wp\/v2\/users\/1"}],"replies":[{"embeddable":true,"href":"https:\/\/www.enerjigazetesi.ist\/en\/wp-json\/wp\/v2\/comments?post=159926"}],"version-history":[{"count":0,"href":"https:\/\/www.enerjigazetesi.ist\/en\/wp-json\/wp\/v2\/posts\/159926\/revisions"}],"wp:featuredmedia":[{"embeddable":true,"href":"https:\/\/www.enerjigazetesi.ist\/en\/wp-json\/wp\/v2\/media\/159930"}],"wp:attachment":[{"href":"https:\/\/www.enerjigazetesi.ist\/en\/wp-json\/wp\/v2\/media?parent=159926"}],"wp:term":[{"taxonomy":"category","embeddable":true,"href":"https:\/\/www.enerjigazetesi.ist\/en\/wp-json\/wp\/v2\/categories?post=159926"},{"taxonomy":"post_tag","embeddable":true,"href":"https:\/\/www.enerjigazetesi.ist\/en\/wp-json\/wp\/v2\/tags?post=159926"}],"curies":[{"name":"wp","href":"https:\/\/api.w.org\/{rel}","templated":true}]}}