{"id":159871,"date":"2022-07-28T13:26:30","date_gmt":"2022-07-28T10:26:30","guid":{"rendered":"https:\/\/www.enerjigazetesi.ist\/?p=159871"},"modified":"2022-07-28T13:26:46","modified_gmt":"2022-07-28T10:26:46","slug":"serinlerken-dunyamiza-verdigimiz-zzarari-yalitimla-azaltmak-mumkun","status":"publish","type":"post","link":"https:\/\/www.enerjigazetesi.ist\/en\/serinlerken-dunyamiza-verdigimiz-zzarari-yalitimla-azaltmak-mumkun\/","title":{"rendered":"(Turkish) &#8221;Serinlerken D\u00fcnyam\u0131za Verdi\u011fimiz Zarar\u0131 Yal\u0131t\u0131mla Azaltmak M\u00fcmk\u00fcn&#8221;"},"content":{"rendered":"<p class=\"qtranxs-available-languages-message qtranxs-available-languages-message-en\">Sorry, this entry is only available in <a href=\"https:\/\/www.enerjigazetesi.ist\/tr\/wp-json\/wp\/v2\/posts\/159871\" class=\"qtranxs-available-language-link qtranxs-available-language-link-tr\" title=\"Turkish\">Turkish<\/a>. For the sake of viewer convenience, the content is shown below in the alternative language. You may click the link to switch the active language.<\/p><p><\/p>\n<h3><strong>\u201828 Temmuz D\u00fcnya Do\u011fa Koruma G\u00fcn\u00fc\u2019 dolay\u0131s\u0131yla bir a\u00e7\u0131klama yapan \u0130<\/strong><strong>ZODER Y\u00f6netim Kurulu Ba\u015fkan\u0131 Emrullah Eruslu,\u00a0<\/strong><strong><em>\u201cMevsim normallerinin \u00fczerine \u00e7\u0131kan hatta Avrupa\u2019da \u00f6l\u00fcmlere neden olan y\u00fcksek s\u0131cakl\u0131klar, \u00fclkemizde de so\u011futma ama\u00e7l\u0131 enerji t\u00fcketiminde \u00f6nemli art\u0131\u015flara dolay\u0131s\u0131yla y\u00fcksek enerji faturalar\u0131na neden oluyor. Y\u00fcksek enerji ihtiyac\u0131, d\u00fcnyaya daha \u00e7ok zarar anlam\u0131na geliyor. \u201c\u0130klim de\u011fi\u015fikli\u011fi \u2013 artan enerji kullan\u0131m\u0131 \u2013 \u00e7evreye daha \u00e7ok zarar\u201d<\/em> d\u00f6ng\u00fcs\u00fcn\u00fc k\u0131rman\u0131n en kolay ve h\u0131zl\u0131 yolu, yal\u0131t\u0131m uygulamalar\u0131n\u0131 yayg\u0131nla\u015ft\u0131rmakt\u0131r. <\/strong><\/h3>\n<p><em><strong>Is\u0131 Su Ses ve Yang\u0131n Yal\u0131t\u0131mc\u0131lar\u0131 Derne\u011fi (\u0130ZODER)\u00a0<\/strong><strong>Y\u00f6netim Kurulu Ba\u015fkan\u0131 Emrullah Eruslu, <\/strong><\/em>iklim de\u011fi\u015fikli\u011finin kal\u0131c\u0131 etkilerini ya\u015fad\u0131\u011f\u0131m\u0131z, hava s\u0131cakl\u0131klar\u0131n\u0131n mevsim normallerinin \u00fczerine \u00e7\u0131kt\u0131\u011f\u0131 bug\u00fcnlerde evlerimizde so\u011futmaya y\u00f6nelik enerji kullan\u0131m\u0131n\u0131n \u00fcst seviyelere y\u00fckseldi\u011fine <img loading=\"lazy\" class=\"alignright wp-image-159874\" src=\"https:\/\/www.enerjigazetesi.ist\/wp-content\/uploads\/2022\/07\/serinlerken-dunyamiza-verdigimiz-zzarari-yalitimla-azaltmak-mumkun-1.jpg\" alt=\"\" width=\"300\" height=\"259\" srcset=\"https:\/\/www.enerjigazetesi.ist\/wp-content\/uploads\/2022\/07\/serinlerken-dunyamiza-verdigimiz-zzarari-yalitimla-azaltmak-mumkun-1.jpg 550w, https:\/\/www.enerjigazetesi.ist\/wp-content\/uploads\/2022\/07\/serinlerken-dunyamiza-verdigimiz-zzarari-yalitimla-azaltmak-mumkun-1-300x259.jpg 300w, https:\/\/www.enerjigazetesi.ist\/wp-content\/uploads\/2022\/07\/serinlerken-dunyamiza-verdigimiz-zzarari-yalitimla-azaltmak-mumkun-1-463x400.jpg 463w, https:\/\/www.enerjigazetesi.ist\/wp-content\/uploads\/2022\/07\/serinlerken-dunyamiza-verdigimiz-zzarari-yalitimla-azaltmak-mumkun-1-58x50.jpg 58w, https:\/\/www.enerjigazetesi.ist\/wp-content\/uploads\/2022\/07\/serinlerken-dunyamiza-verdigimiz-zzarari-yalitimla-azaltmak-mumkun-1-500x432.jpg 500w\" sizes=\"(max-width: 300px) 100vw, 300px\" \/>dikkat \u00e7ekerek,<em> \u201c<strong>Yal\u0131t\u0131m<\/strong> ile<strong> so\u011futma<\/strong> i\u00e7in harcad\u0131\u011f\u0131m\u0131z enerji miktar\u0131n\u0131 d\u00fc\u015f\u00fcrebilir,<strong> oda s\u0131cakl\u0131\u011f\u0131n\u0131 daha uzun s\u00fcreli<\/strong> koruyabiliriz. <strong>Yal\u0131t\u0131m kredisi deste\u011fi<\/strong> ile evlerimizde \u0131s\u0131tma ve so\u011futma i\u00e7in kulland\u0131\u011f\u0131m\u0131z enerji miktar\u0131n\u0131 d\u00fc\u015f\u00fcrerek hem aile b\u00fct\u00e7emiz hem de \u00fclkemiz i\u00e7in verimlili\u011fe imza atabilir, yal\u0131t\u0131m\u0131n olu\u015fturaca\u011f\u0131 konfordan yararlanabiliriz. <strong>28 Temmuz D\u00fcnya Do\u011fa Koruma G\u00fcn\u00fc<\/strong>\u2019nde d\u00fcnyam\u0131z\u0131n kaynaklar\u0131n\u0131 korumaya olan fark\u0131ndal\u0131\u011f\u0131 art\u0131rmak i\u00e7in hemen her f\u0131rsatta dile getirdi\u011fimiz yal\u0131t\u0131m\u0131n faydalar\u0131n\u0131 bir kez daha vurgulamak istiyoruz. Evlerimizi k\u0131\u015f\u0131n \u0131s\u0131t\u0131rken oldu\u011fu gibi yaz\u0131n da so\u011futurken d\u00fcnya kaynaklar\u0131n\u0131 harc\u0131yoruz. Yal\u0131t\u0131m sayesinde bu <strong>kaynaklar\u0131n t\u00fcketilmesi<\/strong> ve<strong> do\u011faya verdi\u011fi zararlar\u0131<\/strong> asgari d\u00fczeye indirebiliriz. Binalarda enerji verimlili\u011fi, ba\u015fta <strong>k\u00fcresel \u0131s\u0131nma<\/strong> olmak \u00fczere <strong>\u00e7evresel sorunlar ile m\u00fccadelede<\/strong> en etkin uygulamad\u0131r.\u201d<\/em> ifadelerini kulland\u0131.<\/p>\n<p>T\u00fcrkiye olarak kulland\u0131\u011f\u0131m\u0131z enerjinin kabaca y\u00fczde <strong>70<\/strong>\u2019ini ithal etti\u011fimizi hat\u0131rlatan <strong>Emrullah Eruslu<\/strong>, <em>\u201cEnerji dengelerinin geldi\u011fi nokta ve <strong>k\u00fcresel \u0131s\u0131nma nedeniyle<\/strong> mevsim normallerinin \u00fczerinde seyreden hava s\u0131cakl\u0131klar\u0131 <strong>Fransa, Almanya, \u0130talya<\/strong> gibi <strong>Avrupa \u00fclkeleri<\/strong>ni <strong>enerji verimlili\u011fini<\/strong> sa\u011flamaya y\u00f6nelik ciddi ad\u0131mlar atmaya y\u00f6neltti. Enerjisinin b\u00fcy\u00fck b\u00f6l\u00fcm\u00fcnde d\u0131\u015fa ba\u011f\u0131ml\u0131 olan bir \u00fclke olarak toplam enerjimizin <strong>%<\/strong> <strong>32,7<\/strong>\u2019lik pay\u0131n\u0131 binalarda kullan\u0131yor, bunun da y\u00fczde <strong>80<\/strong>\u2019ini \u0131s\u0131tma ve so\u011futma ama\u00e7l\u0131 t\u00fcketiyoruz. Enerji faturam\u0131z her ge\u00e7en g\u00fcn kabar\u0131yor.\u00a02022 y\u0131l\u0131 i\u00e7in sadece <strong>ocak \u2013 mart d\u00f6neminde<\/strong> enerji ithalat\u0131m\u0131z <strong>25<\/strong> milyar dolar\u0131 buldu.\u00a0<strong>AB \u00fclkelerinin<\/strong> bug\u00fcn ald\u0131\u011f\u0131 \u00f6nlemleri, biz de bir an \u00f6nce hayata ge\u00e7irmeliyiz. <strong>Yal\u0131t\u0131m kredisi deste\u011fi<\/strong> bu anlamda \u00e7ok \u00f6nemli bir f\u0131rsat.\u00a0Bu kredi ile halk\u0131m\u0131z <strong>y\u00fczde 0,99<\/strong> faiz oran\u0131yla <strong>50 bin TL<\/strong>&#8216;ye kadar <strong>60<\/strong> ay vadeli olarak kredi kullanabilecek ve evlerini daha d\u00fc\u015f\u00fck faturalarla k\u0131\u015f\u0131n \u0131s\u0131tabilecek, yaz\u0131n klimayla serinletebilecek. <strong>Is\u0131 yal\u0131t\u0131m\u0131 uygulamalar\u0131<\/strong> hem ilk yat\u0131r\u0131m hem i\u015fletme maliyetlerini d\u00fc\u015f\u00fcrerek kendini k\u0131sa s\u00fcrede geri \u00f6der, bina \u00f6mr\u00fc boyunca tasarruf sa\u011flamaya devam eder.\u00a0Do\u011fru yal\u0131t\u0131m uygulamalar\u0131yla hem <strong>fosil yak\u0131t t\u00fcketimini<\/strong> azaltarak d\u00fcnyay\u0131 daha az kirletmek, k\u00fcresel etkileri azaltmak hem de<strong> y\u00fczde 50<\/strong>\u2019ye varan oranda tasarruf elde etmek m\u00fcmk\u00fcn. Kredi s\u00fcresi olan<strong> 60<\/strong> ay\u0131n\u00a0sonunda sera gaz\u0131 azalt\u0131m\u0131 <strong>13,5 milyon ton CO<sub>2<\/sub><\/strong> mertebelerinde hesaplan\u0131yor. Bu tasarruf; <strong>124.000 adet<\/strong> a\u011fa\u00e7tan olu\u015fan<strong> 50.000 d\u00f6n\u00fcm orman alan\u0131<\/strong>n\u0131n <strong>5 y\u0131l<\/strong> boyunca yuttu\u011fu<strong> CO<sub>2<\/sub> miktar\u0131na<\/strong> e\u015f de\u011fer. \u00d6te yandan sadece<strong> binalar\u0131n enerji verimli hale getirilmesi<\/strong>yle (en az C s\u0131n\u0131f\u0131 binalar) her y\u0131l <strong>9-10<\/strong> milyar dolar tasarruf elde etme potansiyelimiz var.\u201d<\/em> \u015feklinde konu\u015ftu.<\/p>\n<h3><strong>T\u00fcm vatanda\u015flar\u0131m\u0131z\u0131 daha kal\u0131n yal\u0131t\u0131m yapmaya davet ediyoruz<\/strong><\/h3>\n<p>\u00dclkemizde tavsiye edilen <strong>U de\u011ferleri<\/strong>nin (\u0131s\u0131l ge\u00e7irgenlik de\u011feri) iyile\u015ftirilmesini \u00f6nemli g\u00f6rd\u00fcklerini aktaran <strong>Emrullah Eruslu<\/strong>, \u0130ZODER\u2019in <strong>\u201cTek Yol U D\u00f6n\u00fc\u015f\u00fc\u201d<\/strong> kampanyas\u0131n\u0131 bu ama\u00e7la hayata ge\u00e7irdiklerini aktard\u0131. <strong>\u201cTek Yol U D\u00f6n\u00fc\u015f\u00fc\u201d<\/strong> diyerek T\u00fcrkiye\u2019deki binalar\u0131n <strong>daha az enerji harcayan<\/strong> \u00e7evre dostu bir yap\u0131ya kavu\u015fmas\u0131 i\u00e7in <strong>\u00e7at\u0131, duvar<\/strong> ve <strong>d\u00f6\u015femelerdeki yal\u0131t\u0131m kal\u0131nl\u0131klar\u0131<\/strong>n\u0131n art\u0131r\u0131larak, kaplamal\u0131 <strong>yal\u0131t\u0131m cam\u0131 \u00fcniteleri<\/strong> kullan\u0131larak <strong>U<\/strong> de\u011ferlerinin iyile\u015ftirilmesine dikkat \u00e7ektiklerini belirtti. <strong>Emrullah Eruslu<\/strong>, a\u00e7\u0131klamalar\u0131na <span style=\"text-decoration: underline;\">\u015f\u00f6yle devam etti:<\/span><\/p>\n<p><em>\u201cYa\u015fad\u0131\u011f\u0131m\u0131z b\u00f6lgenin <strong>iklim ko\u015fullar\u0131na uygun<\/strong> kal\u0131nl\u0131kta \u0131s\u0131 yal\u0131t\u0131m\u0131 yapt\u0131rarak, A ve <strong>B s\u0131n\u0131f\u0131<\/strong> binalar\u0131 hedeflemeliyiz. <strong>Antalya<\/strong> ve <strong>\u0130zmir<\/strong> gibi s\u0131cak iklim b\u00f6lgelerinde <strong>6-8cm<\/strong>, \u0130stanbul gibi \u0131l\u0131man iklime sahip b\u00f6lgelerde <strong>9-10cm<\/strong>, Ankara gibi so\u011fuk olan yerlerde <strong>10-12cm<\/strong> ve Erzurum gibi \u00e7ok so\u011fuk olan yerlerde <strong>14-15cm<\/strong> kal\u0131nl\u0131klarda yal\u0131t\u0131m yapmam\u0131z gerekiyor. B\u00f6ylece konutlar\u0131m\u0131z\u0131n <strong>enerji verimlili\u011fini y\u00fckseltirken<\/strong>, yat\u0131r\u0131m anlam\u0131nda da<strong> kredibilitesini<\/strong> ve <strong>enerji s\u0131n\u0131f\u0131n\u0131 da art\u0131rm\u0131\u015f<\/strong> oluruz. Mevzuatlar\u0131m\u0131z\u0131n bu bak\u0131mdan yenilenmesine ihtiya\u00e7 var. Di\u011fer yandan BDDK\u2019n\u0131n konut kredilerinde <strong>binalar\u0131n enerji s\u0131n\u0131f\u0131n\u0131<\/strong> \u00f6nceleyen karar\u0131, konutta yap\u0131labilecek en do\u011fru yat\u0131r\u0131m\u0131n yal\u0131t\u0131m oldu\u011funu i\u015faret ediyor. Yal\u0131t\u0131ml\u0131 konut demek yaz\u0131n ve k\u0131\u015f\u0131n daha az enerji t\u00fcketen, bina i\u00e7 \u0131s\u0131s\u0131n\u0131 koruyan, <strong>konforlu, nitelikli, \u00e7evreye duyarl\u0131 konut<\/strong> demek. Enerji ithalat\u0131na ayr\u0131lan onca kayna\u011fa ra\u011fmen <strong>T\u00dc\u0130K<\/strong> taraf\u0131ndan <strong>06 May\u0131s 2022<\/strong> tarihinde yay\u0131mlanan <strong>\u201cGelir ve Ya\u015fam Ko\u015fullar\u0131 Ara\u015ft\u0131rmas\u0131\u201dna<\/strong> g\u00f6re, <strong>konutlarda yal\u0131t\u0131ms\u0131zl\u0131k<\/strong> dolay\u0131 \u0131s\u0131namama en \u00e7ok kar\u015f\u0131la\u015f\u0131lan <strong>konut<\/strong> ve <strong>\u00e7evre problemi<\/strong> olarak \u00f6ne \u00e7\u0131k\u0131yor. Rapor, kurumsal olmayan n\u00fcfusun <strong>y\u00fczde 34,3<\/strong>&#8216;\u00fc konutunda yal\u0131t\u0131ms\u0131zl\u0131k veya eksik yal\u0131t\u0131mdan dolay\u0131 \u0131s\u0131namama sorunu, <strong>y\u00fczde 33,9<\/strong>&#8216;u <strong>s\u0131zd\u0131ran \u00e7at\u0131, nemli duvarlar, \u00e7\u00fcr\u00fcm\u00fc\u015f pencere \u00e7er\u00e7eveleri vb.<\/strong> problemler ile kar\u015f\u0131 kar\u015f\u0131ya kal\u0131nd\u0131\u011f\u0131n\u0131 ortaya koymaktad\u0131r. \u0130ZODER olarak binalarda <strong>enerji verimlili\u011fini<\/strong> art\u0131racak, daha az enerji t\u00fcketerek <strong>\u0131s\u0131tma-so\u011futma konforu<\/strong> sa\u011flayacak uygulamalar\u0131 geli\u015ftirme ve d\u00fcnyam\u0131z\u0131n gelece\u011fi i\u00e7in fark\u0131ndal\u0131k olu\u015fturma \u00e7abalar\u0131m\u0131za devam edece\u011fiz.&#8221;<\/em><\/p>","protected":false},"excerpt":{"rendered":"<p>Sorry, this entry is only available in Turkish. For the sake of viewer convenience, the content is shown below in the alternative language. You may click the link to switch the active language. \u201828 Temmuz D\u00fcnya Do\u011fa Koruma G\u00fcn\u00fc\u2019 dolay\u0131s\u0131yla bir a\u00e7\u0131klama yapan \u0130ZODER Y\u00f6netim Kurulu Ba\u015fkan\u0131 Emrullah Eruslu,\u00a0\u201cMevsim normallerinin \u00fczerine \u00e7\u0131kan hatta Avrupa\u2019da \u00f6l\u00fcmlere [&hellip;]<\/p>\n","protected":false},"author":1,"featured_media":159875,"comment_status":"open","ping_status":"open","sticky":false,"template":"","format":"standard","meta":[],"categories":[53,52],"tags":[52977,2091,10464,1999,675,18551,105109,105107,105108],"views":441,"_links":{"self":[{"href":"https:\/\/www.enerjigazetesi.ist\/en\/wp-json\/wp\/v2\/posts\/159871"}],"collection":[{"href":"https:\/\/www.enerjigazetesi.ist\/en\/wp-json\/wp\/v2\/posts"}],"about":[{"href":"https:\/\/www.enerjigazetesi.ist\/en\/wp-json\/wp\/v2\/types\/post"}],"author":[{"embeddable":true,"href":"https:\/\/www.enerjigazetesi.ist\/en\/wp-json\/wp\/v2\/users\/1"}],"replies":[{"embeddable":true,"href":"https:\/\/www.enerjigazetesi.ist\/en\/wp-json\/wp\/v2\/comments?post=159871"}],"version-history":[{"count":0,"href":"https:\/\/www.enerjigazetesi.ist\/en\/wp-json\/wp\/v2\/posts\/159871\/revisions"}],"wp:featuredmedia":[{"embeddable":true,"href":"https:\/\/www.enerjigazetesi.ist\/en\/wp-json\/wp\/v2\/media\/159875"}],"wp:attachment":[{"href":"https:\/\/www.enerjigazetesi.ist\/en\/wp-json\/wp\/v2\/media?parent=159871"}],"wp:term":[{"taxonomy":"category","embeddable":true,"href":"https:\/\/www.enerjigazetesi.ist\/en\/wp-json\/wp\/v2\/categories?post=159871"},{"taxonomy":"post_tag","embeddable":true,"href":"https:\/\/www.enerjigazetesi.ist\/en\/wp-json\/wp\/v2\/tags?post=159871"}],"curies":[{"name":"wp","href":"https:\/\/api.w.org\/{rel}","templated":true}]}}