{"id":159812,"date":"2022-07-27T10:58:29","date_gmt":"2022-07-27T07:58:29","guid":{"rendered":"https:\/\/www.enerjigazetesi.ist\/?p=159812"},"modified":"2022-07-27T10:58:41","modified_gmt":"2022-07-27T07:58:41","slug":"elektrikli-arac-sarj-teknolojileri-ve-ekipmanlari-fuari-26-ekimde-basliyor","status":"publish","type":"post","link":"https:\/\/www.enerjigazetesi.ist\/en\/elektrikli-arac-sarj-teknolojileri-ve-ekipmanlari-fuari-26-ekimde-basliyor\/","title":{"rendered":"(Turkish) Elektrikli Ara\u00e7 \u015earj Teknolojileri ve Ekipmanlar\u0131 Fuar\u0131 26 Ekim&#8217;de Ba\u015fl\u0131yor!"},"content":{"rendered":"<p class=\"qtranxs-available-languages-message qtranxs-available-languages-message-en\">Sorry, this entry is only available in <a href=\"https:\/\/www.enerjigazetesi.ist\/tr\/wp-json\/wp\/v2\/posts\/159812\" class=\"qtranxs-available-language-link qtranxs-available-language-link-tr\" title=\"Turkish\">Turkish<\/a>. For the sake of viewer convenience, the content is shown below in the alternative language. You may click the link to switch the active language.<\/p><p><\/p>\n<h2><strong>Elektrikli Ara\u00e7 \u015earj \u0130stasyonu Teknolojileri, \u015earj \u0130stasyonlar\u0131nda Enerji Depolama ve Pil Y\u00f6netim Sistemlerine Y\u00f6nelik Fuar ve Konferans<\/strong><\/h2>\n<p>Elektrikli ara\u00e7lar\u0131n \u015farj altyap\u0131s\u0131na odaklanan, alan\u0131nda d\u00fcnyan\u0131n ilk ve tek fuar ve konferans\u0131 olma \u00f6zelli\u011fine sahip olan <strong>EV Charge Show, Elektrikli Ara\u00e7 \u015earj Teknolojisi ve Ekipmanlar\u0131 Fuar\u0131 ve Konferans\u0131<\/strong>, elektrikli ara\u00e7lar\u0131n \u015farj edilmesi i\u00e7in gerekli <strong>donan\u0131m<\/strong> ve <strong>yaz\u0131l\u0131m \u00fcreticileri<\/strong>, <strong>hizmet sa\u011flay\u0131c\u0131lar\u0131, \u00e7\u00f6z\u00fcm ortaklar\u0131<\/strong> ve<strong> e-mobilite<\/strong> alan\u0131nda yer alan t\u00fcm taraflar ile <strong>kamu<\/strong> ve <img loading=\"lazy\" class=\"alignright wp-image-159815\" src=\"https:\/\/www.enerjigazetesi.ist\/wp-content\/uploads\/2022\/07\/elektrikli-arac-sarj-teknolojileri-ve-ekipmanlari-fuari-26-ekimde-basliyor.jpg\" alt=\"\" width=\"320\" height=\"214\" srcset=\"https:\/\/www.enerjigazetesi.ist\/wp-content\/uploads\/2022\/07\/elektrikli-arac-sarj-teknolojileri-ve-ekipmanlari-fuari-26-ekimde-basliyor.jpg 550w, https:\/\/www.enerjigazetesi.ist\/wp-content\/uploads\/2022\/07\/elektrikli-arac-sarj-teknolojileri-ve-ekipmanlari-fuari-26-ekimde-basliyor-300x200.jpg 300w, https:\/\/www.enerjigazetesi.ist\/wp-content\/uploads\/2022\/07\/elektrikli-arac-sarj-teknolojileri-ve-ekipmanlari-fuari-26-ekimde-basliyor-500x334.jpg 500w, https:\/\/www.enerjigazetesi.ist\/wp-content\/uploads\/2022\/07\/elektrikli-arac-sarj-teknolojileri-ve-ekipmanlari-fuari-26-ekimde-basliyor-75x50.jpg 75w, https:\/\/www.enerjigazetesi.ist\/wp-content\/uploads\/2022\/07\/elektrikli-arac-sarj-teknolojileri-ve-ekipmanlari-fuari-26-ekimde-basliyor-450x300.jpg 450w\" sizes=\"(max-width: 320px) 100vw, 320px\" \/><strong>\u00f6zel sekt\u00f6r<\/strong> yat\u0131r\u0131mc\u0131lar\u0131n\u0131 bir araya getirmek \u00fczere 26-28 Ekim 2022 tarihleri aras\u0131nda \u0130stanbul Fuar Merkezinde d\u00fczenlenecek.<\/p>\n<h3><strong>Fuarda sergilenecek ba\u015fl\u0131ca \u00fcr\u00fcn ve hizmet gruplar\u0131 <\/strong><\/h3>\n<p><strong>Elektrikli ara\u00e7 \u015farj donan\u0131m\u0131<\/strong> ve yaz\u0131l\u0131m\u0131, <strong>Ak\u0131ll\u0131 ve h\u0131zl\u0131 \u015farj \u00e7\u00f6z\u00fcmleri, \u015earj istasyonlar\u0131<\/strong> i\u00e7in <strong>g\u00fcne\u015ften enerji \u00fcretimi, enerji depolama ve pil y\u00f6netim sistemleri, \u015earj istasyonu tasar\u0131m\u0131, in\u015faas\u0131<\/strong> ve <strong>i\u015fletme hizmetleri<\/strong> ba\u015fta olmak \u00fczere <strong>e-mobilite ekosistemi<\/strong>nde yer alan <em>Elektrikli ara\u00e7lar, \u015earj istasyon operat\u00f6rleri, Proje geli\u015ftirme, m\u00fchendislik, tedarik ve uygulay\u0131c\u0131lar\u0131, Elektrik \u00fcretim ve da\u011f\u0131t\u0131m \u015firketleri, Tesis y\u00f6netim \u015firketleri, Ekipman finans kurulu\u015flar\u0131, Enerji dan\u0131\u015fmanl\u0131k firmalar\u0131, Test, \u00f6l\u00e7\u00fcm ve sertifikasyon hizmetleri<\/em> gibi ana unsurlar da fuar\u0131n sergi profilinde yer al\u0131yor.<\/p>\n<h3><strong>Fuarla e\u015f zamanl\u0131 d\u00fczenlenen konferans oturumlar\u0131 <\/strong><\/h3>\n<p><strong>EV Charge Show<\/strong> ile e\u015f zamanl\u0131 olarak d\u00fczenlenen<strong> EV Charge Konferans\u0131<\/strong>&#8216;nda, \u00f6zenle se\u00e7ilmi\u015f oturum ba\u015fl\u0131klar\u0131 ve alan\u0131nda uzman konu\u015fmac\u0131lar, <strong>e-mobilite ekosistemi<\/strong>nde sunulan <strong>teknolojiler<\/strong> ve <strong>e-mobiliteye<\/strong> ge\u00e7i\u015fte kar\u015f\u0131la\u015f\u0131lacak f\u0131rsat ve tehditler hakk\u0131nda bilginizi derinle\u015ftirecek. Konferans, fuar\u0131n ana destek\u00e7isi<strong> AVERE T\u00fcrkiye Elektro Mobilite Derne\u011fi<\/strong> i\u015fbirli\u011fiyle d\u00fczenleniyor. Kat\u0131l\u0131m\u0131n \u00fccretsiz oldu\u011fu fuar ve konferansa <strong>online kay\u0131t<\/strong> yapt\u0131ran herkes kat\u0131labilecek. Konferans ajandas\u0131na <strong>ula\u015fmak i\u00e7in <a href=\"https:\/\/voli.maileon.com\/i\/oamvnGH3xBRXOFv3DwdyClJOBXHrFUy-aaxaX1BjU3w\">t\u0131klay\u0131n <\/a>&gt;&gt;&gt;<\/strong><\/p>\n<p><strong>Fuarla ilgili ayr\u0131nt\u0131l\u0131 bilgi ve \u00fccretsiz kay\u0131t i\u00e7in:<\/strong> www.evchargeshow.com adresini ziyaret edebilir, her t\u00fcrl\u00fc soru ve taleplerinizi l\u00fctfen <a href=\"mailto:info@evchargeshow.com\" target=\"_blank\" rel=\"noopener\">info@evchargeshow.com<\/a> adresine g\u00f6nderin.<\/p>","protected":false},"excerpt":{"rendered":"<p>Sorry, this entry is only available in Turkish. For the sake of viewer convenience, the content is shown below in the alternative language. You may click the link to switch the active language. Elektrikli Ara\u00e7 \u015earj \u0130stasyonu Teknolojileri, \u015earj \u0130stasyonlar\u0131nda Enerji Depolama ve Pil Y\u00f6netim Sistemlerine Y\u00f6nelik Fuar ve Konferans Elektrikli ara\u00e7lar\u0131n \u015farj altyap\u0131s\u0131na odaklanan, [&hellip;]<\/p>\n","protected":false},"author":1,"featured_media":159815,"comment_status":"open","ping_status":"open","sticky":false,"template":"","format":"standard","meta":[],"categories":[51,53],"tags":[105093,98420,105092,105091],"views":253,"_links":{"self":[{"href":"https:\/\/www.enerjigazetesi.ist\/en\/wp-json\/wp\/v2\/posts\/159812"}],"collection":[{"href":"https:\/\/www.enerjigazetesi.ist\/en\/wp-json\/wp\/v2\/posts"}],"about":[{"href":"https:\/\/www.enerjigazetesi.ist\/en\/wp-json\/wp\/v2\/types\/post"}],"author":[{"embeddable":true,"href":"https:\/\/www.enerjigazetesi.ist\/en\/wp-json\/wp\/v2\/users\/1"}],"replies":[{"embeddable":true,"href":"https:\/\/www.enerjigazetesi.ist\/en\/wp-json\/wp\/v2\/comments?post=159812"}],"version-history":[{"count":0,"href":"https:\/\/www.enerjigazetesi.ist\/en\/wp-json\/wp\/v2\/posts\/159812\/revisions"}],"wp:featuredmedia":[{"embeddable":true,"href":"https:\/\/www.enerjigazetesi.ist\/en\/wp-json\/wp\/v2\/media\/159815"}],"wp:attachment":[{"href":"https:\/\/www.enerjigazetesi.ist\/en\/wp-json\/wp\/v2\/media?parent=159812"}],"wp:term":[{"taxonomy":"category","embeddable":true,"href":"https:\/\/www.enerjigazetesi.ist\/en\/wp-json\/wp\/v2\/categories?post=159812"},{"taxonomy":"post_tag","embeddable":true,"href":"https:\/\/www.enerjigazetesi.ist\/en\/wp-json\/wp\/v2\/tags?post=159812"}],"curies":[{"name":"wp","href":"https:\/\/api.w.org\/{rel}","templated":true}]}}