{"id":159700,"date":"2022-07-25T12:54:44","date_gmt":"2022-07-25T09:54:44","guid":{"rendered":"https:\/\/www.enerjigazetesi.ist\/?p=159700"},"modified":"2022-07-25T12:55:10","modified_gmt":"2022-07-25T09:55:10","slug":"gonulluluk-programi-kivilcimlar-hareketi-10-000-gonulluluk-saatini-asti","status":"publish","type":"post","link":"https:\/\/www.enerjigazetesi.ist\/en\/gonulluluk-programi-kivilcimlar-hareketi-10-000-gonulluluk-saatini-asti\/","title":{"rendered":"(Turkish) G\u00f6n\u00fcll\u00fcl\u00fck Program\u0131 &#8216;K\u0131v\u0131lc\u0131mlar Hareketi&#8217; 10.000 G\u00f6n\u00fcll\u00fcl\u00fck Saatini A\u015ft\u0131"},"content":{"rendered":"<p class=\"qtranxs-available-languages-message qtranxs-available-languages-message-en\">Sorry, this entry is only available in <a href=\"https:\/\/www.enerjigazetesi.ist\/tr\/wp-json\/wp\/v2\/posts\/159700\" class=\"qtranxs-available-language-link qtranxs-available-language-link-tr\" title=\"Turkish\">Turkish<\/a>. For the sake of viewer convenience, the content is shown below in the alternative language. You may click the link to switch the active language.<\/p><p><\/p>\n<h2><strong>Zorlu Holding\u2019in\u00a0<\/strong><strong>Ak\u0131ll\u0131 Hayat 2030\u00a0<\/strong><strong>vizyonuyla, parlak bir gelecek ve s\u00fcrd\u00fcr\u00fclebilir bir ya\u015fam i\u00e7in \u00e7al\u0131\u015fanlar\u0131n\u0131n yetkinlik ve potansiyellerini toplumsal faydaya d\u00f6n\u00fc\u015ft\u00fcrme hedefiyle hayata ge\u00e7irdi\u011fi kurumsal g\u00f6n\u00fcll\u00fcl\u00fck program\u0131 K\u0131v\u0131lc\u0131mlar Hareketi, 10.000 g\u00f6n\u00fcll\u00fcl\u00fck saatini a\u015ft\u0131.<\/strong><\/h2>\n<p>Zorlu Holding\u2019in <strong>ekonomik<\/strong> ve <strong>sosyal refaha katk\u0131<\/strong> sa\u011flamay\u0131,<strong> toplumsal fayday\u0131 art\u0131rmay\u0131<\/strong> ve \u00e7evreye olan etkilerini azaltmay\u0131 hedefleyen <strong>Ak\u0131ll\u0131 Hayat 2030<\/strong> s\u00fcrd\u00fcr\u00fclebilirlik stratejisi kapsam\u0131nda, <img loading=\"lazy\" class=\"alignright wp-image-159704\" src=\"https:\/\/www.enerjigazetesi.ist\/wp-content\/uploads\/2022\/07\/gonulluluk-programi-kivilcimlar-hareketi-10-000-gonulluluk-saatini-asti-1.jpg\" alt=\"\" width=\"320\" height=\"196\" srcset=\"https:\/\/www.enerjigazetesi.ist\/wp-content\/uploads\/2022\/07\/gonulluluk-programi-kivilcimlar-hareketi-10-000-gonulluluk-saatini-asti-1.jpg 550w, https:\/\/www.enerjigazetesi.ist\/wp-content\/uploads\/2022\/07\/gonulluluk-programi-kivilcimlar-hareketi-10-000-gonulluluk-saatini-asti-1-300x184.jpg 300w, https:\/\/www.enerjigazetesi.ist\/wp-content\/uploads\/2022\/07\/gonulluluk-programi-kivilcimlar-hareketi-10-000-gonulluluk-saatini-asti-1-500x306.jpg 500w, https:\/\/www.enerjigazetesi.ist\/wp-content\/uploads\/2022\/07\/gonulluluk-programi-kivilcimlar-hareketi-10-000-gonulluluk-saatini-asti-1-80x50.jpg 80w\" sizes=\"(max-width: 320px) 100vw, 320px\" \/>\u00e7al\u0131\u015fanlar\u0131n\u0131n <strong>yetkinlik<\/strong> ve <strong>potansiyellerini<\/strong> toplum yarar\u0131na art\u0131 de\u011fere d\u00f6n\u00fc\u015ft\u00fcrmeyi ama\u00e7layan\u00a0kurumsal g\u00f6n\u00fcll\u00fcl\u00fck program\u0131\u00a0<strong>K\u0131v\u0131lc\u0131mlar Hareketi<\/strong>,\u00a02000\u2019den fazla g\u00f6n\u00fcll\u00fcs\u00fcyle ve yeni projelerle <strong>10.000 g\u00f6n\u00fcll\u00fcl\u00fck saatini<\/strong> a\u015ft\u0131.<\/p>\n<p><strong>K\u0131v\u0131lc\u0131mlar Hareketi<\/strong> kapsam\u0131nda, <strong>toplumsal sorunlar\u0131n \u00e7\u00f6z\u00fcm\u00fcne<\/strong> ve <strong>s\u00fcrd\u00fcr\u00fclebilir kalk\u0131nmaya<\/strong> katk\u0131 sa\u011flamak i\u00e7in<strong> \u201ce\u015fitsizliklerin azalt\u0131lmas\u0131\u201d<\/strong> ve<strong> \u201c\u00e7evre\u201d<\/strong> odak alanlar\u0131nda \u00e7e\u015fitli projeler hayata ge\u00e7iriliyor.\u00a02020 y\u0131l\u0131nda Zorlu Grubu genelinde t\u00fcm \u00e7al\u0131\u015fanlar\u0131n <strong>g\u00f6n\u00fcll\u00fcl\u00fck projeleri<\/strong> kurgulayabilecekleri yeni bir modele ge\u00e7ilen programda, <strong>g\u00f6n\u00fcll\u00fclerin geli\u015ftirdi\u011fi projelerle<\/strong> etki alan\u0131 daha da b\u00fcy\u00fcd\u00fc.<\/p>\n<h3><strong>Zorlu Holding \u0130nsan Kaynaklar\u0131 Direkt\u00f6r\u00fc Z\u00fclal \u00d6zt\u00fcrk Kaya: \u201c\u00c7al\u0131\u015fma arkada\u015flar\u0131m\u0131z\u0131n K\u0131v\u0131lc\u0131mlar Hareketi\u2019ne olan ba\u011fl\u0131l\u0131klar\u0131, toplum i\u00e7in daha iyi yar\u0131nlar\u0131 in\u015fa etmek ad\u0131na hayata ge\u00e7irdi\u011fimiz g\u00f6n\u00fcll\u00fcl\u00fck \u00e7al\u0131\u015fmalar\u0131m\u0131zda bize g\u00fc\u00e7 ve ilham veriyor\u201d<\/strong><\/h3>\n<p><em>Zorlu Holding \u0130nsan Kaynaklar\u0131 Direkt\u00f6r\u00fc<\/em> <strong>Z\u00fclal \u00d6zt\u00fcrk Kaya<\/strong> <em>\u201c\u00dclkemiz ve toplum i\u00e7in de\u011fer yaratma hedefiyle 2018 y\u0131l\u0131nda kurumsal g\u00f6n\u00fcll\u00fcl\u00fck program\u0131m\u0131z <strong>K\u0131v\u0131lc\u0131mlar Hareketi<\/strong>\u2019ni ba\u015flatt\u0131k. Bug\u00fcn, \u00fcst y\u00f6netimimiz dahil her kademeden \u00e7al\u0131\u015fma arkada\u015f\u0131m\u0131z\u0131n yer ald\u0131\u011f\u0131 <strong>2000\u2019den fazla<\/strong> g\u00f6n\u00fcll\u00fcm\u00fcz\u00fcn<strong> yarat\u0131c\u0131 fikir \u00f6nerileri<\/strong> ve <strong>emekleriyle farkl\u0131 sivil toplum \u00f6rg\u00fctleri<\/strong> ve inisiyatiflerle i\u015f birli\u011fi i\u00e7inde <strong>10.000 g\u00f6n\u00fcll\u00fcl\u00fck saatine<\/strong> ula\u015fm\u0131\u015f olman\u0131n mutlulu\u011funu ya\u015f\u0131yoruz.\u00a0\u00c7al\u0131\u015fma arkada\u015flar\u0131m\u0131z\u0131n <strong>K\u0131v\u0131lc\u0131mlar Hareketi\u2019ne<\/strong> olan ba\u011fl\u0131l\u0131klar\u0131, toplum i\u00e7in daha iyi yar\u0131nlar\u0131 in\u015fa etmek ad\u0131na hayata ge\u00e7irdi\u011fimiz<strong> g\u00f6n\u00fcll\u00fcl\u00fck \u00e7al\u0131\u015fmalar\u0131<\/strong>m\u0131zda bize<strong> g\u00fc\u00e7<\/strong> ve<strong> ilham<\/strong> veriyor. Bu motivasyonla, daha iyi ve herkes i\u00e7in ya\u015fanabilir bir d\u00fcnya i\u00e7in g\u00f6n\u00fcll\u00fcl\u00fck zemininin yaratt\u0131\u011f\u0131 pozitif etkiden de g\u00fc\u00e7 alarak \u00e7al\u0131\u015fmalar\u0131m\u0131z\u0131\u00a0s\u00fcrd\u00fcrece\u011fiz.\u201d<\/em><\/p>\n<p>K\u0131v\u0131lc\u0131mlar Hareketi\u2019nin 10.000 g\u00f6n\u00fcll\u00fcl\u00fck saatine ula\u015fmas\u0131n\u0131 kutlamak \u00fczere <strong>\u00e7al\u0131\u015fanlar<\/strong> ve<strong> g\u00f6n\u00fcll\u00fcler<\/strong> bir araya geldi. Online ger\u00e7ekle\u015ftirilen etkinli\u011fin moderat\u00f6rl\u00fc\u011f\u00fcn\u00fc 2018 y\u0131l\u0131ndan g\u00fcn\u00fcm\u00fcze <em>Birle\u015fmi\u015f Milletler G\u00f6n\u00fcll\u00fcleri \u00dclke Koordinat\u00f6r\u00fc<\/em> olarak g\u00f6rev alan <strong>Nil Memi\u015fo\u011flu<\/strong> \u00fcstlendi.<\/p>\n<p>Memi\u015fo\u011flu yapt\u0131\u011f\u0131 a\u00e7\u0131l\u0131\u015f konu\u015fmas\u0131nda, <em>\u201cYa\u015fad\u0131\u011f\u0131m\u0131z d\u00fcnyada <strong>iklim krizinin de<\/strong> yaratt\u0131\u011f\u0131 etkiler sebebiyle, bireyin katk\u0131s\u0131na \u00e7ok daha fazla ihtiya\u00e7 duydu\u011fumuz bir d\u00f6nemdeyiz. Bizler sadece \u00e7al\u0131\u015ft\u0131\u011f\u0131m\u0131z kurumlarda de\u011fil, bizim i\u00e7in \u00f6ncelikli olan konularda ilgili <strong>sivil toplum kurulu\u015flar\u0131yla<\/strong> \u00e7al\u0131\u015fmalar y\u00fcr\u00fctmeliyiz\u201d<\/em> ifadelerini kullanarak g\u00f6n\u00fcll\u00fc\u011f\u00fcn \u00f6nemine vurgu yapt\u0131.<\/p>\n<h3><strong>\u00a0\u201cBireyin k\u00fc\u00e7\u00fck ya\u015flardan itibaren g\u00f6n\u00fcll\u00fcl\u00fckle tan\u0131\u015fmas\u0131 \u00f6nemli\u201d<\/strong><\/h3>\n<p><strong>17\u00a0<\/strong>k\u00fcresel \u00e7apl\u0131 ama\u00e7tan olu\u015fan <strong>Birle\u015fmi\u015f Milletler S\u00fcrd\u00fcr\u00fclebilir Kalk\u0131nma Ama\u00e7lar\u0131<\/strong>\u2019n\u0131n hepsinin kalbinde yatan konunun g\u00f6n\u00fcll\u00fcl\u00fck oldu\u011funu ifade eden Memi\u015fo\u011flu,<em><strong>\u00a0\u201cS\u00fcrd\u00fcrebilir Kalk\u0131nma Ama\u00e7lar\u0131<\/strong>\u2019n\u0131n kalbinde yer alan, yatayda her birine dokunan konu<strong> g\u00f6n\u00fcll\u00fcl\u00fck<\/strong>, s\u00fcrd\u00fcrebilir kalk\u0131nman\u0131n temelinde<strong> g\u00f6n\u00fcll\u00fcl\u00fck<\/strong> ve <strong>sosyal sermayenin g\u00fcc\u00fc<\/strong> yat\u0131yor. Dolay\u0131s\u0131yla bireyin m\u00fcmk\u00fcnse k\u00fc\u00e7\u00fck ya\u015flardan itibaren g\u00f6n\u00fcll\u00fcl\u00fckle tan\u0131\u015fmas\u0131 olduk\u00e7a \u00f6nemli\u201d<\/em> ifadelerini kulland\u0131.<\/p>\n<p>Etkinlikte g\u00f6n\u00fcll\u00fcl\u00fck \u00e7al\u0131\u015fmalar\u0131yla ilgili <strong>d\u00fc\u015f\u00fcncelerini, deneyimlerini,<\/strong> ya\u015fad\u0131klar\u0131n\u0131n <strong>bireysel<\/strong> ve <strong>kurumsal yolculuklar\u0131nda<\/strong> kendilerine ve topluma neler katt\u0131\u011f\u0131n\u0131 payla\u015fan K\u0131v\u0131lc\u0131mlar; \u00f6nce i\u00e7inde bulundu\u011fumuz toplumu sonra t\u00fcm d\u00fcnyay\u0131 de\u011fi\u015ftirmek, <strong>daha s\u00fcrd\u00fcrebilir<\/strong> ve <strong>daha g\u00fczel bir gelecek<\/strong> i\u00e7in herkesi hayat\u0131nda en az <strong>bir defa g\u00f6n\u00fcll\u00fcl\u00fck yapmaya<\/strong> davet ettiler. G\u00f6n\u00fcll\u00fcler ayr\u0131ca, K\u0131v\u0131lc\u0131mlar Hareketi ile kat\u0131ld\u0131klar\u0131 projeler sayesinde fark\u0131ndal\u0131klar\u0131n\u0131n art\u0131\u011f\u0131n\u0131, bunun tek tarafl\u0131 bir fayda olmad\u0131\u011f\u0131n\u0131 ve her iki taraf i\u00e7in de fayda sa\u011flad\u0131\u011f\u0131n\u0131 dile getirdi.<\/p>\n<p><strong>Zorlu Holding<\/strong>, kurumsal g\u00f6n\u00fcll\u00fcl\u00fck program\u0131yla \u00e7al\u0131\u015fanlar\u0131n i\u015fe olan ba\u011fl\u0131l\u0131\u011f\u0131n\u0131n artmas\u0131na, <em>daha \u00e7ok inisiyatif almalar\u0131na, ekip \u00e7al\u0131\u015fmas\u0131, i\u015f birli\u011fi, planlama, organizasyon<\/em> ve <em>liderlik yetkinliklerinin<\/em> geli\u015fimine de katk\u0131 sa\u011flamay\u0131 ama\u00e7l\u0131yor. K\u0131v\u0131lc\u0131mlar Hareketi, 2021 y\u0131l\u0131nda <strong>\u00d6zel Sekt\u00f6r G\u00f6n\u00fcll\u00fcleri Derne\u011fi (\u00d6SGD)<\/strong> taraf\u0131ndan lay\u0131k g\u00f6r\u00fcld\u00fc\u011f\u00fc<strong> \u201cEn Ba\u015far\u0131l\u0131 G\u00f6n\u00fcll\u00fcl\u00fck Program\u0131\u201d<\/strong> \u00f6d\u00fcl\u00fcyle de bug\u00fcne kadar <strong>kurumsal g\u00f6n\u00fcll\u00fcl\u00fck<\/strong> kapsam\u0131nda yapt\u0131\u011f\u0131 \u00e7al\u0131\u015fmalarla sa\u011flad\u0131\u011f\u0131 fayday\u0131 ve \u00f6nc\u00fcl\u00fc\u011f\u00fcn\u00fc tescil etmi\u015fti.<\/p>","protected":false},"excerpt":{"rendered":"<p>Sorry, this entry is only available in Turkish. For the sake of viewer convenience, the content is shown below in the alternative language. You may click the link to switch the active language. Zorlu Holding\u2019in\u00a0Ak\u0131ll\u0131 Hayat 2030\u00a0vizyonuyla, parlak bir gelecek ve s\u00fcrd\u00fcr\u00fclebilir bir ya\u015fam i\u00e7in \u00e7al\u0131\u015fanlar\u0131n\u0131n yetkinlik ve potansiyellerini toplumsal faydaya d\u00f6n\u00fc\u015ft\u00fcrme hedefiyle hayata ge\u00e7irdi\u011fi [&hellip;]<\/p>\n","protected":false},"author":1,"featured_media":159703,"comment_status":"open","ping_status":"open","sticky":false,"template":"","format":"standard","meta":[],"categories":[53],"tags":[54609,41000,99809,99812,4033,1305],"views":57,"_links":{"self":[{"href":"https:\/\/www.enerjigazetesi.ist\/en\/wp-json\/wp\/v2\/posts\/159700"}],"collection":[{"href":"https:\/\/www.enerjigazetesi.ist\/en\/wp-json\/wp\/v2\/posts"}],"about":[{"href":"https:\/\/www.enerjigazetesi.ist\/en\/wp-json\/wp\/v2\/types\/post"}],"author":[{"embeddable":true,"href":"https:\/\/www.enerjigazetesi.ist\/en\/wp-json\/wp\/v2\/users\/1"}],"replies":[{"embeddable":true,"href":"https:\/\/www.enerjigazetesi.ist\/en\/wp-json\/wp\/v2\/comments?post=159700"}],"version-history":[{"count":0,"href":"https:\/\/www.enerjigazetesi.ist\/en\/wp-json\/wp\/v2\/posts\/159700\/revisions"}],"wp:featuredmedia":[{"embeddable":true,"href":"https:\/\/www.enerjigazetesi.ist\/en\/wp-json\/wp\/v2\/media\/159703"}],"wp:attachment":[{"href":"https:\/\/www.enerjigazetesi.ist\/en\/wp-json\/wp\/v2\/media?parent=159700"}],"wp:term":[{"taxonomy":"category","embeddable":true,"href":"https:\/\/www.enerjigazetesi.ist\/en\/wp-json\/wp\/v2\/categories?post=159700"},{"taxonomy":"post_tag","embeddable":true,"href":"https:\/\/www.enerjigazetesi.ist\/en\/wp-json\/wp\/v2\/tags?post=159700"}],"curies":[{"name":"wp","href":"https:\/\/api.w.org\/{rel}","templated":true}]}}