{"id":159583,"date":"2022-07-22T18:35:46","date_gmt":"2022-07-22T15:35:46","guid":{"rendered":"https:\/\/www.enerjigazetesi.ist\/?p=159583"},"modified":"2022-07-22T18:36:11","modified_gmt":"2022-07-22T15:36:11","slug":"covid-19-salgini-yeniden-tirmanista-olup-ic-mekan-hava-kalitesine-dikkat","status":"publish","type":"post","link":"https:\/\/www.enerjigazetesi.ist\/en\/covid-19-salgini-yeniden-tirmanista-olup-ic-mekan-hava-kalitesine-dikkat\/","title":{"rendered":"(Turkish) Covid-19 Salg\u0131n\u0131 Yeniden T\u0131rman\u0131\u015fta Olup \u0130\u00e7 Mekan Hava Kalitesine Dikkat!"},"content":{"rendered":"<p class=\"qtranxs-available-languages-message qtranxs-available-languages-message-en\">Sorry, this entry is only available in <a href=\"https:\/\/www.enerjigazetesi.ist\/tr\/wp-json\/wp\/v2\/posts\/159583\" class=\"qtranxs-available-language-link qtranxs-available-language-link-tr\" title=\"Turkish\">Turkish<\/a>. For the sake of viewer convenience, the content is shown below in the alternative language. You may click the link to switch the active language.<\/p><p><\/p>\n<h2>COVID-19 vaka say\u0131lar\u0131nda ya\u015fanan art\u0131\u015f nedeniyle\u00a0i\u00e7 mek\u00e2n hava kalitesi yeniden\u00a0g\u00fcndeme geldi.\u00a0\u00c7\u00fcnk\u00fc otel, hastane, okul, AVM gibi toplu ya\u015fam alanlar\u0131nda havada uzun s\u00fcre as\u0131l\u0131 kalabilen aerosoller, bula\u015f riskini art\u0131r\u0131yor. <strong>British Medical Journal<\/strong> taraf\u0131ndan yay\u0131nlanan ara\u015ft\u0131rmaya g\u00f6re de \u00a0Covid-19, havaland\u0131rma sistemlerinin yetersiz oldu\u011fu alanlarda\u00a0aerosoller yoluyla 2 metre mesafeden dahi bula\u015fabiliyor.<\/h2>\n<p><strong><img loading=\"lazy\" class=\"alignright wp-image-159585\" src=\"https:\/\/www.enerjigazetesi.ist\/wp-content\/uploads\/2022\/07\/covid-19-salgini-yeniden-tirmanista-olup-ic-mekan-hava-kalitesine-dikkat-1.jpg\" alt=\"\" width=\"320\" height=\"213\" srcset=\"https:\/\/www.enerjigazetesi.ist\/wp-content\/uploads\/2022\/07\/covid-19-salgini-yeniden-tirmanista-olup-ic-mekan-hava-kalitesine-dikkat-1.jpg 550w, https:\/\/www.enerjigazetesi.ist\/wp-content\/uploads\/2022\/07\/covid-19-salgini-yeniden-tirmanista-olup-ic-mekan-hava-kalitesine-dikkat-1-300x200.jpg 300w, https:\/\/www.enerjigazetesi.ist\/wp-content\/uploads\/2022\/07\/covid-19-salgini-yeniden-tirmanista-olup-ic-mekan-hava-kalitesine-dikkat-1-500x333.jpg 500w, https:\/\/www.enerjigazetesi.ist\/wp-content\/uploads\/2022\/07\/covid-19-salgini-yeniden-tirmanista-olup-ic-mekan-hava-kalitesine-dikkat-1-75x50.jpg 75w, https:\/\/www.enerjigazetesi.ist\/wp-content\/uploads\/2022\/07\/covid-19-salgini-yeniden-tirmanista-olup-ic-mekan-hava-kalitesine-dikkat-1-450x300.jpg 450w\" sizes=\"(max-width: 320px) 100vw, 320px\" \/>D\u00fcnya Sa\u011fl\u0131k \u00d6rg\u00fct\u00fc ( WHO)<\/strong>, <strong>Covid-19 salg\u0131n\u0131<\/strong>nda yeni bir dalgan\u0131n vaka say\u0131lar\u0131nda art\u0131\u015fa neden oldu\u011funu ve <strong>salg\u0131n\u0131n yeniden t\u0131rman\u0131\u015fa ge\u00e7ti\u011fini<\/strong> a\u00e7\u0131klad\u0131. Yap\u0131lan a\u00e7\u0131klamalar\u0131n ard\u0131ndan g\u00f6zler yeniden; <strong>otel, hastane, okul, AVM<\/strong> gibi toplu ya\u015fam alanlar\u0131na \u00e7evrildi. \u00c7\u00fcnk\u00fc kapal\u0131 alanlarda havada uzun s\u00fcre as\u0131l\u0131 kalabilen <strong>aerosoller,<\/strong> <strong>bula\u015f riskini<\/strong> art\u0131r\u0131yor.<\/p>\n<h3><strong>Covid-19,\u00a02 metre mesafeden bula\u015fabiliyor<\/strong><\/h3>\n<p><em>British Medical Journal<\/em> taraf\u0131ndan yay\u0131nlanan ara\u015ft\u0131rmaya g\u00f6re;<strong> Covid-19,\u00a0havaland\u0131rma sistemleri<\/strong>nin yetersiz oldu\u011fu alanlarda\u00a0aerosoller yoluyla<strong> 2 metre mesafeden<\/strong> bula\u015fabiliyor. Bu nedenle <strong>Covid-19<\/strong>&#8216;dan korunmak i\u00e7in <strong>toplu ya\u015fam alanlar\u0131nda<\/strong> do\u011fru <strong>iklimlendirme sistemleri<\/strong>ni ve <strong>filtrasyon \u00e7\u00f6z\u00fcmlerini<\/strong> tercih etmek hayati \u00f6nem ta\u015f\u0131yor.<\/p>\n<h3><strong>\u201cD\u00fcnyada her y\u0131l yakla\u015f\u0131k 4 milyon erken \u00f6l\u00fcm kaydediliyor\u201d<\/strong><\/h3>\n<p>\u201c<em>D\u00fcnya Sa\u011fl\u0131k \u00d6rg\u00fct\u00fc\u2019n\u00fcn (WHO) raporuna g\u00f6re, kapal\u0131 alanlardaki<strong> hava kirlili\u011finden kaynakl\u0131<\/strong>; <strong>ast\u0131m, kalp hastal\u0131klar\u0131<\/strong> ve<strong> kanser<\/strong> nedeniyle, d\u00fcnyada her y\u0131l yakla\u015f\u0131k<strong> 4 milyon erken \u00f6l\u00fcm<\/strong> kaydediliyor. \u00a0D\u00fcnyada ya\u015fanan <strong>erken \u00f6l\u00fcmler<\/strong> ve\u00a0<strong>Covid-19 vir\u00fcs\u00fcn\u00fcn<\/strong> neden oldu\u011fu salg\u0131n nedeniyle kapal\u0131 mek\u00e2nlar\u0131n <strong>i\u00e7 hava kalitesi<\/strong> b\u00fcy\u00fck \u00f6nem ta\u015f\u0131yor.\u00a0<\/em><\/p>\n<p><em>Kapal\u0131 mek\u00e2nlarda i\u00e7 hava kalitesini sa\u011flayabilmek i\u00e7in do\u011fru<strong> iklimlendirme sistemleri\u00a0<\/strong>tercih etmenin yan\u0131 s\u0131ra do\u011fru <strong>filtrasyon sistemleri<\/strong> kullanmak gerekiyor. <strong>Havan\u0131n iklimlendirme sistemleri<\/strong> ile do\u011fru bir \u015fekilde filtre edilerek,<strong> hastal\u0131k yap\u0131c\u0131 bakteri<\/strong> ve <strong>vir\u00fcslerden ar\u0131nd\u0131r\u0131lm\u0131\u015f olarak \u015fartland\u0131r\u0131lmas\u0131, i\u00e7 mek\u00e2n hava kalitesinin sa\u011flanmas\u0131<\/strong>nda \u00f6ncelikli ko\u015ful olarak kabul ediliyor. \u00c7\u00fcnk\u00fc kapal\u0131 mek\u00e2nlarda ki <strong>merkezi iklimlendirme sistemleri<\/strong> (\u0131s\u0131tma, so\u011futma ve havaland\u0131rma sistemleri), havay\u0131 devir daim y\u00f6ntemiyle sirk\u00fcle etti\u011fi i\u00e7in; <strong>\u00f6ks\u00fcrme, hap\u015f\u0131rma, konu\u015fma<\/strong> gibi eylemler ile <strong>ortam havas\u0131na<\/strong> aktar\u0131lan <strong>1-4 mikrometre<\/strong> aral\u0131\u011f\u0131nda olan \u00e7ok say\u0131da su damlas\u0131yla \u00a0(aerosol) \u00a0havada yay\u0131larak, solunum yoluyla <strong>bula\u015f riskini<\/strong> art\u0131r\u0131yor. Bu nedenle iklimlendirme sistemleri ile kapal\u0131 ya\u015fam alanlar\u0131nda<strong> y\u00fczde 100<\/strong> taze hava sa\u011flamak hayati \u00f6nem ta\u015f\u0131yor\u201d<\/em> ifadelerini kulland\u0131.<\/p>","protected":false},"excerpt":{"rendered":"<p>Sorry, this entry is only available in Turkish. For the sake of viewer convenience, the content is shown below in the alternative language. You may click the link to switch the active language. COVID-19 vaka say\u0131lar\u0131nda ya\u015fanan art\u0131\u015f nedeniyle\u00a0i\u00e7 mek\u00e2n hava kalitesi yeniden\u00a0g\u00fcndeme geldi.\u00a0\u00c7\u00fcnk\u00fc otel, hastane, okul, AVM gibi toplu ya\u015fam alanlar\u0131nda havada uzun s\u00fcre [&hellip;]<\/p>\n","protected":false},"author":1,"featured_media":159586,"comment_status":"open","ping_status":"open","sticky":false,"template":"","format":"standard","meta":[],"categories":[53],"tags":[104985,104986,67254,104987,71558,8341],"views":85,"_links":{"self":[{"href":"https:\/\/www.enerjigazetesi.ist\/en\/wp-json\/wp\/v2\/posts\/159583"}],"collection":[{"href":"https:\/\/www.enerjigazetesi.ist\/en\/wp-json\/wp\/v2\/posts"}],"about":[{"href":"https:\/\/www.enerjigazetesi.ist\/en\/wp-json\/wp\/v2\/types\/post"}],"author":[{"embeddable":true,"href":"https:\/\/www.enerjigazetesi.ist\/en\/wp-json\/wp\/v2\/users\/1"}],"replies":[{"embeddable":true,"href":"https:\/\/www.enerjigazetesi.ist\/en\/wp-json\/wp\/v2\/comments?post=159583"}],"version-history":[{"count":0,"href":"https:\/\/www.enerjigazetesi.ist\/en\/wp-json\/wp\/v2\/posts\/159583\/revisions"}],"wp:featuredmedia":[{"embeddable":true,"href":"https:\/\/www.enerjigazetesi.ist\/en\/wp-json\/wp\/v2\/media\/159586"}],"wp:attachment":[{"href":"https:\/\/www.enerjigazetesi.ist\/en\/wp-json\/wp\/v2\/media?parent=159583"}],"wp:term":[{"taxonomy":"category","embeddable":true,"href":"https:\/\/www.enerjigazetesi.ist\/en\/wp-json\/wp\/v2\/categories?post=159583"},{"taxonomy":"post_tag","embeddable":true,"href":"https:\/\/www.enerjigazetesi.ist\/en\/wp-json\/wp\/v2\/tags?post=159583"}],"curies":[{"name":"wp","href":"https:\/\/api.w.org\/{rel}","templated":true}]}}