{"id":159578,"date":"2022-07-22T18:15:35","date_gmt":"2022-07-22T15:15:35","guid":{"rendered":"https:\/\/www.enerjigazetesi.ist\/?p=159578"},"modified":"2022-07-22T18:15:35","modified_gmt":"2022-07-22T15:15:35","slug":"tuprag-ureten-kadinlari-guclu-yarinlara-hazirliyor","status":"publish","type":"post","link":"https:\/\/www.enerjigazetesi.ist\/en\/tuprag-ureten-kadinlari-guclu-yarinlara-hazirliyor\/","title":{"rendered":"(Turkish) &#8217;T\u00dcPRAG&#8217; \u00dcreten Kad\u0131nlar\u0131 G\u00fc\u00e7l\u00fc Yar\u0131nlara Haz\u0131rl\u0131yor"},"content":{"rendered":"<p class=\"qtranxs-available-languages-message qtranxs-available-languages-message-en\">Sorry, this entry is only available in <a href=\"https:\/\/www.enerjigazetesi.ist\/tr\/wp-json\/wp\/v2\/posts\/159578\" class=\"qtranxs-available-language-link qtranxs-available-language-link-tr\" title=\"Turkish\">Turkish<\/a>. For the sake of viewer convenience, the content is shown below in the alternative language. You may click the link to switch the active language.<\/p><p><\/p>\n<h3><strong>T\u00fcprag ve Kad\u0131n Dostu Markalar Platformu i\u015f birli\u011fiyle hayata ge\u00e7irilen \u201c\u00dcreten Kad\u0131nlar G\u00fc\u00e7l\u00fc Yar\u0131nlar\u201d projesi, 18 Temmuz 2022\u2019de ilk e\u011fitim g\u00fcn\u00fcn\u00fc tamamlad\u0131. <\/strong><\/h3>\n<p>Madencilik sekt\u00f6r\u00fcn\u00fcn \u00f6nemli akt\u00f6rlerinden T\u00fcprag taraf\u0131ndan <strong>27 Haziran-29 A\u011fustos 2022<\/strong> tarihleri aras\u0131nda <strong>\u0130zmir\u2019de<\/strong> ger\u00e7ekle\u015ftirilecek olan<strong> \u201c\u00dcreten Kad\u0131nlar G\u00fc\u00e7l\u00fc Yar\u0131nlar\u201d projesi<\/strong>nin e\u011fitim aya\u011f\u0131na start verildi. B\u00f6lgede ya\u015fayan <strong>kad\u0131nlar\u0131n g\u00fc\u00e7lenmesini<\/strong> ve <strong>giri\u015fimcilik <img loading=\"lazy\" class=\"alignright wp-image-159580\" src=\"https:\/\/www.enerjigazetesi.ist\/wp-content\/uploads\/2022\/07\/tuprag-ureten-kadinlari-guclu-yarinlara-hazirliyor-1.jpg\" alt=\"\" width=\"320\" height=\"214\" srcset=\"https:\/\/www.enerjigazetesi.ist\/wp-content\/uploads\/2022\/07\/tuprag-ureten-kadinlari-guclu-yarinlara-hazirliyor-1.jpg 550w, https:\/\/www.enerjigazetesi.ist\/wp-content\/uploads\/2022\/07\/tuprag-ureten-kadinlari-guclu-yarinlara-hazirliyor-1-300x200.jpg 300w, https:\/\/www.enerjigazetesi.ist\/wp-content\/uploads\/2022\/07\/tuprag-ureten-kadinlari-guclu-yarinlara-hazirliyor-1-500x334.jpg 500w, https:\/\/www.enerjigazetesi.ist\/wp-content\/uploads\/2022\/07\/tuprag-ureten-kadinlari-guclu-yarinlara-hazirliyor-1-75x50.jpg 75w, https:\/\/www.enerjigazetesi.ist\/wp-content\/uploads\/2022\/07\/tuprag-ureten-kadinlari-guclu-yarinlara-hazirliyor-1-450x300.jpg 450w\" sizes=\"(max-width: 320px) 100vw, 320px\" \/>ekosistemine kat\u0131lmas\u0131n\u0131 desteklemek<\/strong> amac\u0131yla ba\u015flat\u0131lan proje kapsam\u0131nda, \u0130zmir\u2019in Menderes il\u00e7esinde bulunan <strong>Efem\u00e7ukuru Alt\u0131n Madeni<\/strong> \u00e7evresindeki <strong>4 k\u00f6y\u00fcn kad\u0131nlar\u0131na<\/strong> y\u00f6nelik olarak, alan\u0131nda <strong>uzman e\u011fitmenler<\/strong> taraf\u0131ndan <strong>\u00e7e\u015fitli e\u011fitimler<\/strong> d\u00fczenlendi.<\/p>\n<p>\u0130lki <strong>18 Temmuz 2022\u2019<\/strong>de ger\u00e7ekle\u015ftirilen e\u011fitim program\u0131na farkl\u0131 ya\u015f gruplar\u0131ndan <strong>100\u2019\u00fcn \u00fczerinde<\/strong> kad\u0131n kat\u0131l\u0131m g\u00f6sterdi. <strong>\u201cToplumsal Cinsiyet E\u015fitli\u011fi\u201d<\/strong> ba\u015fl\u0131\u011f\u0131 alt\u0131nda Uzman Sosyolog Sonnur ADA\u2019n\u0131n e\u011fitimi ile ba\u015flayan program, <strong>Teknolojide Kad\u0131n Derne\u011fi proje ortakl\u0131\u011f\u0131<\/strong> ile <strong>\u201cFinansal Okuryazarl\u0131k E\u011fitimi\u201d<\/strong> Denizbank Ege B\u00f6lge M\u00fcd\u00fcrl\u00fc\u011f\u00fcnden Fatma Asuman K\u00d6SEO\u011eLU taraf\u0131ndan verildi. Ard\u0131ndan <strong>\u201cTemel Teknoloji E\u011fitimleri\u201d<\/strong> Happy Education Academy\u2019den<strong> \u00d6zge ERKUT<\/strong> ve son olarak <strong>Feruzo\u011flu Hukuk B\u00fcrosu\u2019ndan Av. Hasret G\u00fcnd\u00fcz ve Av. G\u00fclce G\u00fcl<\/strong>\u2019\u00fcn <strong>KVKK e\u011fitimleri<\/strong> ile<strong> ilk e\u011fitim g\u00fcn\u00fc<\/strong> tamamland\u0131.<\/p>\n<p><strong>Farkl\u0131 tarihlerde devam edecek<\/strong> vizyon e\u011fitimlerinin yan\u0131 s\u0131ra, yine proje payda\u015flar\u0131ndan <strong>Menderes Halk E\u011fitim Merkezi<\/strong> i\u015fbirli\u011finde ger\u00e7ekle\u015fecek olan ve kat\u0131l\u0131mc\u0131lar\u0131n kendi k\u00f6ylerinde kat\u0131labilecekleri sertifikal\u0131 mesleki e\u011fitimler de verilecek. <strong>\u201c\u00dcreten Kad\u0131nlar G\u00fc\u00e7l\u00fc Yar\u0131nlar Projesi\u201d<\/strong> <strong>27 Haziran \u2013 29 A\u011fustos<\/strong> tarihleri aras\u0131nda ger\u00e7ekle\u015fecek.<\/p>\n<h3><strong>Mesleki e\u011fitimler de verilecek <\/strong><\/h3>\n<p>Projeye kat\u0131lan kad\u0131nlar, vizyon e\u011fitimleri, rol model bulu\u015fmalar\u0131 ve farkl\u0131 alanlardaki<strong> workshop etkinlikleri<\/strong>ne ek olarak <strong>Menderes Halk E\u011fitim Merkezi<\/strong>\u2019nin b\u00fcnyesinde bulunan <strong>4 farkl\u0131 mesleki e\u011fitime de<\/strong> kat\u0131lacak. Mesleki e\u011fitimler sonras\u0131 <strong>her bir kat\u0131l\u0131mc\u0131ya sertifika<\/strong> verilecek. B\u00f6lgedeki tar\u0131msal kalk\u0131nmay\u0131 hedefleyen; <strong>Sert \u00c7ekirdekli Meyve Yeti\u015ftiricili\u011fi \/ \u00dcz\u00fcm \u00c7ekirde\u011fi Ya\u011f\u0131 \u00dcretimi, Mantar Yeti\u015ftiricili\u011fi, Ambalaj ve Paketleme e\u011fitimleri<\/strong>ni kapsayan sertifikal\u0131 mesleki e\u011fitim programlar\u0131na ek olarak Sabun \u00dcretimi ve Microblading workshoplar\u0131 d\u00fczenlenecek. E\u011fitimler, Efem\u00e7ukuru ve \u00c7atalca K\u00f6ylerinin k\u00f6y okullar\u0131nda toplam<strong> 5 hafta<\/strong> s\u00fcrecek.<\/p>\n<h3><strong>\u201cKad\u0131n giri\u015fimcili\u011fini desteklemek ve b\u00f6lgenin e\u011fitim d\u00fczeyini artt\u0131rmak \u00f6ncelikli hedefimiz\u201d<\/strong><\/h3>\n<p><em>T\u00fcprag Madencilik Efem\u00e7ukuru Alt\u0131n Madeni D\u0131\u015f \u0130li\u015fkiler M\u00fcd\u00fcr\u00fc<\/em><strong> Onur Demir<\/strong> projeye ili\u015fkin <span style=\"text-decoration: underline;\">yapt\u0131\u011f\u0131 a\u00e7\u0131klamada;<\/span><\/p>\n<p><em>\u201cFaaliyette bulundu\u011fumuz t\u00fcm b\u00f6lgelerde T\u00fcprag olarak b\u00f6lge halk\u0131n\u0131n da geli\u015fmesi ve kalk\u0131nmas\u0131 ad\u0131na projeler ger\u00e7ekle\u015ftirmeyi olduk\u00e7a \u00f6nemsiyoruz. \u0130stihdam\u0131m\u0131z\u0131n da b\u00fcy\u00fck bir \u00e7o\u011funlu\u011funun yine bu k\u00f6ylerdeki <strong>kad\u0131n<\/strong> ve<strong> erkeklerden<\/strong> olu\u015fmas\u0131n\u0131 \u00f6ncelikli tutuyoruz. Bulundu\u011fumuz b\u00f6lgelerdeki kad\u0131n <strong>giri\u015fimci ekosistemini desteklemek<\/strong> ve <strong>k\u0131z \u00e7ocuklar\u0131n\u0131n e\u011fitim oran\u0131n\u0131 art\u0131rmak<\/strong> bizim s\u00fcrd\u00fcr\u00fclebilirlik hedeflerimizin \u00f6nemli bir par\u00e7as\u0131n\u0131 olu\u015fturuyor. <strong>\u201c\u00dcreten Kad\u0131nlar G\u00fc\u00e7l\u00fc Yar\u0131nlar\u201d projesi<\/strong> de bu amaca hizmet eden k\u0131ymetli bir \u00e7al\u0131\u015fma oldu\u201d<\/em> ifadelerini kulland\u0131.<\/p>\n<p>Proje kapsam\u0131nda b\u00f6lgede ya\u015fayan <strong>16 &#8211; 64 ya\u015f<\/strong> aras\u0131 <strong>100\u2019\u00fcn \u00fczerinde<\/strong> kad\u0131na \u00e7ok \u00f6zel i\u00e7erikte vizyon e\u011fitimleri verilmekte oldu\u011funu dile getiren Demir, proje hakk\u0131nda \u015fu bilgileri de verdi;<em> \u201cE\u015f zamanl\u0131 olarak proje s\u00fcresince b\u00f6lgenin co\u011frafi yap\u0131s\u0131n\u0131n incelenmesi ve kad\u0131nlar\u0131n talepleri \u00fczerine sertifikal\u0131 4 mesleki e\u011fitimi de k\u00f6ylerine g\u00f6t\u00fcr\u00fcyoruz. Yakla\u015f\u0131k<strong> 16 saatlik teknoloji<\/strong> odakl\u0131 vizyon e\u011fitimleri, ortalama <strong>80\u2019er saatlik<\/strong> mesleki e\u011fitimler, \u00f6zel farkl\u0131 alanlarda uzmanlar\u0131ndan <strong>workshoplar<\/strong> sonras\u0131nda<strong> kad\u0131nlar\u0131 giri\u015fimcilik ekosistemine<\/strong> kazand\u0131rmay\u0131 hedefliyoruz. Proje orta\u011f\u0131m\u0131z <strong>Kad\u0131n Dostu Markalar Platformu<\/strong>\u2019na, e\u011fitim partnerlerimiz <strong>Teknolojide Kad\u0131n Derne\u011fi ve Menderes Halk E\u011fitim Merkezi<\/strong>\u2019ne de b\u00fcy\u00fck fedakarl\u0131klar\u0131 ve de\u011ferli katk\u0131lar\u0131 i\u00e7in te\u015fekk\u00fcr ediyoruz. Proje sonunda b\u00f6lgede ya\u015fayan giri\u015fimci adaylar\u0131m\u0131z\u0131n ortaya \u00e7\u0131kartacaklar\u0131 <strong>i\u015f fikirleri<\/strong> aras\u0131ndan <strong>b\u00f6lgenin kalk\u0131nmas\u0131na<\/strong> ve <strong>\u00f6nemli bir istihdam olu\u015fturaca\u011f\u0131na<\/strong> inand\u0131\u011f\u0131m\u0131z projeler i\u00e7in b\u00f6lgede \u00f6nemli yat\u0131r\u0131mlar ger\u00e7ekle\u015ftirmeyi planl\u0131yoruz. Ayr\u0131ca ortaya \u00e7\u0131kacak t\u00fcm projeleri <strong>29 A\u011fustos\u2019 ta<\/strong> melek yat\u0131r\u0131mc\u0131lar\u0131n da kar\u015f\u0131s\u0131na \u00e7\u0131kartmay\u0131 hedefliyoruz\u201d<\/em> \u015feklinde konu\u015ftu.<\/p>\n<p>Menderes\u2019in <strong>4<\/strong> farkl\u0131 k\u00f6y\u00fcnden projeye kat\u0131lan<strong> 100\u2019\u00fcn<\/strong> \u00fczerindeki <strong>kad\u0131n<\/strong> ve <strong>gen\u00e7 k\u0131z\u0131n giri\u015fimcilik d\u00fcnyas\u0131nda<\/strong> var olmas\u0131 i\u00e7in yo\u011fun emek sarf eden projenin i\u015fbirlik\u00e7isi olan <em>Kad\u0131n Dostu Markalar Platformu kurucusu<\/em> <strong>Nazl\u0131 Demirel<\/strong> de projeye ili\u015fkin yapt\u0131\u011f\u0131 a\u00e7\u0131klamada, faydas\u0131 olduk\u00e7a geni\u015f bir tabana yay\u0131lacak olan <strong>\u201c\u00dcreten Kad\u0131nlar G\u00fc\u00e7l\u00fc Yar\u0131nlar\u201d projesini<\/strong> hayata ge\u00e7irdikleri i\u00e7in<strong> T\u00fcprag Madencilik<\/strong>\u2019 e te\u015fekk\u00fcr etti ve bu anlaml\u0131 projenin bir bile\u015feni olmaktan dolay\u0131 mutluluk duyduklar\u0131n\u0131 dile getirdi. Platform olarak, proje bittikten sonra dahi bu<strong> k\u00f6ylerdeki enerjisi<\/strong> ve<strong> azmi y\u00fcksek kad\u0131nlar\u0131n<\/strong> her daim yanlar\u0131nda olacaklar\u0131n\u0131 da s\u00f6zlerine ekledi. Demirel son olarak <em>\u201cToplumun yar\u0131s\u0131 da yaras\u0131 da olan, yar\u0131n\u0131n g\u00fc\u00e7l\u00fc kad\u0131nlar\u0131 i\u00e7in t\u00fcm enerjimizle \u00e7al\u0131\u015fmaya devam edece\u011fiz\u201d<\/em> dedi.<\/p>\n<h3><strong>Festival tad\u0131nda etkinlik<\/strong><\/h3>\n<p><em>2&#8217;inci vizyon e\u011fitim g\u00fcn\u00fc<\/em> <strong>01 A\u011fustos 2022<\/strong> olarak belirlenen proje, <strong>29 A\u011fustos 2022<\/strong> tarihinde giri\u015fim fikirleri ve projeleri ile<strong> melek yat\u0131r\u0131mc\u0131lar\u0131n bulu\u015fturulaca\u011f\u0131 festival<\/strong> tad\u0131nda bir etkinlikle son bulacak.<\/p>","protected":false},"excerpt":{"rendered":"<p>Sorry, this entry is only available in Turkish. For the sake of viewer convenience, the content is shown below in the alternative language. You may click the link to switch the active language. T\u00fcprag ve Kad\u0131n Dostu Markalar Platformu i\u015f birli\u011fiyle hayata ge\u00e7irilen \u201c\u00dcreten Kad\u0131nlar G\u00fc\u00e7l\u00fc Yar\u0131nlar\u201d projesi, 18 Temmuz 2022\u2019de ilk e\u011fitim g\u00fcn\u00fcn\u00fc tamamlad\u0131. [&hellip;]<\/p>\n","protected":false},"author":1,"featured_media":159581,"comment_status":"open","ping_status":"open","sticky":false,"template":"","format":"standard","meta":[],"categories":[53],"tags":[104984,104983],"views":55,"_links":{"self":[{"href":"https:\/\/www.enerjigazetesi.ist\/en\/wp-json\/wp\/v2\/posts\/159578"}],"collection":[{"href":"https:\/\/www.enerjigazetesi.ist\/en\/wp-json\/wp\/v2\/posts"}],"about":[{"href":"https:\/\/www.enerjigazetesi.ist\/en\/wp-json\/wp\/v2\/types\/post"}],"author":[{"embeddable":true,"href":"https:\/\/www.enerjigazetesi.ist\/en\/wp-json\/wp\/v2\/users\/1"}],"replies":[{"embeddable":true,"href":"https:\/\/www.enerjigazetesi.ist\/en\/wp-json\/wp\/v2\/comments?post=159578"}],"version-history":[{"count":0,"href":"https:\/\/www.enerjigazetesi.ist\/en\/wp-json\/wp\/v2\/posts\/159578\/revisions"}],"wp:featuredmedia":[{"embeddable":true,"href":"https:\/\/www.enerjigazetesi.ist\/en\/wp-json\/wp\/v2\/media\/159581"}],"wp:attachment":[{"href":"https:\/\/www.enerjigazetesi.ist\/en\/wp-json\/wp\/v2\/media?parent=159578"}],"wp:term":[{"taxonomy":"category","embeddable":true,"href":"https:\/\/www.enerjigazetesi.ist\/en\/wp-json\/wp\/v2\/categories?post=159578"},{"taxonomy":"post_tag","embeddable":true,"href":"https:\/\/www.enerjigazetesi.ist\/en\/wp-json\/wp\/v2\/tags?post=159578"}],"curies":[{"name":"wp","href":"https:\/\/api.w.org\/{rel}","templated":true}]}}