{"id":159573,"date":"2022-07-22T17:35:20","date_gmt":"2022-07-22T14:35:20","guid":{"rendered":"https:\/\/www.enerjigazetesi.ist\/?p=159573"},"modified":"2022-07-22T17:35:34","modified_gmt":"2022-07-22T14:35:34","slug":"cedbik-turkiye-nin-6-aylik-enerji-faturasi-12-yillik-yatirima-denk","status":"publish","type":"post","link":"https:\/\/www.enerjigazetesi.ist\/en\/cedbik-turkiye-nin-6-aylik-enerji-faturasi-12-yillik-yatirima-denk\/","title":{"rendered":"(Turkish) \u00c7EDB\u0130K: T\u00fcrkiye&#8217;nin 6 Ayl\u0131k Enerji Faturas\u0131 12 Y\u0131ll\u0131k Yat\u0131r\u0131ma Denk"},"content":{"rendered":"<p class=\"qtranxs-available-languages-message qtranxs-available-languages-message-en\">Sorry, this entry is only available in <a href=\"https:\/\/www.enerjigazetesi.ist\/tr\/wp-json\/wp\/v2\/posts\/159573\" class=\"qtranxs-available-language-link qtranxs-available-language-link-tr\" title=\"Turkish\">Turkish<\/a>. For the sake of viewer convenience, the content is shown below in the alternative language. You may click the link to switch the active language.<\/p><p><\/p>\n<h2><strong>T\u00fcrkiye\u2019nin enerji faturas\u0131 y\u0131l\u0131n ilk yar\u0131s\u0131nda 48 milyar dolara dayand\u0131. A\u015f\u0131r\u0131 s\u0131caklar nedeniyle klimalar\u0131n daha fazla kullan\u0131ld\u0131\u011f\u0131 yaz sezonunda enerji faturas\u0131n\u0131n daha da kabarmas\u0131 bekleniyor. T\u00fcrkiye\u2019nin enerji kayb\u0131na dikkat \u00e7eken \u00c7EDB\u0130K; <em>\u201c50 milyar dolar T\u00fcrkiye\u2019nin 12 y\u0131lda elektrik enerjisine yapt\u0131\u011f\u0131 yat\u0131r\u0131m tutar\u0131n\u0131 ifade ediyor. Enerji tasarruflu politikalar\u0131 ile enerjiyi verimli kullanan Ye\u015fil Bina Sertifikal\u0131 binalarla bu kayb\u0131 durdural\u0131m\u201d<\/em> \u00e7a\u011fr\u0131s\u0131 yapt\u0131.<\/strong><\/h2>\n<p>Enerji ihtiyac\u0131nda<strong> %70<\/strong> oran\u0131nda d\u0131\u015fa ba\u011f\u0131ml\u0131l\u0131\u011f\u0131 devam eden T\u00fcrkiye, y\u0131l\u0131n ilk yar\u0131s\u0131nda enerji temin etmek i\u00e7in <strong>48 milyar dolar<\/strong> d\u00f6vizi yurtd\u0131\u015f\u0131na \u00f6dedi. <strong>Temmuz-A\u011fustos aylar\u0131nda<\/strong> ya\u015fanacak <strong>a\u015f\u0131r\u0131 s\u0131caklar nedeniyle<\/strong> klimalar\u0131n kullan\u0131lmas\u0131 enerji faturas\u0131n\u0131n daha da kabarmas\u0131na neden olacak. <img loading=\"lazy\" class=\"alignright wp-image-159575\" src=\"https:\/\/www.enerjigazetesi.ist\/wp-content\/uploads\/2022\/07\/Mehmet-Sami-Kilic.jpg\" alt=\"\" width=\"300\" height=\"279\" srcset=\"https:\/\/www.enerjigazetesi.ist\/wp-content\/uploads\/2022\/07\/Mehmet-Sami-Kilic.jpg 550w, https:\/\/www.enerjigazetesi.ist\/wp-content\/uploads\/2022\/07\/Mehmet-Sami-Kilic-300x279.jpg 300w, https:\/\/www.enerjigazetesi.ist\/wp-content\/uploads\/2022\/07\/Mehmet-Sami-Kilic-430x400.jpg 430w, https:\/\/www.enerjigazetesi.ist\/wp-content\/uploads\/2022\/07\/Mehmet-Sami-Kilic-54x50.jpg 54w, https:\/\/www.enerjigazetesi.ist\/wp-content\/uploads\/2022\/07\/Mehmet-Sami-Kilic-500x465.jpg 500w\" sizes=\"(max-width: 300px) 100vw, 300px\" \/>Yakla\u015f\u0131k <strong>50 milyar dolarl\u0131k<\/strong> d\u00f6viz \u00e7\u0131kt\u0131s\u0131n\u0131n T\u00fcrkiye i\u00e7in <strong>ciddi bir enerji kayb\u0131<\/strong> oldu\u011funu dile getiren <strong>\u00c7evre Dostu Binalar Derne\u011fi (\u00c7EDB\u0130K)<\/strong>; enerji tasarruflu politikalar, fosil yak\u0131t yerine <strong>yenilenebilir enerjiye d\u00f6n\u00fck yat\u0131r\u0131mlar<\/strong> ve enerji t\u00fcketimini azaltan<strong> ye\u015fil binalar\u0131n te\u015fvik<\/strong> edilmesiyle bu kayb\u0131n durdurulmas\u0131 \u00e7a\u011fr\u0131s\u0131nda bulundu.<\/p>\n<p>\u00c7EDB\u0130K Y\u00f6netim Kurulu Ba\u015fkan\u0131 Mehmet Sami K\u0131l\u0131\u00e7, <em>\u201c\u00d6dedi\u011fimiz rakamlar\u0131n neye tekab\u00fcl etti\u011fini irdelersek, asl\u0131nda konunun ne kadar ciddi oldu\u011fu anla\u015f\u0131labilir ve neden<strong> \u00c7EDB\u0130K<\/strong> olarak <strong>enerji verimlili\u011fi, enerji tasarrufu, ye\u015fil d\u00f6n\u00fc\u015f\u00fcm<\/strong> ve <strong>ye\u015fil binalarda<\/strong> \u0131srarl\u0131 \u00e7a\u011fr\u0131larda bulundu\u011fumuzu anlatabiliriz.\u201d<\/em> yorumunu yapt\u0131.<\/p>\n<h3><strong>D\u00f6viz rezervinin yar\u0131s\u0131, 6 ayl\u0131k enerji ithalat\u0131na e\u015fit<\/strong><\/h3>\n<p><strong>Mehmet Sami K\u0131l\u0131\u00e7<\/strong>, enerji ithalat faturas\u0131n\u0131n T\u00fcrkiye\u2019nin<strong> son 12 y\u0131lda elektrik enerjisine<\/strong> yapt\u0131\u011f\u0131 yat\u0131r\u0131m\u0131n toplam tutar\u0131n\u0131 ifade etti\u011fine dikkat \u00e7ekti. <strong>Mehmet Sami K\u0131l\u0131\u00e7<\/strong>, ayr\u0131ca <span style=\"text-decoration: underline;\">\u015fu \u00f6rnekleri de g\u00f6sterdi:<\/span><\/p>\n<p><em>\u201cT\u00fcrkiye\u2019nin elektrik enerjisi kurulu g\u00fcc\u00fc son <strong>12<\/strong> y\u0131lda <strong>2 kat<\/strong> artt\u0131. Sadece \u00f6zel sekt\u00f6r\u00fcn bu d\u00f6nemde yapt\u0131\u011f\u0131 yat\u0131r\u0131m tutar\u0131<strong> 50 milyar dolar<\/strong> civar\u0131nda. Bu da demek oluyor ki \u00f6zel sekt\u00f6r\u00fcn<strong> 12 y\u0131ll\u0131k enerji yat\u0131r\u0131m\u0131<\/strong> yaln\u0131zca <strong>6 ayl\u0131k enerji faturam\u0131za<\/strong> denk geliyor. Di\u011fer yandan T\u00fcrkiye\u2019nin enerji d\u00f6n\u00fc\u015f\u00fcm\u00fc i\u00e7in <strong>2030 y\u0131l\u0131na kadar<\/strong> ihtiya\u00e7 duydu\u011fu yat\u0131r\u0131m tutar\u0131<strong> 135 milyar dolar<\/strong>. \u015eu an <strong>6 ayl\u0131k enerji faturam\u0131z<\/strong> ise bu yat\u0131r\u0131m\u0131n \u00fc\u00e7te birini tek ba\u015f\u0131na kar\u015f\u0131layacak bir tutar\u0131 ifade ediyor. T\u00fcrkiye enerji d\u00f6n\u00fc\u015f\u00fcm\u00fcyle beraber enerji ihtiyac\u0131n\u0131 azaltarak <strong>d\u00fc\u015f\u00fck karbon sal\u0131m\u0131yla<\/strong> do\u011faya daha az zarar verecek ayn\u0131 zamanda \u00fcretim maliyetlerini d\u00fc\u015f\u00fcrecek. B\u00f6ylece <strong>y\u00fcksek katma de\u011ferli \u00fcretime<\/strong> y\u00f6nelerek ihtiya\u00e7 duydu\u011fu kaynaklara eri\u015febilecek. <strong>Enerji verimlili\u011finde<\/strong>ki bu potansiyel bir\u00e7ok sekt\u00f6r\u00fcn <strong>yurti\u00e7i-yurtd\u0131\u015f\u0131 ciro hedeflerinin de<\/strong> \u00fczerinde. O y\u00fczden acilen ger\u00e7ekle\u015ftirilmesi hem ekonomik, hem <strong>ekolojik<\/strong> hem de s<strong>osyal a\u00e7\u0131dan<\/strong> olduk\u00e7a elzem.\u201d<\/em><\/p>\n<h3><strong>Kentsel d\u00f6n\u00fc\u015f\u00fcmde ye\u015fil bina zorunlu olmal\u0131<\/strong><\/h3>\n<p>T\u00fcrkiye\u2019nin <strong>\u00e7evre dostu sertifikal\u0131 ye\u015fil bina yat\u0131r\u0131mlar\u0131<\/strong>n\u0131 art\u0131rarak, <strong>kentsel d\u00f6n\u00fc\u015f\u00fcm<\/strong> projelerinde <strong>ye\u015fil bina uygulamalar\u0131<\/strong>n\u0131 zorunlu k\u0131lmas\u0131 ile enerjide sarfiyat\u0131n b\u00fcy\u00fck \u00f6l\u00e7\u00fcde \u00f6n\u00fcne ge\u00e7ebilece\u011fini anlatan Mehmet Sami K\u0131l\u0131\u00e7, <em>\u201cEnerjinin <strong>% 40<\/strong>\u2019\u0131n\u0131n t\u00fcketiminden sorumlu tutan binalar\u0131 yenileyebilirsek; gelecekte<strong> enerji kayb\u0131<\/strong>, b\u00fct\u00e7emizde bu denli b\u00fcy\u00fck sorunlar te\u015fkil etmeyecektir. Bu kapsamda \u00f6zellikle son d\u00f6nemde \u00e7\u0131kan<strong> imar y\u00f6netmelikleri<\/strong> ve di\u011fer<strong> ilgili mevzuattaki g\u00fcncellemeler<\/strong> <strong>enerji verimlili\u011fi, yenilenebilir enerji, elektrikli ara\u00e7lar, ya\u011fmur suyu<\/strong> ve <strong>gri su geri kazan\u0131m\u0131<\/strong> gibi konular\u0131 zorunlu hale getirmesi a\u00e7\u0131s\u0131ndan olduk\u00e7a \u00f6nemli ad\u0131mlard\u0131r. Ancak bunlarla s\u0131n\u0131rl\u0131 kalmadan her sene <strong>ye\u015fil d\u00f6n\u00fc\u015f\u00fcm<\/strong> yolunda <strong>ciddi kriterler<\/strong> getirilmelidir. Zira <strong>T\u00fcrkiye 2053 Karbon S\u0131f\u0131r hedeflerine<\/strong> ancak bu \u015fekilde ula\u015fabilir.\u201d <\/em>diye konu\u015ftu.<\/p>","protected":false},"excerpt":{"rendered":"<p>Sorry, this entry is only available in Turkish. For the sake of viewer convenience, the content is shown below in the alternative language. You may click the link to switch the active language. T\u00fcrkiye\u2019nin enerji faturas\u0131 y\u0131l\u0131n ilk yar\u0131s\u0131nda 48 milyar dolara dayand\u0131. A\u015f\u0131r\u0131 s\u0131caklar nedeniyle klimalar\u0131n daha fazla kullan\u0131ld\u0131\u011f\u0131 yaz sezonunda enerji faturas\u0131n\u0131n daha [&hellip;]<\/p>\n","protected":false},"author":1,"featured_media":159577,"comment_status":"open","ping_status":"open","sticky":false,"template":"","format":"standard","meta":[],"categories":[53,52],"tags":[104980,104981,103,12,593,87,104982,13537,98997,55,2482],"views":205,"_links":{"self":[{"href":"https:\/\/www.enerjigazetesi.ist\/en\/wp-json\/wp\/v2\/posts\/159573"}],"collection":[{"href":"https:\/\/www.enerjigazetesi.ist\/en\/wp-json\/wp\/v2\/posts"}],"about":[{"href":"https:\/\/www.enerjigazetesi.ist\/en\/wp-json\/wp\/v2\/types\/post"}],"author":[{"embeddable":true,"href":"https:\/\/www.enerjigazetesi.ist\/en\/wp-json\/wp\/v2\/users\/1"}],"replies":[{"embeddable":true,"href":"https:\/\/www.enerjigazetesi.ist\/en\/wp-json\/wp\/v2\/comments?post=159573"}],"version-history":[{"count":0,"href":"https:\/\/www.enerjigazetesi.ist\/en\/wp-json\/wp\/v2\/posts\/159573\/revisions"}],"wp:featuredmedia":[{"embeddable":true,"href":"https:\/\/www.enerjigazetesi.ist\/en\/wp-json\/wp\/v2\/media\/159577"}],"wp:attachment":[{"href":"https:\/\/www.enerjigazetesi.ist\/en\/wp-json\/wp\/v2\/media?parent=159573"}],"wp:term":[{"taxonomy":"category","embeddable":true,"href":"https:\/\/www.enerjigazetesi.ist\/en\/wp-json\/wp\/v2\/categories?post=159573"},{"taxonomy":"post_tag","embeddable":true,"href":"https:\/\/www.enerjigazetesi.ist\/en\/wp-json\/wp\/v2\/tags?post=159573"}],"curies":[{"name":"wp","href":"https:\/\/api.w.org\/{rel}","templated":true}]}}