{"id":159352,"date":"2022-07-19T12:32:05","date_gmt":"2022-07-19T09:32:05","guid":{"rendered":"https:\/\/www.enerjigazetesi.ist\/?p=159352"},"modified":"2022-07-19T12:37:38","modified_gmt":"2022-07-19T09:37:38","slug":"izocam-10-soruda-euceb-sertifikasinin-onemini-anlatti","status":"publish","type":"post","link":"https:\/\/www.enerjigazetesi.ist\/en\/izocam-10-soruda-euceb-sertifikasinin-onemini-anlatti\/","title":{"rendered":"(Turkish) &#8217;\u0130zocam&#8217; 10 Soruda EUCEB Sertifikas\u0131&#8217;n\u0131n \u00d6nemini Anlatt\u0131&#8230;"},"content":{"rendered":"<p class=\"qtranxs-available-languages-message qtranxs-available-languages-message-en\">Sorry, this entry is only available in <a href=\"https:\/\/www.enerjigazetesi.ist\/tr\/wp-json\/wp\/v2\/posts\/159352\" class=\"qtranxs-available-language-link qtranxs-available-language-link-tr\" title=\"Turkish\">Turkish<\/a>. For the sake of viewer convenience, the content is shown below in the alternative language. You may click the link to switch the active language.<\/p><p><\/p>\n<h2>Mineral y\u00fcnlerin ambalaj\u0131nda yer alan EUCEB logosunun, bir i\u015faretten \u00e7ok daha derin anlamlar ta\u015f\u0131d\u0131\u011f\u0131n\u0131 biliyor muydunuz? Sa\u011fl\u0131kl\u0131 yal\u0131t\u0131m bilincinin olu\u015fmas\u0131nda sekt\u00f6r\u00fcne liderlik eden \u0130zocam, 10 soruda EUCEB logosunun hem sa\u011fl\u0131\u011f\u0131m\u0131z hem de \u00e7evremiz i\u00e7in \u00f6nemine dikkat \u00e7ekti!<\/h2>\n<p><em>Ya\u015fam alanlar\u0131m\u0131z en de\u011ferli varl\u0131\u011f\u0131m\u0131z ve bu varl\u0131\u011f\u0131n arkas\u0131nda hangi yal\u0131t\u0131m \u00fcr\u00fcnlerinin <img loading=\"lazy\" class=\"alignright wp-image-159354\" src=\"https:\/\/www.enerjigazetesi.ist\/wp-content\/uploads\/2022\/07\/izocam-10-soruda-euceb-sertifikasinin-onemini-anlatti.jpg\" alt=\"\" width=\"320\" height=\"241\" srcset=\"https:\/\/www.enerjigazetesi.ist\/wp-content\/uploads\/2022\/07\/izocam-10-soruda-euceb-sertifikasinin-onemini-anlatti.jpg 511w, https:\/\/www.enerjigazetesi.ist\/wp-content\/uploads\/2022\/07\/izocam-10-soruda-euceb-sertifikasinin-onemini-anlatti-300x226.jpg 300w, https:\/\/www.enerjigazetesi.ist\/wp-content\/uploads\/2022\/07\/izocam-10-soruda-euceb-sertifikasinin-onemini-anlatti-500x377.jpg 500w, https:\/\/www.enerjigazetesi.ist\/wp-content\/uploads\/2022\/07\/izocam-10-soruda-euceb-sertifikasinin-onemini-anlatti-66x50.jpg 66w\" sizes=\"(max-width: 320px) 100vw, 320px\" \/>kullan\u0131ld\u0131\u011f\u0131n\u0131n bilinmesi ise hepimizin hakk\u0131! Sa\u011fl\u0131kl\u0131 yal\u0131t\u0131m bilincinin olu\u015fmas\u0131nda sekt\u00f6r\u00fcne liderlik eden \u0130zocam, yaln\u0131zca EUCEB gerekliliklerini kar\u015f\u0131layan \u00fcreticilerin ambalajlar\u0131nda yer alan EUCEB logosunun, bir i\u015faretten \u00e7ok daha derin anlamlar i\u00e7erdi\u011fine dikkat \u00e7ekiyor. <\/em><\/p>\n<p>14 y\u0131ld\u0131r<strong> \u0130zocam Ta\u015fy\u00fcn\u00fc<\/strong> ve 13 y\u0131ld\u0131r \u0130zocam Camy\u00fcn\u00fc \u00fcr\u00fcnlerde <strong>EUCEB sertifikas\u0131<\/strong> i\u00e7in aral\u0131ks\u0131z yat\u0131r\u0131mlar ger\u00e7ekle\u015ftiren \u0130zocam, 10 soruda <strong>EUCEB<\/strong> logosunun hem <strong>sa\u011fl\u0131\u011f\u0131m\u0131z<\/strong> hem de<strong> \u00e7evremiz<\/strong> <span style=\"text-decoration: underline;\">i\u00e7in \u00f6nemini anlatt\u0131:<\/span><\/p>\n<h3><strong>1- EUCEB sertifikas\u0131n\u0131n verildi\u011fi ta\u015fy\u00fcn\u00fc ve camy\u00fcn\u00fc \u00fcr\u00fcnler nelerdir ve nerelerde kullan\u0131l\u0131rlar?<\/strong><\/h3>\n<p><strong>Camy\u00fcn\u00fc<\/strong> ve<strong> ta\u015fy\u00fcn\u00fc (mineral y\u00fcnler)<\/strong>; yerli ve inorganik hammaddelerle \u00fcretilen elyaflard\u0131r. Mineral y\u00fcn \u00fcr\u00fcnler; <strong>\u0131s\u0131 yal\u0131t\u0131m\u0131, ses yal\u0131t\u0131m\u0131<\/strong> ve<strong> akustik d\u00fczenleme<\/strong> ile birlikte <strong>yang\u0131n g\u00fcvenli\u011fi<\/strong> i\u00e7in vazge\u00e7ilmez yal\u0131t\u0131m malzemeleridir. Kullan\u0131m yeri ve amac\u0131na g\u00f6re farkl\u0131 boyut ve teknik \u00f6zelliklerde, de\u011fi\u015fik kaplama malzemeleri ile <strong>\u015filte, levha, boru<\/strong> ve <strong>d\u00f6kme<\/strong> \u015feklinde \u00fcretilebilirler.<\/p>\n<h3><strong>2- Mineral y\u00fcnleri tercih ederken \u00f6ncelikle nelere dikkat etmeliyiz?<\/strong><\/h3>\n<p>Ya\u015fam alanlar\u0131m\u0131zda kullan\u0131lan <strong>yal\u0131t\u0131m malzemeleri<\/strong>ni sat\u0131n al\u0131rken \u00f6ncelikle <strong>kaliteli, sa\u011fl\u0131kl\u0131<\/strong> ve \u00e7evreye zarar vermeyen \u00fcr\u00fcnler se\u00e7meye \u00f6zen g\u00f6stermeliyiz. Her <strong>mineral y\u00fcn<\/strong> bu \u00f6zelliklere sahip de\u011fildir. Etkin bir yal\u0131t\u0131m sunan <strong>mineral elyafl\u0131 ta\u015fy\u00fcn\u00fc<\/strong> ve <strong>camy\u00fcn\u00fc \u00fcr\u00fcnlerin<\/strong> ambalajlar\u0131nda <strong>EUCEB<\/strong> olup olmad\u0131\u011f\u0131na dikkat etmeli ve \u00fcr\u00fcnlere ait sertifikalar\u0131 talep etmeliyiz.<\/p>\n<h3><strong>3- Yal\u0131t\u0131mda EUCEB sertifikas\u0131 neden bu kadar \u00f6nemlidir?<\/strong><\/h3>\n<p>EUCEB sertifikas\u0131, ambalaj\u0131nda yer ald\u0131\u011f\u0131 \u00fcr\u00fcnlerin <strong>insan sa\u011fl\u0131\u011f\u0131<\/strong> i\u00e7in belirlenmi\u015f <strong>\u015fartlara<\/strong> ve <strong>kalite standartlar\u0131na uygun<\/strong> oldu\u011funu kan\u0131tlar. Kanserojen olmayan bu \u00fcr\u00fcnler d\u00fczenli \u015fekilde denetlenir ve kullan\u0131m \u00f6m\u00fcrleri boyunca insan sa\u011fl\u0131\u011f\u0131 i\u00e7in bir tehdit olu\u015fturmaz. Bu nedenle \u0130zocam marka camy\u00fcn\u00fc ve ta\u015fy\u00fcn\u00fc \u00fcr\u00fcnlerdeki EUCEB logosu bir i\u015faretten \u00e7ok daha derin anlamlara sahiptir. Bu logo, <strong>s\u00fcrd\u00fcr\u00fclebilir<\/strong> ve <strong>sa\u011fl\u0131kl\u0131 yar\u0131nlar<\/strong> i\u00e7in <strong>yal\u0131t\u0131mda fark\u0131ndal\u0131kla hareket<\/strong> etmemiz gerekti\u011finin \u00f6nemli bir g\u00f6stergesidir.<\/p>\n<h3><strong>4- EUCEB sertifikas\u0131 neleri ifade eder?<\/strong><\/h3>\n<p><strong>EUCEB, deri<\/strong> ve <strong>solunum<\/strong> yoluyla v\u00fccuda n\u00fcfuz eden<strong> elyaflar\u0131n<\/strong>, hem v\u00fccuttan \u00e7\u00f6z\u00fcnerek at\u0131ld\u0131\u011f\u0131 hem de <strong>do\u011fada \u00e7\u00f6z\u00fcnd\u00fc\u011f\u00fc<\/strong> ispatlayan bir sertifikad\u0131r. Bu sertifika, <strong>mineral y\u00fcnlerin<\/strong> Avrupa Birli\u011fi y\u00f6netmeliklerine uygun olarak \u00fcretildi\u011fini ve d\u00fczenli bir \u015fekilde ba\u011f\u0131ms\u0131z uzmanlar taraf\u0131ndan denetlendi\u011fini ifade eder. B\u00f6ylece <strong>EUCEB sertifikas\u0131<\/strong>na sahip olan \u00fcr\u00fcnlerin bio-\u00e7\u00f6z\u00fcn\u00fcrl\u00fc\u011f\u00fc uluslararas\u0131 standartlarda kan\u0131tlanm\u0131\u015f olur.<\/p>\n<h3><strong>5- EUCEB sertifikas\u0131 nas\u0131l verilir? <\/strong><\/h3>\n<p><strong>EUCEB (Mineral Y\u00fcnler i\u00e7in Avrupa Sertifikasyon Kurulu)<\/strong>, t\u00fcketicilere kanserojen olmayan, g\u00fcvenli ve zarars\u0131z \u00fcr\u00fcnlerin sunulabilmesi amac\u0131yla kurulmu\u015f bir kurumdur. Bu do\u011frultuda EUCEB, mineral y\u00fcnlerin, <strong>Avrupa Y\u00f6netmeli\u011fi No 1272\/2008<\/strong>\u2019de kanserojen olmayan \u00fcr\u00fcnler i\u00e7in gerekli \u015fartlar\u0131n a\u00e7\u0131kland\u0131\u011f\u0131 Q bendine uyumlulu\u011funu denetler. <em>EUCEB sertifikaland\u0131rmas\u0131<\/em> <strong>ta\u015fy\u00fcn\u00fc<\/strong> ve <strong>camy\u00fcn\u00fc<\/strong> gibi mineral y\u00fcnleri kapsar.<strong> EUCEB<\/strong>, testler sonucu normlara uygun oldu\u011fu kan\u0131tlanan \u00fcr\u00fcnlerin <strong>\u201ckanserojen olmayan \u00fcr\u00fcnler\u201d s\u0131n\u0131f\u0131na<\/strong> girdi\u011fini belirten bir sertifika sa\u011flar.<\/p>\n<h3><strong>6- EUCEB sertifikas\u0131n\u0131n s\u00fcreklili\u011fi i\u00e7in hangi \u015fartlar yerine getirilmelidir? <\/strong><\/h3>\n<p>\u0130zocam marka <strong>elyaflar\u0131n<\/strong> da aras\u0131nda yer ald\u0131\u011f\u0131 <strong>EUCEB sertifikas\u0131<\/strong>n\u0131 hak eden \u00fcr\u00fcnlerin<strong> kimyasal bile\u015fimi, analizi <\/strong>ve <strong>biyo-\u00e7\u00f6z\u00fcn\u00fcrl\u00fc\u011f\u00fc<\/strong>, her hafta d\u00fczeli olarak <strong>kimyasal analizlerle<\/strong> kontrol edilir. Testler, ba\u011f\u0131ms\u0131z sertifika kurulu\u015fu BCCA taraf\u0131ndan denetlenir. Y\u0131lda 2 kez, ba\u011f\u0131ms\u0131z bir kurum taraf\u0131ndan, \u00fcreticinin tesisinden \u00f6rnek al\u0131n\u0131r ve sonu\u00e7lar ba\u011f\u0131ms\u0131z bir belgelendirme kurulu\u015fu taraf\u0131ndan kontrol edilir. Ba\u011f\u0131ms\u0131z sertifikasyon kurulu\u015fu, test edilen <strong>mineral elyafl\u0131 ta\u015fy\u00fcn\u00fc<\/strong> ve camy\u00fcn\u00fc \u00fcr\u00fcnlerin <strong>EUCEB<\/strong> gerekliliklerine uygun oldu\u011funu onaylar ve \u00fcreticiye EUCEB logosunu kullanma hakk\u0131n\u0131 verir.<\/p>\n<h3><strong>7- Kansorejen olmayan mineral y\u00fcn \u00fcr\u00fcnler nas\u0131l anla\u015f\u0131l\u0131r?<\/strong><\/h3>\n<p>EUCEB denetiminden ba\u015far\u0131 ile ge\u00e7en \u00fcr\u00fcnlerin ambalaj\u0131nda ve\/veya etiketinde <strong>EUCEB<\/strong> logosunun kullan\u0131m\u0131na onay verilir. B\u00f6ylelikle t\u00fcketiciler <strong>g\u00fcvenli<\/strong> ve<strong> sa\u011fl\u0131kl\u0131 yal\u0131t\u0131m malzemelerini<\/strong> ambalaj ve\/veya etiket \u00fczerindeki logodan kolayca tespit edebilir. <strong>Camy\u00fcn\u00fc<\/strong> ve<strong> ta\u015fy\u00fcn\u00fc yal\u0131t\u0131m \u00fcr\u00fcnleri<\/strong>nin ambalajlar\u0131nda yer alan EUCEB logosu, o \u00fcr\u00fcn\u00fcn sa\u011fl\u0131\u011fa zarars\u0131z oldu\u011funun ispat\u0131d\u0131r. Dolay\u0131s\u0131yla ambalaj\u0131nda EUCEB logosu olan \u0130zocam markal\u0131 \u00fcr\u00fcnler,<strong> yal\u0131t\u0131mda sa\u011fl\u0131k garantisi<\/strong> vermektedir. Ayr\u0131ca EUCEB ad\u0131na denetimleri y\u00fcr\u00fctmekte olan ba\u011f\u0131ms\u0131z belgelendirme kurulu\u015fu <strong>BCCA<\/strong>\u2019n\u0131n (Bel\u00e7ika Yap\u0131 Belgelendirme Kurumu) websitesi \u00fczerinden de \u00fcreticilerin EUCEB Sertifikalar\u0131n\u0131n olup olmad\u0131\u011f\u0131 ve bu sertifikan\u0131n hangi \u00fcr\u00fcnleri kapsad\u0131\u011f\u0131 kontrol edilebilir.<\/p>\n<h3><strong>8- \u0130zocam ka\u00e7 y\u0131ld\u0131r EUCEB sertifikas\u0131na yat\u0131r\u0131m yap\u0131yor?<\/strong><\/h3>\n<p>\u0130zocam,<strong> yal\u0131t\u0131m sekt\u00f6r\u00fc<\/strong>nde EUCEB belgesine sahip olan ilk kurum olma \u00f6zelli\u011fi ta\u015f\u0131maktad\u0131r. Bu konuda da sekt\u00f6r\u00fcne \u00f6nc\u00fcl\u00fck eden \u0130zocam, 14 y\u0131ld\u0131r<strong> \u0130zocam Ta\u015fy\u00fcn\u00fc<\/strong> ve 13 y\u0131ld\u0131r <strong>\u0130zocam Camy\u00fcn\u00fc \u00fcr\u00fcnleri<\/strong>ni EUCEB g\u00fcvencesi alt\u0131nda \u00fcreterek t\u00fcketicilerin sa\u011fl\u0131\u011f\u0131n\u0131 koruma alt\u0131na almaktad\u0131r. Sa\u011fl\u0131kl\u0131 yal\u0131t\u0131m\u0131n bir hak oldu\u011funa dikkat \u00e7eken <strong>\u0130zocam<\/strong>, <strong>EUCEB sertifikas\u0131<\/strong> i\u00e7in ger\u00e7ekle\u015ftirdi\u011fi yat\u0131r\u0131mlar\u0131 aral\u0131ks\u0131z olarak s\u00fcrd\u00fcrmektedir.<\/p>\n<h3><strong>9- \u0130zocam marka mineral y\u00fcnler EUCEB sertifikas\u0131 ile birlikte hangi standartlara sahiptir?<\/strong><\/h3>\n<p><strong>\u0130zocam Ta\u015fy\u00fcn\u00fc<\/strong> ve <strong>\u0130zocam Camy\u00fcn\u00fc, BCCA<\/strong> taraf\u0131ndan d\u00fczenli aral\u0131klarla denetlenip uygunlu\u011fu kontrol edilen EUCEB Sertifikas\u0131n\u0131n yan\u0131 s\u0131ra <strong>TSE<\/strong> ve <strong>CE belgeleri<\/strong>ne, <strong>ISO 9001 Kalite G\u00fcvence Sistemi, ISO 14001 \u00c7evre Y\u00f6netim Sistemi, ISO 45001 \u0130\u015f Sa\u011fl\u0131\u011f\u0131 ve G\u00fcvenli\u011fi Y\u00f6netim Sistemi Sertifikalar\u0131<\/strong>na sahiptir. \u0130zocam marka<strong> mineral y\u00fcnler,<\/strong> y\u00fcksek standartlarda sundu\u011fu <strong>\u0131s\u0131<\/strong> ve <strong>ses yal\u0131t\u0131m\u0131n\u0131n<\/strong> yan\u0131nda<strong> A1 s\u0131n\u0131f\u0131<\/strong> yanmaz \u00f6zelli\u011fiyle <strong>binalar\u0131n yang\u0131n g\u00fcvenli\u011fini<\/strong> artt\u0131r\u0131r. Ayn\u0131 zamanda \u00fcretiminde kullan\u0131lan <strong>geri d\u00f6n\u00fc\u015ft\u00fcr\u00fclm\u00fc\u015f malzemeler<\/strong> sayesinde kullan\u0131lan binalar\u0131n <strong>LEED &#8211; BREAM<\/strong> gibi<strong> ye\u015fil bina sertifikas\u0131<\/strong> almalar\u0131na olanak sa\u011flar. Ayr\u0131ca bu \u00fcr\u00fcnler, Birle\u015fmi\u015f Milletler\u2019in k\u00fcresel <strong>iklim de\u011fi\u015fikli\u011fi ile m\u00fccadele<\/strong> kapsam\u0131nda geli\u015ftirdi\u011fi \u201cS\u00fcrd\u00fcr\u00fclebilir Kalk\u0131nma \u0130\u00e7in 17 K\u00fcresel Ama\u00e7\u201dtan 8\u2019ine de do\u011frudan katk\u0131da bulunmaktad\u0131r. <strong>\u0130zocam Camy\u00fcn\u00fc \u015eiltelerinin<\/strong> ise <strong>\u201cEurofins Gold\u201d sertifikas\u0131<\/strong> ile sa\u011fl\u0131kl\u0131 i\u00e7 ortam havas\u0131na katk\u0131 sa\u011flad\u0131\u011f\u0131 belgelenmektedir.<\/p>\n<h3><strong>10- EUCEB Sertifikal\u0131 \u0130zocam mineral y\u00fcnlerin i\u00e7eri\u011finde neler bulunur?<\/strong><\/h3>\n<p>\u00c7evre dostu malzemeler i\u00e7eren <strong>\u0130zocam camy\u00fcn\u00fc<\/strong> ve<strong> ta\u015fy\u00fcn\u00fc yal\u0131t\u0131m malzemeleri,<\/strong> d\u00fcnyada en \u00e7ok bilinen ve en g\u00fcvenilir \u00fcr\u00fcnler aras\u0131nda yer almaktad\u0131r. \u0130zocam, \u00fcretiminin <strong>% 80<\/strong>\u2019inde<strong> kum, bazalt, do\u011fal mineraller<\/strong> ve<strong> geri d\u00f6n\u00fc\u015f\u00fcml\u00fc camlar<\/strong> kullan\u0131r. <strong>\u00dcretim art\u0131klar\u0131<\/strong> da tekrar \u00fcr\u00fcn imalat\u0131nda de\u011ferlendirilir.<strong> \u0130zocam;<\/strong> yerel ve en az <strong>%30<\/strong> oran\u0131nda geri kazan\u0131lm\u0131\u015f \u00fcr\u00fcn\u00fc ile <strong>s\u00fcrd\u00fcr\u00fclebilirli\u011fe hizmet<\/strong> ederken, \u00fcr\u00fcnlerinin i\u00e7eri\u011fi ile <strong>t\u00fcm canl\u0131lara<\/strong> ve <strong>do\u011faya sa\u011fl\u0131kl\u0131<\/strong> bir ya\u015fam sunmaktad\u0131r.<\/p>","protected":false},"excerpt":{"rendered":"<p>Sorry, this entry is only available in Turkish. For the sake of viewer convenience, the content is shown below in the alternative language. You may click the link to switch the active language. Mineral y\u00fcnlerin ambalaj\u0131nda yer alan EUCEB logosunun, bir i\u015faretten \u00e7ok daha derin anlamlar ta\u015f\u0131d\u0131\u011f\u0131n\u0131 biliyor muydunuz? Sa\u011fl\u0131kl\u0131 yal\u0131t\u0131m bilincinin olu\u015fmas\u0131nda sekt\u00f6r\u00fcne liderlik [&hellip;]<\/p>\n","protected":false},"author":1,"featured_media":159354,"comment_status":"open","ping_status":"open","sticky":false,"template":"","format":"standard","meta":[],"categories":[53,52],"tags":[104893,104890,84330,84334,104891,104892,104894,13421,9134,43365,41081,2797],"views":108,"_links":{"self":[{"href":"https:\/\/www.enerjigazetesi.ist\/en\/wp-json\/wp\/v2\/posts\/159352"}],"collection":[{"href":"https:\/\/www.enerjigazetesi.ist\/en\/wp-json\/wp\/v2\/posts"}],"about":[{"href":"https:\/\/www.enerjigazetesi.ist\/en\/wp-json\/wp\/v2\/types\/post"}],"author":[{"embeddable":true,"href":"https:\/\/www.enerjigazetesi.ist\/en\/wp-json\/wp\/v2\/users\/1"}],"replies":[{"embeddable":true,"href":"https:\/\/www.enerjigazetesi.ist\/en\/wp-json\/wp\/v2\/comments?post=159352"}],"version-history":[{"count":0,"href":"https:\/\/www.enerjigazetesi.ist\/en\/wp-json\/wp\/v2\/posts\/159352\/revisions"}],"wp:featuredmedia":[{"embeddable":true,"href":"https:\/\/www.enerjigazetesi.ist\/en\/wp-json\/wp\/v2\/media\/159354"}],"wp:attachment":[{"href":"https:\/\/www.enerjigazetesi.ist\/en\/wp-json\/wp\/v2\/media?parent=159352"}],"wp:term":[{"taxonomy":"category","embeddable":true,"href":"https:\/\/www.enerjigazetesi.ist\/en\/wp-json\/wp\/v2\/categories?post=159352"},{"taxonomy":"post_tag","embeddable":true,"href":"https:\/\/www.enerjigazetesi.ist\/en\/wp-json\/wp\/v2\/tags?post=159352"}],"curies":[{"name":"wp","href":"https:\/\/api.w.org\/{rel}","templated":true}]}}