{"id":15935,"date":"2013-09-29T22:38:18","date_gmt":"2013-09-29T19:38:18","guid":{"rendered":"https:\/\/www.enerjigazetesi.ist\/?p=15935"},"modified":"2013-09-29T22:48:32","modified_gmt":"2013-09-29T19:48:32","slug":"bu-yil-elektrige-zam-yok","status":"publish","type":"post","link":"https:\/\/www.enerjigazetesi.ist\/en\/bu-yil-elektrige-zam-yok\/","title":{"rendered":"(Turkish) Bu Y\u0131l Elektri\u011fe Zam Yok&#8230;"},"content":{"rendered":"<p class=\"qtranxs-available-languages-message qtranxs-available-languages-message-en\">Sorry, this entry is only available in <a href=\"https:\/\/www.enerjigazetesi.ist\/tr\/wp-json\/wp\/v2\/posts\/15935\" class=\"qtranxs-available-language-link qtranxs-available-language-link-tr\" title=\"Turkish\">Turkish<\/a>. For the sake of viewer convenience, the content is shown below in the alternative language. You may click the link to switch the active language.<\/p><p><strong><a href=\"https:\/\/www.enerjigazetesi.ist\/wp-content\/uploads\/2013\/09\/bu-yil-elektrige-zam-yok.jpg\"><img loading=\"lazy\" class=\"alignleft size-medium wp-image-15936\" title=\"bu-yil-elektrige-zam-yok\" src=\"https:\/\/www.enerjigazetesi.ist\/wp-content\/uploads\/2013\/09\/bu-yil-elektrige-zam-yok-300x196.jpg\" alt=\"\" width=\"300\" height=\"196\" srcset=\"https:\/\/www.enerjigazetesi.ist\/wp-content\/uploads\/2013\/09\/bu-yil-elektrige-zam-yok-300x196.jpg 300w, https:\/\/www.enerjigazetesi.ist\/wp-content\/uploads\/2013\/09\/bu-yil-elektrige-zam-yok-500x327.jpg 500w, https:\/\/www.enerjigazetesi.ist\/wp-content\/uploads\/2013\/09\/bu-yil-elektrige-zam-yok-76x50.jpg 76w, https:\/\/www.enerjigazetesi.ist\/wp-content\/uploads\/2013\/09\/bu-yil-elektrige-zam-yok.jpg 561w\" sizes=\"(max-width: 300px) 100vw, 300px\" \/><\/a>Enerji ve Tabii Kaynaklar Bakan\u0131 Taner Y\u0131ld\u0131z, \u00f6n\u00fcm\u00fczdeki \u00fc\u00e7 ayda elektrik fiyatlar\u0131na zam yapmayacaklar\u0131n\u0131 s\u00f6yledi.<\/strong><\/p>\n<p>Afyon\u2019daki enerji santralinin a\u00e7\u0131l\u0131\u015f\u0131nda yapt\u0131\u011f\u0131 konu\u015fmada Bakan Y\u0131ld\u0131z konuyla ilgili \u015funlar\u0131 s\u00f6yledi: \u201cHazine M\u00fcste\u015farl\u0131\u011f\u0131 ve Maliye Bakanl\u0131\u011f\u0131 ile yapt\u0131\u011f\u0131m\u0131z \u00e7al\u0131\u015fmalar sonunda elektrik fiyatlar\u0131nda artan maliyetlere ra\u011fmen vatanda\u015f\u0131n, sanayicinin lehine herhangi bir fiyat de\u011fi\u015fikli\u011fine gitmeyece\u011fiz. Bu \u00e7er\u00e7evede 3 ay zam yapmayaca\u011f\u0131z.&#8221;<\/p>\n<p>Kaynak: <a href=\"http:\/\/enerjigunlugu.net\/bu-yil-elektrige-zam-yok_5012.html\" target=\"_blank\">Enerji G\u00fcnl\u00fc\u011f\u00fc<\/a><\/p>","protected":false},"excerpt":{"rendered":"<p>Sorry, this entry is only available in Turkish. For the sake of viewer convenience, the content is shown below in the alternative language. You may click the link to switch the active language.Enerji ve Tabii Kaynaklar Bakan\u0131 Taner Y\u0131ld\u0131z, \u00f6n\u00fcm\u00fczdeki \u00fc\u00e7 ayda elektrik fiyatlar\u0131na zam yapmayacaklar\u0131n\u0131 s\u00f6yledi. Afyon\u2019daki enerji santralinin a\u00e7\u0131l\u0131\u015f\u0131nda yapt\u0131\u011f\u0131 konu\u015fmada Bakan Y\u0131ld\u0131z [&hellip;]<\/p>\n","protected":false},"author":1,"featured_media":15936,"comment_status":"open","ping_status":"open","sticky":false,"template":"","format":"standard","meta":[],"categories":[51,53],"tags":[710,68,343,657,63,67,1009,165,667],"views":610,"_links":{"self":[{"href":"https:\/\/www.enerjigazetesi.ist\/en\/wp-json\/wp\/v2\/posts\/15935"}],"collection":[{"href":"https:\/\/www.enerjigazetesi.ist\/en\/wp-json\/wp\/v2\/posts"}],"about":[{"href":"https:\/\/www.enerjigazetesi.ist\/en\/wp-json\/wp\/v2\/types\/post"}],"author":[{"embeddable":true,"href":"https:\/\/www.enerjigazetesi.ist\/en\/wp-json\/wp\/v2\/users\/1"}],"replies":[{"embeddable":true,"href":"https:\/\/www.enerjigazetesi.ist\/en\/wp-json\/wp\/v2\/comments?post=15935"}],"version-history":[{"count":5,"href":"https:\/\/www.enerjigazetesi.ist\/en\/wp-json\/wp\/v2\/posts\/15935\/revisions"}],"predecessor-version":[{"id":15946,"href":"https:\/\/www.enerjigazetesi.ist\/en\/wp-json\/wp\/v2\/posts\/15935\/revisions\/15946"}],"wp:featuredmedia":[{"embeddable":true,"href":"https:\/\/www.enerjigazetesi.ist\/en\/wp-json\/wp\/v2\/media\/15936"}],"wp:attachment":[{"href":"https:\/\/www.enerjigazetesi.ist\/en\/wp-json\/wp\/v2\/media?parent=15935"}],"wp:term":[{"taxonomy":"category","embeddable":true,"href":"https:\/\/www.enerjigazetesi.ist\/en\/wp-json\/wp\/v2\/categories?post=15935"},{"taxonomy":"post_tag","embeddable":true,"href":"https:\/\/www.enerjigazetesi.ist\/en\/wp-json\/wp\/v2\/tags?post=15935"}],"curies":[{"name":"wp","href":"https:\/\/api.w.org\/{rel}","templated":true}]}}