{"id":159304,"date":"2022-07-18T13:36:49","date_gmt":"2022-07-18T10:36:49","guid":{"rendered":"https:\/\/www.enerjigazetesi.ist\/?p=159304"},"modified":"2022-07-18T13:37:19","modified_gmt":"2022-07-18T10:37:19","slug":"bu-yil-ilk-kez-duzenlenecek-istanbul-festivali-23-temmuz-da-basliyor","status":"publish","type":"post","link":"https:\/\/www.enerjigazetesi.ist\/en\/bu-yil-ilk-kez-duzenlenecek-istanbul-festivali-23-temmuz-da-basliyor\/","title":{"rendered":"(Turkish) Bu Y\u0131l \u0130lk Kez D\u00fczenlenecek &#8216;\u0130stanbul Festivali&#8217; 23 Temmuz&#8217;da Ba\u015fl\u0131yor&#8230;"},"content":{"rendered":"<p class=\"qtranxs-available-languages-message qtranxs-available-languages-message-en\">Sorry, this entry is only available in <a href=\"https:\/\/www.enerjigazetesi.ist\/tr\/wp-json\/wp\/v2\/posts\/159304\" class=\"qtranxs-available-language-link qtranxs-available-language-link-tr\" title=\"Turkish\">Turkish<\/a>. For the sake of viewer convenience, the content is shown below in the alternative language. You may click the link to switch the active language.<\/p><p><\/p>\n<h2><strong>23 Temmuz &#8211; 14 A\u011fustos 2022 tarihleri aras\u0131nda Festival Park Yenikap\u0131\u2019da, Focus \u0130stanbul Etkinlik Y\u00f6netimi taraf\u0131ndan ilk kez d\u00fczenlenecek olan \u0130stanbul Festivali ba\u015fl\u0131yor. 23 g\u00fcn boyunca 16.00\u2019dan itibaren g\u00fcn boyu s\u00fcrecek festivalde, konserlerden tiyatroya, \u00e7ocuk at\u00f6lyelerinden espor etkinliklerine, gastronomiden sanata bir\u00e7ok aktiviteyi bir arada sunan T\u00fcrkiye\u2019nin en geni\u015f ve kapsaml\u0131 ve uzun soluklu etkinli\u011fi olan \u0130stanbul Festivali ile \u0130stanbullular \u00f6zledi\u011fi festivale kavu\u015fuyor.<\/strong><\/h2>\n<p>T\u00fcrkiye\u2019nin en sevilen sanat\u00e7\u0131lar\u0131n\u0131n g\u00f6rkemli bir sahnede sevenleriyle bulu\u015faca\u011f\u0131 <strong>konserler<\/strong> ve <strong>sahne \u015fovlar\u0131<\/strong> <em>\u0130stanbul Festivali\u2019nde<\/em> ziyaret\u00e7ileriyle bulu\u015fmaya haz\u0131rlan\u0131yor. Konserlerin yan\u0131 s\u0131ra t\u00fcm g\u00fcn s\u00fcren aktivitelerle<strong> g\u00fcnd\u00fczden geceye uzanan<\/strong> bir ser\u00fcven sunan <strong>\u0130stanbul Festivali<\/strong> <em>e\u011flence, lezzet ve sanat\u0131<\/em> bir araya getiriyor.<\/p>\n<h3><strong>23 g\u00fcn boyunca sanat, k\u00fclt\u00fcr, e\u011flence ve \u015fehrin t\u00fcm \u0131\u015f\u0131lt\u0131s\u0131 \u0130stanbul Festivali\u2019nde<\/strong><\/h3>\n<h3><strong><em><img loading=\"lazy\" class=\"alignright wp-image-159307\" src=\"https:\/\/www.enerjigazetesi.ist\/wp-content\/uploads\/2022\/07\/bu-yil-ilk-kez-duzenlenecek-istanbul-festivali-23-temmuz-da-basliyor-3.jpg\" alt=\"\" width=\"300\" height=\"310\" srcset=\"https:\/\/www.enerjigazetesi.ist\/wp-content\/uploads\/2022\/07\/bu-yil-ilk-kez-duzenlenecek-istanbul-festivali-23-temmuz-da-basliyor-3.jpg 550w, https:\/\/www.enerjigazetesi.ist\/wp-content\/uploads\/2022\/07\/bu-yil-ilk-kez-duzenlenecek-istanbul-festivali-23-temmuz-da-basliyor-3-290x300.jpg 290w, https:\/\/www.enerjigazetesi.ist\/wp-content\/uploads\/2022\/07\/bu-yil-ilk-kez-duzenlenecek-istanbul-festivali-23-temmuz-da-basliyor-3-387x400.jpg 387w, https:\/\/www.enerjigazetesi.ist\/wp-content\/uploads\/2022\/07\/bu-yil-ilk-kez-duzenlenecek-istanbul-festivali-23-temmuz-da-basliyor-3-48x50.jpg 48w, https:\/\/www.enerjigazetesi.ist\/wp-content\/uploads\/2022\/07\/bu-yil-ilk-kez-duzenlenecek-istanbul-festivali-23-temmuz-da-basliyor-3-500x516.jpg 500w\" sizes=\"(max-width: 300px) 100vw, 300px\" \/><\/em><\/strong><\/h3>\n<p><span style=\"text-decoration: underline;\">23 g\u00fcn s\u00fcresince;<\/span> <em>Kenan Do\u011fulu, Burak Yeter, An Epic Symphony &amp; Hayko Cepkin, Selda Ba\u011fcan, Selami \u015eahin, An\u0131l Piyanc\u0131, Ceza, Kayahan \u015eark\u0131lar\u0131 Gecesinde \u201cFatih Erko\u00e7, I\u015f\u0131n Karaca, \u0130pek A\u00e7ar, Suat Suna\u201d, U\u011fur Aslan, \u0130lyas Alt\u0131nta\u015f, Mehmet Erdem, Haluk Levent, Berkcan G\u00fcven, Motive, Fatma Turgut, Pinhani, Bed\u00fck, Hedonutopia, Mode XL, Melek Mosso, Volkan Konak, Linet, Rubato, Simge Sa\u011f\u0131n, Ya\u015far, MF\u00d6, Y\u0131ld\u0131z Tilbe, Sertab Erener, Cem Karaca &amp; Bar\u0131\u015f Man\u00e7o \u015eark\u0131lar\u0131 gecesinde \u201cEmir Can \u0130\u011frek, Kurtalan Ekspres, Mo\u011folar\u201d, G\u00fcl\u015fen, \u015eimdi 90\u2019lar Gecesinde \u201cBurak Kut, Eda \u00d6z\u00fclk\u00fc, Erdal \u00c7elik, Ferda An\u0131l Yark\u0131n, Jale, Metin \u00d6z\u00fclk\u00fc, Reyhan Karaca, Sibel Ala\u015f, \u00dcmit Say\u0131n, Yonca Evcimik\u201d, \u00a0N\u00fckhet Duru ve Sena \u015eener<\/em> konserleriyle devam edecek.<\/p>\n<p>Herkes i\u00e7in bir\u00e7ok aktivite se\u00e7ene\u011fi sunan<strong> festivalin g\u00f6steri sahnesinde<\/strong><em> il\u00fczyon g\u00f6sterileri, interaktif \u015fovlar, oyun parkurlar\u0131, \u00e7ocuk tiyatrolar\u0131, kukla g\u00f6sterileri, dans \u015fovlar, kaykay ve graffiti \u015fovlar, canl\u0131 heykel ve pandomim g\u00f6sterileri, s\u00f6yle\u015filer ve tiyatro oyunlar\u0131<\/em> gibi pek \u00e7ok etkinlik sahnelenecek.<\/p>\n<p>Festival ayn\u0131 zamanda <strong>\u0130stanbul \u015eark\u0131 Yar\u0131\u015fmas\u0131<\/strong>, Benim \u0130stanbul\u2019um <strong>Foto\u011fraf yar\u0131\u015fmas\u0131<\/strong> gibi \u00f6nemli etkinliklere de ev sahipli\u011fi yapacak. Ayr\u0131ca, <strong>\u00e7a\u011fda\u015f sanat\u0131n \u00f6nemli temsilcilerinin<\/strong> eserleri de <strong>Heykelpark<\/strong> ve <strong>Yeni Medya: NFT sergileri<\/strong>nde <strong>sanat severlerle<\/strong> bulu\u015facak.<\/p>\n<p>\u0130stanbul\u2019da ilk kez bir festival kapsam\u0131nda \u00f6zel olarak konumland\u0131r\u0131lacak gen\u00e7lik b\u00f6l\u00fcm\u00fcnde, <strong>espor turnuva alanlar\u0131, simulator alan\u0131, vr alan\u0131, playstation alan\u0131, kutu oyunlar\u0131<\/strong> yer al\u0131yor. \u00dcnl\u00fc <strong>espor tak\u0131mlar\u0131n\u0131n<\/strong> ve <strong>influencerlar\u0131n<\/strong> bir araya gelece\u011fi <strong>\u0130stanbul Festivali oyunculara<\/strong> ve<strong> oyun severlere<\/strong> heyecanl\u0131 ve e\u011flenceli bir deneyim sunacak.<\/p>\n<p>\u0130stanbul\u2019un tatlar\u0131 ve bilinen markalar\u0131 <strong>\u0130stanbul Festivali\u2019nde<\/strong> lezzet soka\u011f\u0131nda g\u00fcn boyu <strong>so\u011fuk<\/strong> ve <strong>s\u0131cak servislerle<\/strong> ziyaret\u00e7ilerin mola noktas\u0131 olacak.<\/p>\n<h3><strong>Biletler 30 TL\u2019den sat\u0131lacak<\/strong><\/h3>\n<p>1 milyondan fazla ziyaret\u00e7inin kat\u0131lmas\u0131 beklenen <strong>\u0130stanbul Festivali<\/strong>\u2019nin ana sponsorlu\u011funu <strong>Alternatif App<\/strong> \u00fcstlenirken, festivalin tematik sponsorlar\u0131 <em>Algida, Koel Elektronik, Medical Park, Nescafe, Omo, Pepsi, \u015eenpili\u00e7 ve TatilBudur<\/em> \u015feklinde s\u0131ralan\u0131yor. \u0130stanbul Festivali\u2019nin biletleri<strong> 30 TL\u2019den<\/strong> ba\u015flayan eri\u015filebilir fiyatlarla sat\u0131\u015fa sunuluyor.<\/p>","protected":false},"excerpt":{"rendered":"<p>Sorry, this entry is only available in Turkish. For the sake of viewer convenience, the content is shown below in the alternative language. You may click the link to switch the active language. 23 Temmuz &#8211; 14 A\u011fustos 2022 tarihleri aras\u0131nda Festival Park Yenikap\u0131\u2019da, Focus \u0130stanbul Etkinlik Y\u00f6netimi taraf\u0131ndan ilk kez d\u00fczenlenecek olan \u0130stanbul Festivali [&hellip;]<\/p>\n","protected":false},"author":1,"featured_media":159308,"comment_status":"open","ping_status":"open","sticky":false,"template":"","format":"standard","meta":[],"categories":[53],"tags":[58114,104875,104872,104873,5001,104876,104874,104878,104877,58520],"views":81,"_links":{"self":[{"href":"https:\/\/www.enerjigazetesi.ist\/en\/wp-json\/wp\/v2\/posts\/159304"}],"collection":[{"href":"https:\/\/www.enerjigazetesi.ist\/en\/wp-json\/wp\/v2\/posts"}],"about":[{"href":"https:\/\/www.enerjigazetesi.ist\/en\/wp-json\/wp\/v2\/types\/post"}],"author":[{"embeddable":true,"href":"https:\/\/www.enerjigazetesi.ist\/en\/wp-json\/wp\/v2\/users\/1"}],"replies":[{"embeddable":true,"href":"https:\/\/www.enerjigazetesi.ist\/en\/wp-json\/wp\/v2\/comments?post=159304"}],"version-history":[{"count":0,"href":"https:\/\/www.enerjigazetesi.ist\/en\/wp-json\/wp\/v2\/posts\/159304\/revisions"}],"wp:featuredmedia":[{"embeddable":true,"href":"https:\/\/www.enerjigazetesi.ist\/en\/wp-json\/wp\/v2\/media\/159308"}],"wp:attachment":[{"href":"https:\/\/www.enerjigazetesi.ist\/en\/wp-json\/wp\/v2\/media?parent=159304"}],"wp:term":[{"taxonomy":"category","embeddable":true,"href":"https:\/\/www.enerjigazetesi.ist\/en\/wp-json\/wp\/v2\/categories?post=159304"},{"taxonomy":"post_tag","embeddable":true,"href":"https:\/\/www.enerjigazetesi.ist\/en\/wp-json\/wp\/v2\/tags?post=159304"}],"curies":[{"name":"wp","href":"https:\/\/api.w.org\/{rel}","templated":true}]}}