{"id":15929,"date":"2013-09-29T22:27:44","date_gmt":"2013-09-29T19:27:44","guid":{"rendered":"https:\/\/www.enerjigazetesi.ist\/?p=15929"},"modified":"2013-10-07T14:58:53","modified_gmt":"2013-10-07T11:58:53","slug":"zorlu-enerji-grubu-ndan-en-buyuk-jeotermal-santrali-nin-acilisi","status":"publish","type":"post","link":"https:\/\/www.enerjigazetesi.ist\/en\/zorlu-enerji-grubu-ndan-en-buyuk-jeotermal-santrali-nin-acilisi\/","title":{"rendered":"(Turkish) Zorlu Enerji Grubu&#8217;ndan En B\u00fcy\u00fck Jeotermal Santralinin A\u00e7\u0131l\u0131\u015f\u0131&#8230;"},"content":{"rendered":"<p class=\"qtranxs-available-languages-message qtranxs-available-languages-message-en\">Sorry, this entry is only available in <a href=\"https:\/\/www.enerjigazetesi.ist\/tr\/wp-json\/wp\/v2\/posts\/15929\" class=\"qtranxs-available-language-link qtranxs-available-language-link-tr\" title=\"Turkish\">Turkish<\/a>. For the sake of viewer convenience, the content is shown below in the alternative language. You may click the link to switch the active language.<\/p><p><strong>Zorlu Enerji Grubu, 80 MW g\u00fcc\u00fcndeki T\u00fcrkiye\u2019nin en b\u00fcy\u00fck jeotermal santral\u0131 \u201cK\u0131z\u0131ldere 2\u201dyi t\u00f6renle a\u00e7t\u0131. T\u00f6rende konu\u015fan Zorlu Holding Y\u00f6netim Kurulu Ba\u015fkan\u0131 Ahmet Zorlu, \u201cZorlu Grubu olarak 60 y\u0131lda girdi\u011fimiz her alanda kendi kaynaklar\u0131m\u0131z\u0131 kullanarak fark yaratmay\u0131 hedefledik. Bunun i\u00e7in iyi bir \u00f6rnek olan K\u0131z\u0131ldere jeotermal santral\u0131m\u0131zda, \u00f6n\u00fcm\u00fczdeki d\u00f6nemde yapaca\u011f\u0131m\u0131z ilave yat\u0131r\u0131mlarla birlikte \u00fclkemizin cari a\u00e7\u0131\u011f\u0131n\u0131n kapanmas\u0131na y\u0131ll\u0131k 150 milyon dolarl\u0131k bir katk\u0131m\u0131z olacak.\u201d dedi.<\/strong><\/p>\n<p>Yerli ve yenilenebilir kaynaklar\u0131 de\u011ferlendirerek b\u00fcy\u00fcmeyi hedef edinen Zorlu Enerji Grubu, 80 MW g\u00fcc\u00fc ile T\u00fcrkiye\u2019nin en b\u00fcy\u00fck jeotermal santral\u0131 olan K\u0131z\u0131ldere 2 Jeotermal Santral\u0131\u2019n\u0131 t\u00f6renle a\u00e7t\u0131. Santral\u0131n a\u00e7\u0131l\u0131\u015f t\u00f6renine, Ba\u015fbakan Recep Tayyip Erdo\u011fan, Enerji ve Tabii Kaynaklar Bakan\u0131 Taner Y\u0131ld\u0131z, Enerji Piyasas\u0131 D\u00fczenleme Kurumu Ba\u015fkan\u0131 Hasan K\u00f6kta\u015f, Zorlu Holding Y\u00f6netim Kurulu Ba\u015fkan\u0131 Ahmet Zorlu, Zorlu Holding Y\u00f6netim Kurulu E\u015fba\u015fkan\u0131 Zeki Zorlu, Zorlu Holding CEO\u2019su \u00d6mer Y\u00fcng\u00fcl, Zorlu Enerji Y\u00f6netim Kurulu \u00dcyesi Selen Zorlu Melik, Zorlu Enerji Genel M\u00fcd\u00fcr\u00fc Sinan Ak, Zorlu Ailesi\u2019nin \u00fcyeleri ve \u00e7ok say\u0131da davetli kat\u0131ld\u0131.<\/p>\n<p>A\u00e7\u0131l\u0131\u015f t\u00f6reninde bir konu\u015fma yapan Zorlu Holding Y\u00f6netim Kurulu Ba\u015fkan\u0131 Ahmet Zorlu, \u201c60 y\u0131ld\u0131r ekti\u011fimiz tohumlar\u0131n, \u00fclkemiz i\u00e7in de\u011fer yaratan meyvelerini toplamaktan gurur duyuyoruz\u201d dedi.<\/p>\n<p>Zorlu Grubu olarak, faaliyet g\u00f6sterdikleri her alanda \u00f6nc\u00fc olduklar\u0131n\u0131 s\u00f6yleyen Ahmet Zorlu s\u00f6zlerini \u015f\u00f6yle s\u00fcrd\u00fcrd\u00fc:<\/p>\n<p>\u201cFark yaratt\u0131\u011f\u0131m\u0131z alanlardan bir tanesi de enerji. Zorlu Enerji Grubu olarak yerli ve yenilenebilir enerji kaynaklar\u0131na odaklanarak, katma de\u011fer yar<a href=\"https:\/\/www.enerjigazetesi.ist\/wp-content\/uploads\/2013\/09\/en-buyuk-jeotermal-santrali-devreye-giriyor.jpg\"><img loading=\"lazy\" class=\"alignleft size-medium wp-image-15930\" title=\"en-buyuk-jeotermal-santrali-devreye-giriyor\" src=\"https:\/\/www.enerjigazetesi.ist\/wp-content\/uploads\/2013\/09\/en-buyuk-jeotermal-santrali-devreye-giriyor-300x181.jpg\" alt=\"\" width=\"300\" height=\"181\" srcset=\"https:\/\/www.enerjigazetesi.ist\/wp-content\/uploads\/2013\/09\/en-buyuk-jeotermal-santrali-devreye-giriyor-300x181.jpg 300w, https:\/\/www.enerjigazetesi.ist\/wp-content\/uploads\/2013\/09\/en-buyuk-jeotermal-santrali-devreye-giriyor-80x48.jpg 80w, https:\/\/www.enerjigazetesi.ist\/wp-content\/uploads\/2013\/09\/en-buyuk-jeotermal-santrali-devreye-giriyor.jpg 480w\" sizes=\"(max-width: 300px) 100vw, 300px\" \/><\/a>atan, istihdam\u0131 destekleyen ve her y\u00f6n\u00fcyle katk\u0131 sa\u011flayan yat\u0131r\u0131mlar ger\u00e7ekle\u015ftirmeyi hedefliyoruz. K\u0131z\u0131ldere 2 Jeotermal Santral\u0131 da bu bak\u0131\u015f a\u00e7\u0131m\u0131z\u0131n bir yans\u0131mas\u0131d\u0131r. 250 milyon dolarl\u0131k yat\u0131r\u0131mla hayata ge\u00e7irdi\u011fimiz K\u0131z\u0131ldere 2 Jeotermal Santral\u0131, 80 MW g\u00fcc\u00fc ile T\u00fcrkiye\u2019nin en b\u00fcy\u00fck jeotermal santral\u0131 oldu.\u201d<\/p>\n<p>T\u00fcrkiye\u2019nin elektrik \u00fcretimine uygun, potansiyeli en geni\u015f sahalar\u0131ndan biri olan K\u0131z\u0131ldere jeotermal sahas\u0131 \u00fczerindeki \u00e7al\u0131\u015fmalar ile ilgili bilgi veren Ahmet Zorlu, \u201c2008 y\u0131l\u0131nda, AD\u00dcA\u015e ihalesi ile 30 y\u0131ll\u0131k i\u015fletme hakk\u0131n\u0131 devrald\u0131\u011f\u0131m\u0131z K\u0131z\u0131ldere Jeotermal Santral\u0131, \u00fclkemizin ilk jeotermal santral\u0131d\u0131r. Santral\u0131n i\u015fletme hakk\u0131n\u0131 devrald\u0131ktan sonra, yapt\u0131\u011f\u0131m\u0131z<\/p>\n<p>iyile\u015ftirme \u00e7al\u0131\u015fmalar\u0131 ile 6 MW olan kapasitesini k\u0131sa s\u00fcrede 15 MW\u2019a kadar y\u00fckselttik. Bug\u00fcn a\u00e7\u0131l\u0131\u015f\u0131n\u0131 yapt\u0131\u011f\u0131m\u0131z K\u0131z\u0131ldere 2 Jeotermal Santral\u0131 ile birlikte jeotermal alan\u0131nda 95 MW kurulu g\u00fcce ula\u015facak ve d\u00fcnyan\u0131n en b\u00fcy\u00fck jeotermal sahalar\u0131 aras\u0131na girece\u011fiz\u201d dedi.<\/p>\n<p>Zorlu Enerji Grubu olarak, T\u00fcrkiye\u2019nin yerli ve yenilenebilir enerji kapasitesini art\u0131rmak ve cari a\u00e7\u0131\u011f\u0131n\u0131n azalt\u0131lmas\u0131na katk\u0131da bulunmak hedefiyle yat\u0131r\u0131mlar\u0131na devam edeceklerini s\u00f6yleyen Ahmet Zorlu \u015funlar\u0131 s\u00f6yledi:<\/p>\n<p>\u201cGrubumuz, K\u0131z\u0131ldere jeotermal sahas\u0131nda, 3. ve 4. faz yat\u0131r\u0131m \u00e7al\u0131\u015fmalar\u0131na da ba\u015flad\u0131. Bu do\u011frultuda, 100 MW kapasitede faaliyet g\u00f6stermesi planlanan \u00fc\u00e7\u00fcnc\u00fc faz i\u00e7in lisans ba\u015fvurusunu da yapt\u0131k. \u00dc\u00e7\u00fcnc\u00fc faz\u0131 da hayata ge\u00e7irdi\u011fimizde T\u00fcrkiye\u2019nin cari a\u00e7\u0131\u011f\u0131n\u0131n kapanmas\u0131na y\u0131ll\u0131k 150 milyon dolar ile \u00f6nemli oranda bir katk\u0131da bulunaca\u011f\u0131z. Jeotermal d\u0131\u015f\u0131nda Denizli\u2019de Dalaman \u00c7ay\u0131 \u00fczerinde 124 MW\u2019l\u0131k Sami Soydam Hidroelektrik Santrali projemizi de \u00fclkemize arma\u011fan etmek \u00fczere \u00e7al\u0131\u015fmalar\u0131m\u0131z devam ediyor.<\/p>\n<p>Ahmet Zorlu, Zorlu Enerji\u2019nin di\u011fer jeotermal enerji yat\u0131r\u0131m \u00e7al\u0131\u015fmalar\u0131 hakk\u0131nda da bilgi vererek, \u201cK\u0131z\u0131ldere Jeotermal Santral\u0131\u2019n\u0131n yan\u0131 s\u0131ra, 2040 y\u0131l\u0131na kadar \u00fcretim lisans\u0131m\u0131z\u0131n bulundu\u011fu Manisa-Ala\u015fehir jeotermal saham\u0131zda sondaj \u00e7al\u0131\u015fmalar\u0131n\u0131 s\u00fcrd\u00fcr\u00fcyoruz. 45 MW kurulu g\u00fcce sahip olacak tesisimizi 2015 y\u0131l\u0131nda faaliyete almay\u0131 hedefliyoruz. K\u00fctahya Simav\u2019da da jeotermal \u00e7al\u0131\u015fmalar\u0131m\u0131z bulunuyor. Denizli\u2019nin Sarayk\u00f6y il\u00e7esindeki Karata\u015f mevkiinde y\u00fcr\u00fctt\u00fc\u011f\u00fcm\u00fcz jeotermal kaynak ara\u015ft\u0131rmalar\u0131 olumlu sonu\u00e7lar verdi. Bitlis ve \u00e7evresindeki jeotermal kaynaklar\u0131n enerji \u00fcretiminde de\u011ferlendirilmesi konusunda da ara\u015ft\u0131rmalar yap\u0131yoruz. Bu b\u00f6lgede 150 MW\u2019l\u0131k kapasiteye ula\u015fabilece\u011fimize inan\u0131yoruz\u201d dedi.<\/p>\n<p>Ahmet Zorlu, t\u00fcm bu \u00e7al\u0131\u015fmalar neticesinde, T\u00fcrkiye\u2019nin 2023\u2019te ula\u015fmak istedi\u011fi 600 MW\u2019l\u0131k jeotermal enerji hedefinin y\u00fczde 70\u2019ini, 2020 y\u0131l\u0131na kadar Zorlu Enerji Grubu\u2019nun tek ba\u015f\u0131na ger\u00e7ekle\u015ftirece\u011fini s\u00f6yledi.<\/p>\n<p>Yay\u0131nc\u0131: <a href=\"https:\/\/www.enerjigazetesi.ist\" target=\"_blank\">Enerji Gazetesi<\/a><\/p>","protected":false},"excerpt":{"rendered":"<p>Sorry, this entry is only available in Turkish. For the sake of viewer convenience, the content is shown below in the alternative language. You may click the link to switch the active language.Zorlu Enerji Grubu, 80 MW g\u00fcc\u00fcndeki T\u00fcrkiye\u2019nin en b\u00fcy\u00fck jeotermal santral\u0131 \u201cK\u0131z\u0131ldere 2\u201dyi t\u00f6renle a\u00e7t\u0131. T\u00f6rende konu\u015fan Zorlu Holding Y\u00f6netim Kurulu Ba\u015fkan\u0131 Ahmet [&hellip;]<\/p>\n","protected":false},"author":1,"featured_media":14555,"comment_status":"open","ping_status":"open","sticky":false,"template":"","format":"standard","meta":[],"categories":[53,48],"tags":[9117,710,63,67,1009,165,18,58,56,6748,6322,3237,9116,9070,667,6339,2915],"views":1336,"_links":{"self":[{"href":"https:\/\/www.enerjigazetesi.ist\/en\/wp-json\/wp\/v2\/posts\/15929"}],"collection":[{"href":"https:\/\/www.enerjigazetesi.ist\/en\/wp-json\/wp\/v2\/posts"}],"about":[{"href":"https:\/\/www.enerjigazetesi.ist\/en\/wp-json\/wp\/v2\/types\/post"}],"author":[{"embeddable":true,"href":"https:\/\/www.enerjigazetesi.ist\/en\/wp-json\/wp\/v2\/users\/1"}],"replies":[{"embeddable":true,"href":"https:\/\/www.enerjigazetesi.ist\/en\/wp-json\/wp\/v2\/comments?post=15929"}],"version-history":[{"count":7,"href":"https:\/\/www.enerjigazetesi.ist\/en\/wp-json\/wp\/v2\/posts\/15929\/revisions"}],"predecessor-version":[{"id":16242,"href":"https:\/\/www.enerjigazetesi.ist\/en\/wp-json\/wp\/v2\/posts\/15929\/revisions\/16242"}],"wp:featuredmedia":[{"embeddable":true,"href":"https:\/\/www.enerjigazetesi.ist\/en\/wp-json\/wp\/v2\/media\/14555"}],"wp:attachment":[{"href":"https:\/\/www.enerjigazetesi.ist\/en\/wp-json\/wp\/v2\/media?parent=15929"}],"wp:term":[{"taxonomy":"category","embeddable":true,"href":"https:\/\/www.enerjigazetesi.ist\/en\/wp-json\/wp\/v2\/categories?post=15929"},{"taxonomy":"post_tag","embeddable":true,"href":"https:\/\/www.enerjigazetesi.ist\/en\/wp-json\/wp\/v2\/tags?post=15929"}],"curies":[{"name":"wp","href":"https:\/\/api.w.org\/{rel}","templated":true}]}}