{"id":159278,"date":"2022-07-18T10:22:48","date_gmt":"2022-07-18T07:22:48","guid":{"rendered":"https:\/\/www.enerjigazetesi.ist\/?p=159278"},"modified":"2022-07-18T10:22:48","modified_gmt":"2022-07-18T07:22:48","slug":"gunes-enerjisi-yatirimcilari-icin-kablo-tercihinde-dikkat-edilmesi-gerekenler","status":"publish","type":"post","link":"https:\/\/www.enerjigazetesi.ist\/en\/gunes-enerjisi-yatirimcilari-icin-kablo-tercihinde-dikkat-edilmesi-gerekenler\/","title":{"rendered":"(Turkish) G\u00fcne\u015f Enerjisi Yat\u0131r\u0131mc\u0131lar\u0131 \u0130\u00e7in Kablo Tercihinde Dikkat Edilmesi Gerekenler"},"content":{"rendered":"<p class=\"qtranxs-available-languages-message qtranxs-available-languages-message-en\">Sorry, this entry is only available in <a href=\"https:\/\/www.enerjigazetesi.ist\/tr\/wp-json\/wp\/v2\/posts\/159278\" class=\"qtranxs-available-language-link qtranxs-available-language-link-tr\" title=\"Turkish\">Turkish<\/a>. For the sake of viewer convenience, the content is shown below in the alternative language. You may click the link to switch the active language.<\/p><p><\/p>\n<h2>Ba\u015fo\u011flu Kablo Sat\u0131\u015f ve Pazarlama M\u00fcd\u00fcr\u00fc Mutlu K\u0131nd\u0131ro\u011flu,\u00a0 <strong><em>fotovoltaik <\/em><\/strong><em>kablolar\u0131n \u00fcretimini de ger\u00e7ekle\u015ftirdiklerine de\u011finerek G\u00fcne\u015f enerjisi sistemlerinde kablolar\u0131n \u00f6nemine v\u00fccudumuzdaki damarlara benzeterek; \u201cAsl\u0131nda insan v\u00fccudunu d\u00fc\u015f\u00fcn\u00fcrseniz, insan v\u00fccudunda kalp ve damarlar var. G\u00fcne\u015f enerjisi sekt\u00f6r\u00fcne bu a\u00e7\u0131dan bakt\u0131\u011f\u0131m\u0131zda da bu i\u015fin kalbi invert\u00f6r, damarlar\u0131 da kablolar diyebiliriz. Dolay\u0131s\u0131yla g\u00fcne\u015f enerjisi sekt\u00f6r\u00fc baz\u0131nda kablolara bakt\u0131\u011f\u0131n\u0131zda, ger\u00e7ekten kullan\u0131l\u0131rken \u00e7ok dikkat edilmesi gereken, \u00e7ok ehemmiyetli ve \u00f6nem verilmesi gereken bir durumdur bize g\u00f6re\u201d<\/em> ifadelerini kulland\u0131.<\/h2>\n<div id=\"attachment_159280\" style=\"width: 310px\" class=\"wp-caption alignright\"><img aria-describedby=\"caption-attachment-159280\" loading=\"lazy\" class=\"wp-image-159280\" src=\"https:\/\/www.enerjigazetesi.ist\/wp-content\/uploads\/2022\/07\/basoglu-kablo-genel-muduru-mutlu-kindiroglu.jpg\" alt=\"\" width=\"300\" height=\"241\" srcset=\"https:\/\/www.enerjigazetesi.ist\/wp-content\/uploads\/2022\/07\/basoglu-kablo-genel-muduru-mutlu-kindiroglu.jpg 385w, https:\/\/www.enerjigazetesi.ist\/wp-content\/uploads\/2022\/07\/basoglu-kablo-genel-muduru-mutlu-kindiroglu-300x241.jpg 300w, https:\/\/www.enerjigazetesi.ist\/wp-content\/uploads\/2022\/07\/basoglu-kablo-genel-muduru-mutlu-kindiroglu-62x50.jpg 62w\" sizes=\"(max-width: 300px) 100vw, 300px\" \/><p id=\"caption-attachment-159280\" class=\"wp-caption-text\">Ba\u015fo\u011flu Kablo Sat\u0131\u015f ve Pazarlama M\u00fcd\u00fcr\u00fc Mutlu K\u0131nd\u0131ro\u011flu<\/p><\/div>\n<p>Kablolara y\u00f6nelik al\u0131nan<strong> uyumluluk belgeleri<\/strong>nin \u00f6nemli oldu\u011funu ancak yeterli olmad\u0131\u011f\u0131n\u0131 belirten Ba\u015fo\u011flu Kablo Sat\u0131\u015f ve Pazarlama M\u00fcd\u00fcr<strong> Mutlu K\u0131nd\u0131ro\u011flu<\/strong><em>; \u201cUzun y\u0131llard\u0131r bu firmada \u00e7al\u0131\u015f\u0131yorum, kendi dilim d\u00f6nd\u00fc\u011f\u00fcnce kabloyu da ger\u00e7ekten iyi bilirim. \u0130letkeni \u00e7\u0131plak d\u00f6\u015feseniz dahi, \u00fczerinden ak\u0131m veya gerilimi bir \u015fekilde ge\u00e7irebiliyorsunuz. Ancak burada devreye<strong> izolasyon malzemesi<\/strong> ya da <strong>yal\u0131t\u0131m malzemesi<\/strong> de giriyor. Dolay\u0131s\u0131yla, firmalar\u0131n burada \u00f6ncelikle dikkat etmesi gereken husus belge de\u011fil. G\u00fcn\u00fcm\u00fczde uyumluluk belgelerini herkes al\u0131yor. Burada \u00f6nemli olan, yal\u0131t\u0131m malzemesinin belge al\u0131nd\u0131ktan sonra yap\u0131lan uygulamalarda da belgede g\u00f6sterildi\u011fi \u015fartlarda kullan\u0131lmas\u0131 ve <strong>kablonun uygunluk al\u0131nan \u015fartlarda<\/strong> \u00fcretilmesi. \u00c7\u00fcnk\u00fc biz belgeyi almaya gitti\u011fimizde, belge ald\u0131\u011f\u0131m\u0131z kuruma; kulland\u0131\u011f\u0131m\u0131z iletkeni, yal\u0131t\u0131m malzemesini, bu malzemelerin marka ve \u00f6zelliklerini belirtiriz. Ard\u0131ndan \u00fcr\u00fcn <strong>1 y\u0131l boyunca<\/strong> testlere girer. Bu y\u0131ll\u0131k testlerin sonucunda da kurum bize belgeyi verirken, &#8220;Bu firma bu belgeyi almaya hak kazanm\u0131\u015ft\u0131r, ancak <img loading=\"lazy\" class=\"alignleft wp-image-159282\" src=\"https:\/\/www.enerjigazetesi.ist\/wp-content\/uploads\/2022\/07\/basoglu-gunes-panelleri-kablolari.jpg\" alt=\"\" width=\"320\" height=\"174\" srcset=\"https:\/\/www.enerjigazetesi.ist\/wp-content\/uploads\/2022\/07\/basoglu-gunes-panelleri-kablolari.jpg 550w, https:\/\/www.enerjigazetesi.ist\/wp-content\/uploads\/2022\/07\/basoglu-gunes-panelleri-kablolari-300x163.jpg 300w, https:\/\/www.enerjigazetesi.ist\/wp-content\/uploads\/2022\/07\/basoglu-gunes-panelleri-kablolari-500x272.jpg 500w, https:\/\/www.enerjigazetesi.ist\/wp-content\/uploads\/2022\/07\/basoglu-gunes-panelleri-kablolari-80x43.jpg 80w\" sizes=\"(max-width: 320px) 100vw, 320px\" \/>ba\u015fvuru s\u0131ras\u0131nda belirtti\u011fi yal\u0131t\u0131m malzemesi ile.\u2019 ibaresini kullan\u0131r.&#8221; <\/em>a\u00e7\u0131klamalar\u0131n\u0131 yaparak firmalar\u0131n uyumluluk belgesi alma s\u00fcre\u00e7lerine \u0131\u015f\u0131k tuttu.<\/p>\n<p>Yat\u0131r\u0131mc\u0131lar\u0131n dikkat etmesi gereken as\u0131l konuya y\u00f6nelik a\u00e7\u0131klama yapan<strong> Mutlu K\u0131nd\u0131ro\u011flu<\/strong><em>, \u201cDolay\u0131s\u0131yla belgeyi ald\u0131ktan sonra \u00fcretilen \u00fcr\u00fcnler sahaya sunuldu\u011funda, yat\u0131r\u0131mc\u0131lar\u0131n dikkat etmesi gereken konulardan bir tanesi <strong>kablonun belge al\u0131rken<\/strong> belirtti\u011fi \u015fartlarda, <strong>do\u011fru yal\u0131t\u0131m malzemesini<\/strong> o \u00fcr\u00fcnde kullan\u0131p kullanmamas\u0131. Elbette burada bir di\u011fer konu da firman\u0131n g\u00fcvenilirli\u011fi. Hangi firmadan al\u0131yorsunuz? Firma ne kadar s\u00fcredir bu i\u015fi yap\u0131yor?<strong> 3 y\u0131l<\/strong> sonra,<strong> 5 y\u0131l<\/strong> sonra ya da <strong>10 y\u0131l sonra<\/strong> bu firma kar\u015f\u0131n\u0131zda olacak m\u0131? \u00c7\u00fcnk\u00fc sahalara bak\u0131ld\u0131\u011f\u0131nda kimse <strong>1-2 y\u0131ll\u0131k yat\u0131r\u0131mlar<\/strong> yapm\u0131yor. <strong>20<\/strong> y\u0131ll\u0131k, <strong>25<\/strong> y\u0131ll\u0131k yat\u0131r\u0131mlardan bahsediyoruz. Dolay\u0131s\u0131yla da bu \u00fcr\u00fcnlerin yat\u0131r\u0131m yap\u0131lan alanda, uzun y\u0131llarca sorunsuz olarak \u00e7al\u0131\u015fabilmesi yat\u0131r\u0131mc\u0131lar a\u00e7\u0131s\u0131ndan \u00e7ok \u00f6nemli. Dikkat edilmesi gereken en \u00f6nemli hususlardan biri de bu olmas\u0131 gerekir diye d\u00fc\u015f\u00fcn\u00fcyorum.\u201d<\/em> ifadelerini kulland\u0131.<\/p>\n<h3><strong>T\u00fcrkiye S\u0131n\u0131rlar\u0131n\u0131n \u00d6tesinde \u00dcretim Anlay\u0131\u015f\u0131 Sekt\u00f6r\u00fcn Liderlerinden Ba\u015fo\u011flu Kablo<\/strong><\/h3>\n<p>1980 y\u0131l\u0131ndan beri faaliyet g\u00f6steren <strong>Ba\u015fo\u011flu Kablo<\/strong> \u00f6zellikle <strong>\u0131s\u0131<\/strong> ve <strong>alev<\/strong> alt\u0131nda <strong>180 dakikaya<\/strong> kadar damlama yapmaks\u0131z\u0131n \u00e7al\u0131\u015fan kablosunun da dahil oldu\u011fu <strong>kablo gruplar\u0131, enjeksiyon, kompresyon kal\u0131plama, conta gruplama, kablo gruplama<\/strong> ve<strong> silikon komponent \u00fcr\u00fcn gruplar\u0131<\/strong>ndaki ba\u015far\u0131s\u0131 ve T\u00fcrkiye s\u0131n\u0131rlar\u0131n\u0131n \u00f6tesinde \u00fcretim anlay\u0131\u015f\u0131 ile sekt\u00f6r\u00fcn lider \u00fcretici firmalar\u0131ndand\u0131r.<\/p>\n<p>D\u00fcnyan\u0131n \u00f6nde gelen projelerinde yer alan ve d\u00f6rt bir yan\u0131na ihracat yapan firman\u0131n \u00e7al\u0131\u015ft\u0131\u011f\u0131 ba\u015fl\u0131ca \u00fclkeler; <strong>Almanya, Fransa, \u00c7in, \u0130ngiltere, \u0130talya, G\u00fcney Afrika, Portekiz, Rusya, Birle\u015fik Arap Emirlikleri, \u0130rlanda, \u0130spanya, \u0130sve\u00e7, \u0130svi\u00e7re, Avusturya, Bulgaristan, \u015eili, \u00c7ek Cumhuriyeti, M\u0131s\u0131r, Yunanistan, Macaristan, Marshall Adas\u0131, Hollanda, Polonya, Romanya, Slovenya, Azerbaycan, L\u00fcbnan, Suudi Arabistan, Tayvan, Cezayir <\/strong>ve <strong>Tunus<\/strong>\u2019tur.<\/p>\n<p>Alan\u0131nda ilklerin \u00f6nc\u00fcl\u00fc\u011f\u00fcn\u00fc yapan Ba\u015fo\u011flu Kablo,<strong> Amerikan UL<\/strong> onayl\u0131 silikon ve <strong>PVC kablo imalat\u0131<\/strong>n\u0131 yapan ilk firmad\u0131r. Ayr\u0131ca <strong>SIMH-O<sup>TM<\/sup><\/strong> markas\u0131yla, <strong>Silikon Yang\u0131n G\u00fcvenlik Kablosu<\/strong>\u2019nu bilgi birikimi ve tecr\u00fcbesiyle \u00fclkemizde ger\u00e7ek anlamda \u00fcretebilen lider firma konumundad\u0131r. G\u00fcne\u015f enerjisi sistemlerinde kullan\u0131lan <strong>\u201cFotovoltaik (Photovoltaic)\u201d<\/strong> kablo \u00fcretimine <strong>\u201cBA\u015eO\u011eLU SOLARA<sup>TM<\/sup>\u201d<\/strong> markas\u0131 alt\u0131nda ba\u015flam\u0131\u015f ve \u00fcr\u00fcnlerini T\u00fcrkiye\u2019de bir ilk olarak <strong>T\u00dcV<\/strong> ve <strong>UL sertifikas\u0131<\/strong> ile belgelendirmi\u015ftir.<\/p>\n<p>Ba\u015fo\u011flu Kablo, <strong>silikon \u00fcretim tecr\u00fcbesi<\/strong>ni <strong>Ar-Ge \u00e7al\u0131\u015fmalar\u0131yla<\/strong> geli\u015ftiren ve T\u00fcrkiye\u2019de ilk kez gemi in\u015fa sekt\u00f6r\u00fcne <strong>silikon kablo \u00fcretimini<\/strong> <em>T\u00fcrk Loydu Belgesi<\/em> ile yapan tek firmad\u0131r.<\/p>","protected":false},"excerpt":{"rendered":"<p>Sorry, this entry is only available in Turkish. For the sake of viewer convenience, the content is shown below in the alternative language. You may click the link to switch the active language. Ba\u015fo\u011flu Kablo Sat\u0131\u015f ve Pazarlama M\u00fcd\u00fcr\u00fc Mutlu K\u0131nd\u0131ro\u011flu,\u00a0 fotovoltaik kablolar\u0131n \u00fcretimini de ger\u00e7ekle\u015ftirdiklerine de\u011finerek G\u00fcne\u015f enerjisi sistemlerinde kablolar\u0131n \u00f6nemine v\u00fccudumuzdaki damarlara benzeterek; [&hellip;]<\/p>\n","protected":false},"author":1,"featured_media":159281,"comment_status":"open","ping_status":"open","sticky":false,"template":"","format":"standard","meta":[],"categories":[51,53,49],"tags":[104863,6907,104860,79453,104865,104864,104862,104861],"views":312,"_links":{"self":[{"href":"https:\/\/www.enerjigazetesi.ist\/en\/wp-json\/wp\/v2\/posts\/159278"}],"collection":[{"href":"https:\/\/www.enerjigazetesi.ist\/en\/wp-json\/wp\/v2\/posts"}],"about":[{"href":"https:\/\/www.enerjigazetesi.ist\/en\/wp-json\/wp\/v2\/types\/post"}],"author":[{"embeddable":true,"href":"https:\/\/www.enerjigazetesi.ist\/en\/wp-json\/wp\/v2\/users\/1"}],"replies":[{"embeddable":true,"href":"https:\/\/www.enerjigazetesi.ist\/en\/wp-json\/wp\/v2\/comments?post=159278"}],"version-history":[{"count":0,"href":"https:\/\/www.enerjigazetesi.ist\/en\/wp-json\/wp\/v2\/posts\/159278\/revisions"}],"wp:featuredmedia":[{"embeddable":true,"href":"https:\/\/www.enerjigazetesi.ist\/en\/wp-json\/wp\/v2\/media\/159281"}],"wp:attachment":[{"href":"https:\/\/www.enerjigazetesi.ist\/en\/wp-json\/wp\/v2\/media?parent=159278"}],"wp:term":[{"taxonomy":"category","embeddable":true,"href":"https:\/\/www.enerjigazetesi.ist\/en\/wp-json\/wp\/v2\/categories?post=159278"},{"taxonomy":"post_tag","embeddable":true,"href":"https:\/\/www.enerjigazetesi.ist\/en\/wp-json\/wp\/v2\/tags?post=159278"}],"curies":[{"name":"wp","href":"https:\/\/api.w.org\/{rel}","templated":true}]}}