{"id":159137,"date":"2022-07-14T17:33:53","date_gmt":"2022-07-14T14:33:53","guid":{"rendered":"https:\/\/www.enerjigazetesi.ist\/?p=159137"},"modified":"2022-07-14T17:34:13","modified_gmt":"2022-07-14T14:34:13","slug":"daha-guclu-turkiye-icin-kenetlenerek-calisacagiz","status":"publish","type":"post","link":"https:\/\/www.enerjigazetesi.ist\/en\/daha-guclu-turkiye-icin-kenetlenerek-calisacagiz\/","title":{"rendered":"(Turkish) &#8221;Daha G\u00fc\u00e7l\u00fc T\u00fcrkiye \u0130\u00e7in Kenetlenerek \u00c7al\u0131\u015faca\u011f\u0131z&#8221;"},"content":{"rendered":"<p class=\"qtranxs-available-languages-message qtranxs-available-languages-message-en\">Sorry, this entry is only available in <a href=\"https:\/\/www.enerjigazetesi.ist\/tr\/wp-json\/wp\/v2\/posts\/159137\" class=\"qtranxs-available-language-link qtranxs-available-language-link-tr\" title=\"Turkish\">Turkish<\/a>. For the sake of viewer convenience, the content is shown below in the alternative language. You may click the link to switch the active language.<\/p><p><\/p>\n<h2>T\u00fcrkiye \u0130MSAD (T\u00fcrkiye \u0130n\u015faat Malzemesi Sanayicileri Derne\u011fi), \u201815 Temmuz Demokrasi ve Milli Birlik G\u00fcn\u00fc\u2019 <img loading=\"lazy\" class=\"alignright wp-image-159139\" src=\"https:\/\/www.enerjigazetesi.ist\/wp-content\/uploads\/2022\/07\/Turkiye-imsad-tayfun-kucukoglu.jpg\" alt=\"\" width=\"320\" height=\"257\" srcset=\"https:\/\/www.enerjigazetesi.ist\/wp-content\/uploads\/2022\/07\/Turkiye-imsad-tayfun-kucukoglu.jpg 550w, https:\/\/www.enerjigazetesi.ist\/wp-content\/uploads\/2022\/07\/Turkiye-imsad-tayfun-kucukoglu-300x241.jpg 300w, https:\/\/www.enerjigazetesi.ist\/wp-content\/uploads\/2022\/07\/Turkiye-imsad-tayfun-kucukoglu-498x400.jpg 498w, https:\/\/www.enerjigazetesi.ist\/wp-content\/uploads\/2022\/07\/Turkiye-imsad-tayfun-kucukoglu-62x50.jpg 62w, https:\/\/www.enerjigazetesi.ist\/wp-content\/uploads\/2022\/07\/Turkiye-imsad-tayfun-kucukoglu-500x402.jpg 500w\" sizes=\"(max-width: 320px) 100vw, 320px\" \/>dolay\u0131s\u0131yla bir a\u00e7\u0131klama yapt\u0131. 15 Temmuz\u2019un yak\u0131n tarihin d\u00f6n\u00fcm noktalar\u0131ndan biri oldu\u011funun alt\u0131n\u0131 \u00e7izdi.<\/h2>\n<p><em> T\u00fcrkiye \u0130MSAD Y\u00f6netim Kurulu Ba\u015fkan\u0131<\/em> <strong>Tayfun K\u00fc\u00e7\u00fcko\u011flu<\/strong> <span style=\"text-decoration: underline;\">\u015funlar\u0131 s\u00f6yledi:<\/span><em> \u201c<strong>15 Temmuz<\/strong>\u2019un <strong>6.\u0131nc\u0131 y\u0131l d\u00f6n\u00fcm\u00fc<\/strong>nde, <strong>darbe giri\u015fimine kar\u015f\u0131 m\u00fccadele<\/strong> verirken ya\u015fam\u0131n\u0131 yitiren <strong>demokrasi \u015fehitlerimizi<\/strong> bir kez daha<strong> sayg\u0131<\/strong> ve<strong> rahmetle<\/strong> an\u0131yor,<strong> kahraman gazilerimize minnet<\/strong> ve <strong>\u015f\u00fckranlar\u0131m\u0131z\u0131<\/strong> sunuyoruz. \u00dclkemizin b\u00fct\u00fcn kesimlerinin <strong>cumhuriyetimizi, demokrasimizi<\/strong> savundu\u011fu <strong>15 Temmuz<\/strong>,<strong> birlik<\/strong> ve<strong> beraberli\u011fin<\/strong> de\u011ferini hepimize bir kez daha derinden hissettirdi.<strong> Demokrasi m\u00fccadelesinden g\u00fc\u00e7lenerek<\/strong> \u00e7\u0131kan toplum olarak, bundan sonra da her t\u00fcrl\u00fc engeli <strong>el ele vererek<\/strong> a\u015faca\u011f\u0131na inanc\u0131m\u0131z tamd\u0131r. Her alanda <strong>kararl\u0131, sab\u0131rl\u0131<\/strong> ve<strong> disiplinli<\/strong> bir \u015fekilde \u00e7al\u0131\u015farak <strong>daha ileri gitmek<\/strong> ve<strong> \u00e7a\u011fda\u015fl\u0131k yolunda ilerlemek<\/strong> hepimizin g\u00f6revidir. Daha <strong>g\u00fc\u00e7l\u00fc<\/strong> ve <strong>geli\u015fmi\u015f<\/strong> bir <strong>T\u00fcrkiye i\u00e7in kenetlenerek<\/strong> de\u011fer yaratmaya devam etmeliyiz.\u201d<\/em><\/p>","protected":false},"excerpt":{"rendered":"<p>Sorry, this entry is only available in Turkish. For the sake of viewer convenience, the content is shown below in the alternative language. You may click the link to switch the active language. T\u00fcrkiye \u0130MSAD (T\u00fcrkiye \u0130n\u015faat Malzemesi Sanayicileri Derne\u011fi), \u201815 Temmuz Demokrasi ve Milli Birlik G\u00fcn\u00fc\u2019 dolay\u0131s\u0131yla bir a\u00e7\u0131klama yapt\u0131. 15 Temmuz\u2019un yak\u0131n tarihin [&hellip;]<\/p>\n","protected":false},"author":1,"featured_media":159141,"comment_status":"open","ping_status":"open","sticky":false,"template":"","format":"standard","meta":[],"categories":[53],"tags":[32643,104793,88541,25553],"views":90,"_links":{"self":[{"href":"https:\/\/www.enerjigazetesi.ist\/en\/wp-json\/wp\/v2\/posts\/159137"}],"collection":[{"href":"https:\/\/www.enerjigazetesi.ist\/en\/wp-json\/wp\/v2\/posts"}],"about":[{"href":"https:\/\/www.enerjigazetesi.ist\/en\/wp-json\/wp\/v2\/types\/post"}],"author":[{"embeddable":true,"href":"https:\/\/www.enerjigazetesi.ist\/en\/wp-json\/wp\/v2\/users\/1"}],"replies":[{"embeddable":true,"href":"https:\/\/www.enerjigazetesi.ist\/en\/wp-json\/wp\/v2\/comments?post=159137"}],"version-history":[{"count":0,"href":"https:\/\/www.enerjigazetesi.ist\/en\/wp-json\/wp\/v2\/posts\/159137\/revisions"}],"wp:featuredmedia":[{"embeddable":true,"href":"https:\/\/www.enerjigazetesi.ist\/en\/wp-json\/wp\/v2\/media\/159141"}],"wp:attachment":[{"href":"https:\/\/www.enerjigazetesi.ist\/en\/wp-json\/wp\/v2\/media?parent=159137"}],"wp:term":[{"taxonomy":"category","embeddable":true,"href":"https:\/\/www.enerjigazetesi.ist\/en\/wp-json\/wp\/v2\/categories?post=159137"},{"taxonomy":"post_tag","embeddable":true,"href":"https:\/\/www.enerjigazetesi.ist\/en\/wp-json\/wp\/v2\/tags?post=159137"}],"curies":[{"name":"wp","href":"https:\/\/api.w.org\/{rel}","templated":true}]}}