{"id":159123,"date":"2022-07-14T16:07:10","date_gmt":"2022-07-14T13:07:10","guid":{"rendered":"https:\/\/www.enerjigazetesi.ist\/?p=159123"},"modified":"2022-07-14T16:07:10","modified_gmt":"2022-07-14T13:07:10","slug":"bulut-bilisim-kullananlar-yuzde-84-az-enerji-tuketerek-emizyonunu-yuzde-88-azaltiyor","status":"publish","type":"post","link":"https:\/\/www.enerjigazetesi.ist\/en\/bulut-bilisim-kullananlar-yuzde-84-az-enerji-tuketerek-emizyonunu-yuzde-88-azaltiyor\/","title":{"rendered":"(Turkish) Bulut Bili\u015fim Kullananlar % 84 Az Enerji T\u00fcketerek Emisyonunu %88 Azalt\u0131yor"},"content":{"rendered":"<p class=\"qtranxs-available-languages-message qtranxs-available-languages-message-en\">Sorry, this entry is only available in <a href=\"https:\/\/www.enerjigazetesi.ist\/tr\/wp-json\/wp\/v2\/posts\/159123\" class=\"qtranxs-available-language-link qtranxs-available-language-link-tr\" title=\"Turkish\">Turkish<\/a>. For the sake of viewer convenience, the content is shown below in the alternative language. You may click the link to switch the active language.<\/p><p><\/p>\n<h2><strong>G\u00fcn\u00fcm\u00fcz\u00fcn ye\u015fil bir d\u00f6neme ihtiyac\u0131 hi\u00e7 olmad\u0131\u011f\u0131 kadar \u00f6nemli bir hal al\u0131rken bulut tabanl\u0131 teknolojiler, karbon emisyonunun \u00f6n\u00fcne ge\u00e7me konusunda b\u00fcy\u00fck katk\u0131 sa\u011fl\u0131yor.<\/strong><\/h2>\n<p>Bulut bili\u015fimin son y\u0131llarda \u00fcn\u00fcn\u00fc giderek art\u0131rd\u0131\u011f\u0131n\u0131n alt\u0131n\u0131 \u00e7izen <strong>D\u0130A Yaz\u0131l\u0131m Genel M\u00fcd\u00fcr\u00fc Suha <img loading=\"lazy\" class=\"alignright wp-image-159127\" src=\"https:\/\/www.enerjigazetesi.ist\/wp-content\/uploads\/2022\/07\/Suha-Onay-DIA-Yazilim.jpg\" alt=\"\" width=\"320\" height=\"214\" srcset=\"https:\/\/www.enerjigazetesi.ist\/wp-content\/uploads\/2022\/07\/Suha-Onay-DIA-Yazilim.jpg 550w, https:\/\/www.enerjigazetesi.ist\/wp-content\/uploads\/2022\/07\/Suha-Onay-DIA-Yazilim-300x200.jpg 300w, https:\/\/www.enerjigazetesi.ist\/wp-content\/uploads\/2022\/07\/Suha-Onay-DIA-Yazilim-500x334.jpg 500w, https:\/\/www.enerjigazetesi.ist\/wp-content\/uploads\/2022\/07\/Suha-Onay-DIA-Yazilim-75x50.jpg 75w, https:\/\/www.enerjigazetesi.ist\/wp-content\/uploads\/2022\/07\/Suha-Onay-DIA-Yazilim-450x300.jpg 450w\" sizes=\"(max-width: 320px) 100vw, 320px\" \/>Onay<\/strong>, <em>\u201cBulut tabanl\u0131 hizmet sa\u011flay\u0131c\u0131lar\u0131n\u0131n \u00e7ok b\u00fcy\u00fck bir b\u00f6l\u00fcm\u00fc<strong> yenilenebilir enerji kaynaklar\u0131ndan<\/strong> faydalan\u0131yor. \u015eirketler <strong>bulut tabanl\u0131 teknolojilere ge\u00e7i\u015f<\/strong> yaparak, <strong>esneklik, \u00f6l\u00e7eklenebilirlik<\/strong> ve <strong>tasarruf<\/strong> elde edebileceklerini \u00f6\u011frendiler. Fakat <strong>bulut bili\u015fim<\/strong> sadece \u015firketlere de\u011fil, <strong>\u00e7evreye de<\/strong> b\u00fcy\u00fck fayda sa\u011fl\u0131yor. <strong>Veri y\u00f6netimini<\/strong> kendi <strong>b\u00fcnyesindeki sunucularda<\/strong> yapan \u015firketler ise, ne yaz\u0131k ki <strong>karbon emisyonunu<\/strong> b\u00fcy\u00fck \u00f6l\u00e7\u00fcde art\u0131r\u0131yorlar\u201d<\/em> dedi.<\/p>\n<p>Bulut teknolojisinin daha az karbon emisyonunun bir sonucu olarak iklim krizinin de b\u00fcy\u00fck oranda \u00f6n\u00fcne ge\u00e7ti\u011fini belirten <strong>Onay,<\/strong> <em>\u201cFirmalar bulut bili\u015fime ge\u00e7i\u015f yaparak <strong>% 77<\/strong> daha az sunucu giderine ve <strong>% 84<\/strong> daha az enerji t\u00fcketimine sahip olurken, \u015firket baz\u0131nda ortaya \u00e7\u0131kan<strong> karbon emisyonunu da<\/strong> <strong>%<\/strong> <strong>88<\/strong> oran\u0131nda azaltabilir. Bulut teknolojisinin en \u00f6nemli \u00f6zellikleri aras\u0131nda, daha <strong>iyi bir altyap\u0131 sunmas\u0131, \u00f6l\u00e7eklenebilir olmas\u0131, donan\u0131m yenileme h\u0131z\u0131<\/strong> ve daha<strong> az elektrik kullan\u0131m\u0131<\/strong> bulunuyor. <strong>D\u0130A Yaz\u0131l\u0131m<\/strong> olarak, firmalara <strong>enerji t\u00fcketimi<\/strong>nden b\u00fcy\u00fck oranda <strong>tasarruf etmelerini sa\u011flamaya<\/strong> devam ediyoruz. D\u0130A\u2019n\u0131n bulut tabanl\u0131 <strong>ERP program\u0131n\u0131<\/strong> tercih eden firmalar, <strong>e-fatura<\/strong> gibi \u00f6zelliklerden faydalanarak, <strong>ka\u011f\u0131t t\u00fcketiminin de<\/strong> b\u00fcy\u00fck \u00f6l\u00e7\u00fcde \u00f6n\u00fcne ge\u00e7meyi ba\u015far\u0131yorlar\u201d<\/em> \u015feklinde konu\u015ftu.<\/p>","protected":false},"excerpt":{"rendered":"<p>Sorry, this entry is only available in Turkish. For the sake of viewer convenience, the content is shown below in the alternative language. You may click the link to switch the active language. G\u00fcn\u00fcm\u00fcz\u00fcn ye\u015fil bir d\u00f6neme ihtiyac\u0131 hi\u00e7 olmad\u0131\u011f\u0131 kadar \u00f6nemli bir hal al\u0131rken bulut tabanl\u0131 teknolojiler, karbon emisyonunun \u00f6n\u00fcne ge\u00e7me konusunda b\u00fcy\u00fck katk\u0131 [&hellip;]<\/p>\n","protected":false},"author":1,"featured_media":159128,"comment_status":"open","ping_status":"open","sticky":false,"template":"","format":"standard","meta":[],"categories":[53,52,157],"tags":[104790,29800,104787,104789,104788,3344,42274,65918],"views":163,"_links":{"self":[{"href":"https:\/\/www.enerjigazetesi.ist\/en\/wp-json\/wp\/v2\/posts\/159123"}],"collection":[{"href":"https:\/\/www.enerjigazetesi.ist\/en\/wp-json\/wp\/v2\/posts"}],"about":[{"href":"https:\/\/www.enerjigazetesi.ist\/en\/wp-json\/wp\/v2\/types\/post"}],"author":[{"embeddable":true,"href":"https:\/\/www.enerjigazetesi.ist\/en\/wp-json\/wp\/v2\/users\/1"}],"replies":[{"embeddable":true,"href":"https:\/\/www.enerjigazetesi.ist\/en\/wp-json\/wp\/v2\/comments?post=159123"}],"version-history":[{"count":1,"href":"https:\/\/www.enerjigazetesi.ist\/en\/wp-json\/wp\/v2\/posts\/159123\/revisions"}],"predecessor-version":[{"id":159124,"href":"https:\/\/www.enerjigazetesi.ist\/en\/wp-json\/wp\/v2\/posts\/159123\/revisions\/159124"}],"wp:featuredmedia":[{"embeddable":true,"href":"https:\/\/www.enerjigazetesi.ist\/en\/wp-json\/wp\/v2\/media\/159128"}],"wp:attachment":[{"href":"https:\/\/www.enerjigazetesi.ist\/en\/wp-json\/wp\/v2\/media?parent=159123"}],"wp:term":[{"taxonomy":"category","embeddable":true,"href":"https:\/\/www.enerjigazetesi.ist\/en\/wp-json\/wp\/v2\/categories?post=159123"},{"taxonomy":"post_tag","embeddable":true,"href":"https:\/\/www.enerjigazetesi.ist\/en\/wp-json\/wp\/v2\/tags?post=159123"}],"curies":[{"name":"wp","href":"https:\/\/api.w.org\/{rel}","templated":true}]}}